{"id":132,"date":"2024-02-27T14:35:58","date_gmt":"2024-02-27T13:35:58","guid":{"rendered":"http:\/\/es.rops-opole.pl\/?p=132"},"modified":"2024-09-17T23:12:54","modified_gmt":"2024-09-17T21:12:54","slug":"132","status":"publish","type":"post","link":"https:\/\/es.rops-opole.pl\/?p=132","title":{"rendered":"SPOTKANIA POWIATOWE Z ZAKRESU DEINSTYTUCJONALIZACJI US\u0141UG SPO\u0141ECZNYCH"},"content":{"rendered":"\n<hr class=\"wp-block-separator has-alpha-channel-opacity\">\n\n\n\n<hr class=\"wp-block-separator has-alpha-channel-opacity\">\n\n\n\n<h3 class=\"wp-block-heading\"><strong>Serdecznie zapraszamy <\/strong><\/h3>\n\n\n\n<p><br>\u2013 pracownik\u00f3w jednostek pomocy spo\u0142ecznej, <br>\u2013 przedstawicieli podmiot\u00f3w ekonomii spo\u0142ecznej, w tym organizacji pozarz\u0105dowych, <br>\u2013 przedstawicieli jednostek samorz\u0105d\u00f3w terytorialnych <br>\u2013 wszystkie osoby zainteresowane tematem,<br><br>do udzia\u0142u w spotkaniach upowszechniaj\u0105cych wiedz\u0119 na temat\u00a0<strong>deinstytucjonalizacji us\u0142ug spo\u0142ecznych<\/strong>.<\/p>\n\n\n\n<p>Celem spotka\u0144 b\u0119dzie przybli\u017cenie tematu zwi\u0105zanego z rozwojem us\u0142ug spo\u0142ecznych oraz nawi\u0105zanie wsp\u00f3\u0142pracy mi\u0119dzysektorowej w celu usprawnienia ca\u0142ego procesu.<\/p>\n\n\n\n<p>Spotkania prowadzone b\u0119d\u0105 przez ekspert\u00f3w w dziedzinie deinstytucjonalizacji na terenie ka\u017cdego powiatu po\u0142o\u017conego w wojew\u00f3dztwie opolskim.<\/p>\n\n\n\n<p>Udzia\u0142 w spotkaniu jest bezp\u0142atny, uczestnicy b\u0119d\u0105 mieli zapewnione materia\u0142y szkoleniowe oraz catering.<br><br>Warunkiem uczestnictwa jest wype\u0142nienie <a href=\"http:\/\/es.rops-opole.pl\/?p=181\" data-type=\"link\" data-id=\"http:\/\/es.rops-opole.pl\/?p=181\"><strong>DEKLARACJI UCZESTNICTWA<\/strong> <\/a>i przekazanie jej do ROPS w Opolu (skan przes\u0142any na e-mail osoby do kontaktu \u2013 nie p\u00f3\u017aniej ni\u017c 5 dni przed planowan\u0105 dat\u0105 spotkania + orygina\u0142 dostarczony do siedziby ROPS w Opolu najp\u00f3\u017aniej w dniu spotkania).<br><br>Spotkania odbywa\u0107 si\u0119 b\u0119d\u0105 w godzinach <strong>9:30-15:30.<\/strong> <br><br>Po zako\u0144czonym spotkaniu uczestnik drog\u0105 e-mail otrzyma za\u015bwiadczenie.  <\/p>\n\n\n\n<hr class=\"wp-block-separator has-alpha-channel-opacity\">\n\n\n\n<h3 class=\"wp-block-heading\">HARMONOGRAM SPOTKA\u0143<\/h3>\n\n\n\n<hr class=\"wp-block-separator has-alpha-channel-opacity\">\n\n\n\n<div class=\"wp-block-columns is-layout-flex wp-container-core-columns-is-layout-9d6595d7 wp-block-columns-is-layout-flex\">\n<div class=\"wp-block-column is-layout-flow wp-block-column-is-layout-flow\" style=\"flex-basis:100%\">\n<figure class=\"wp-block-table\">\n<table style=\"height: 1156px; width: 100%; background-color: #edf7f6;\">\n<thead>\n<tr style=\"height: 46px;\">\n<th class=\"has-text-align-center\" style=\"height: 46px; width: 6.42857%;\" data-align=\"center\"><strong>LP<\/strong><\/th>\n<th class=\"has-text-align-center\" style=\"height: 46px; width: 13.5713%;\" data-align=\"center\"><strong>DATA<\/strong><\/th>\n<th class=\"has-text-align-center\" style=\"height: 46px; width: 15.3573%;\" data-align=\"center\"><strong>POWIAT<\/strong><\/th>\n<th class=\"has-text-align-center\" style=\"height: 46px; width: 33.2143%;\" data-align=\"center\"><strong>MIEJSCE<\/strong><\/th>\n<th class=\"has-text-align-center\" style=\"height: 46px; width: 31.3095%;\" data-align=\"center\"><strong>OSOBA DO KONTAKTU<\/strong><\/th>\n<\/tr>\n<\/thead>\n<tbody>\n<tr style=\"height: 123px;\">\n<td class=\"has-text-align-center\" style=\"height: 123px; width: 6.42857%;\" data-align=\"center\">1<\/td>\n<td class=\"has-text-align-center\" style=\"height: 123px; width: 13.5713%;\" data-align=\"center\">12.03.2024<\/td>\n<td class=\"has-text-align-center\" style=\"height: 123px; width: 15.3573%;\" data-align=\"center\">kluczborski<\/td>\n<td class=\"has-text-align-center\" style=\"height: 123px; width: 33.2143%;\" data-align=\"center\">Centrum Kultury<br>w Kluczborku<br>ul. Mickiewicza 5<br>\u00a046-200 Kluczbork<\/td>\n<td class=\"has-text-align-center\" style=\"height: 123px; width: 31.3095%;\" data-align=\"center\"><strong>Katarzyna Nied\u017awied\u017a<\/strong><br>tel.: +48 77 45 65 888<\/td>\n<\/tr>\n<tr style=\"height: 93px;\">\n<td class=\"has-text-align-center\" style=\"height: 93px; width: 6.42857%;\" data-align=\"center\">2<\/td>\n<td class=\"has-text-align-center\" style=\"height: 93px; width: 13.5713%;\" data-align=\"center\">13.03.2024<\/td>\n<td class=\"has-text-align-center\" style=\"height: 93px; width: 15.3573%;\" data-align=\"center\">oleski<\/td>\n<td class=\"has-text-align-center\" style=\"height: 93px; width: 33.2143%;\" data-align=\"center\">Miejski Dom Kultury<br>w Ole\u015bnie<br>ul. Wielkie Przedmie\u015bcie 31<br>46-300 Olesno<\/td>\n<td class=\"has-text-align-center\" style=\"height: 93px; width: 31.3095%;\" data-align=\"center\">tel.: +48 77 45 65 889<\/td>\n<\/tr>\n<tr style=\"height: 93px;\">\n<td class=\"has-text-align-center\" style=\"height: 93px; width: 6.42857%;\" data-align=\"center\">3<\/td>\n<td class=\"has-text-align-center\" style=\"height: 93px; width: 13.5713%;\" data-align=\"center\">14.03.2024<\/td>\n<td class=\"has-text-align-center\" style=\"height: 93px; width: 15.3573%;\" data-align=\"center\">namys\u0142owski<\/td>\n<td class=\"has-text-align-center\" style=\"height: 93px; width: 33.2143%;\" data-align=\"center\">Izba Regionalna<br>w Namys\u0142owie<br>ul. Szkolna 2<br>\u00a046-100 Namys\u0142\u00f3w<\/td>\n<td class=\"has-text-align-center\" style=\"height: 93px; width: 31.3095%;\" data-align=\"center\"><strong>Katarzyna Nied\u017awied\u017a<\/strong><br>tel.: +48 77 45 65 888<\/td>\n<\/tr>\n<tr style=\"height: 93px;\">\n<td class=\"has-text-align-center\" style=\"height: 93px; width: 6.42857%;\" data-align=\"center\">4<\/td>\n<td class=\"has-text-align-center\" style=\"height: 93px; width: 13.5713%;\" data-align=\"center\">19.03.2024<\/td>\n<td class=\"has-text-align-center\" style=\"height: 93px; width: 15.3573%;\" data-align=\"center\">g\u0142ubczycki<\/td>\n<td class=\"has-text-align-center\" style=\"height: 93px; width: 33.2143%;\" data-align=\"center\">Dworek Peszk\u00f3w<br>w G\u0142ubczycach<br>ul. Parkowa 4<br>48-100 G\u0142ubczyce<\/td>\n<td class=\"has-text-align-center\" style=\"height: 93px; width: 31.3095%;\" data-align=\"center\"><strong>Katarzyna Nied\u017awied\u017a<\/strong><br>tel.: +48 77 45 65 888<br><br><\/td>\n<\/tr>\n<tr style=\"height: 93px;\">\n<td class=\"has-text-align-center\" style=\"height: 93px; width: 6.42857%;\" data-align=\"center\">5<\/td>\n<td class=\"has-text-align-center\" style=\"height: 93px; width: 13.5713%;\" data-align=\"center\">20.03.2024<\/td>\n<td class=\"has-text-align-center\" style=\"height: 93px; width: 15.3573%;\" data-align=\"center\">k\u0119dzierzy\u0144sko-kozielski<\/td>\n<td class=\"has-text-align-center\" style=\"height: 93px; width: 33.2143%;\" data-align=\"center\">Miejski O\u015brodek Kultury<br>w K\u0119dzierzynie Ko\u017alu<br>ul. Skarbowa 10<br>47-232 K\u0119dzierzyn-Ko\u017ale<\/td>\n<td class=\"has-text-align-center\" style=\"height: 93px; width: 31.3095%;\" data-align=\"center\">tel.: +48 77 45 65 889<\/td>\n<\/tr>\n<tr style=\"height: 93px;\">\n<td class=\"has-text-align-center\" style=\"height: 93px; width: 6.42857%;\" data-align=\"center\">6<\/td>\n<td class=\"has-text-align-center\" style=\"height: 93px; width: 13.5713%;\" data-align=\"center\">21.03.2024<\/td>\n<td class=\"has-text-align-center\" style=\"height: 93px; width: 15.3573%;\" data-align=\"center\">strzelecki<\/td>\n<td class=\"has-text-align-center\" style=\"height: 93px; width: 33.2143%;\" data-align=\"center\">Strzelecka Sp\u00f3\u0142dzielnia<br>w Strzelcach Opolskich<br>ul. Wyszy\u0144skiego 10<br>\u00a047-100 Strzelce Opolskie<\/td>\n<td class=\"has-text-align-center\" style=\"height: 93px; width: 31.3095%;\" data-align=\"center\"><strong>Katarzyna Nied\u017awied\u017a<\/strong><br>tel.: +48 77 45 65 888<\/td>\n<\/tr>\n<tr style=\"height: 93px;\">\n<td class=\"has-text-align-center\" style=\"height: 93px; width: 6.42857%;\" data-align=\"center\">7<\/td>\n<td class=\"has-text-align-center\" style=\"height: 93px; width: 13.5713%;\" data-align=\"center\">26.03.2024<\/td>\n<td class=\"has-text-align-center\" style=\"height: 93px; width: 15.3573%;\" data-align=\"center\">krapkowicki<\/td>\n<td class=\"has-text-align-center\" style=\"height: 93px; width: 33.2143%;\" data-align=\"center\">Miejska i Gminna Biblioteka Publiczna<br>w Krapkowicach<br>ul. Mickiewicza 2<br>47-303 Krapkowice<\/td>\n<td class=\"has-text-align-center\" style=\"height: 93px; width: 31.3095%;\" data-align=\"center\">tel.: +48 77 45 65 889<\/td>\n<\/tr>\n<tr style=\"height: 70px;\">\n<td class=\"has-text-align-center\" style=\"height: 70px; width: 6.42857%;\" data-align=\"center\">8<\/td>\n<td class=\"has-text-align-center\" style=\"height: 70px; width: 13.5713%;\" data-align=\"center\">4.04.2024<\/td>\n<td class=\"has-text-align-center\" style=\"height: 70px; width: 15.3573%;\" data-align=\"center\">Miasto Opole<\/td>\n<td class=\"has-text-align-center\" style=\"height: 70px; width: 33.2143%;\" data-align=\"center\">Miejska Biblioteka Publiczna w Opolu<br>ul. Minoryt\u00f3w 4<br>45-017 Opole<\/td>\n<td class=\"has-text-align-center\" style=\"height: 70px; width: 31.3095%;\" data-align=\"center\">tel.: +48 77 45 65 889<\/td>\n<\/tr>\n<tr style=\"height: 93px;\">\n<td class=\"has-text-align-center\" style=\"height: 93px; width: 6.42857%;\" data-align=\"center\">9<\/td>\n<td class=\"has-text-align-center\" style=\"height: 93px; width: 13.5713%;\" data-align=\"center\">9.04.2024<\/td>\n<td class=\"has-text-align-center\" style=\"height: 93px; width: 15.3573%;\" data-align=\"center\">brzeski<\/td>\n<td class=\"has-text-align-center\" style=\"height: 93px; width: 33.2143%;\" data-align=\"center\">Starostwo Powiatowe<br>w Brzegu<br>ul. Kardyna\u0142a Wyszy\u0144skiego 23<br>29-300 Brzeg<\/td>\n<td class=\"has-text-align-center\" style=\"height: 93px; width: 31.3095%;\" data-align=\"center\">tel.: +48 77 45 65 889<\/td>\n<\/tr>\n<tr style=\"height: 93px;\">\n<td class=\"has-text-align-center\" style=\"height: 93px; width: 6.42857%;\" data-align=\"center\">10<\/td>\n<td class=\"has-text-align-center\" style=\"height: 93px; width: 13.5713%;\" data-align=\"center\">10 .04.2024<\/td>\n<td class=\"has-text-align-center\" style=\"height: 93px; width: 15.3573%;\" data-align=\"center\">opolski<\/td>\n<td class=\"has-text-align-center\" style=\"height: 93px; width: 33.2143%;\" data-align=\"center\">Gminny O\u015brodek Kultury<br>w Dobrzeniu Wielkim<br>ul. Namys\u0142owska 20<br>46-081 Dobrze\u0144 Wielki<\/td>\n<td class=\"has-text-align-center\" style=\"height: 93px; width: 31.3095%;\" data-align=\"center\"><strong>Katarzyna Nied\u017awied\u017a<\/strong><br>tel.: +48 77 45 65 888<br><br><\/td>\n<\/tr>\n<tr style=\"height: 93px;\">\n<td class=\"has-text-align-center\" style=\"height: 93px; width: 6.42857%;\" data-align=\"center\">11<\/td>\n<td class=\"has-text-align-center\" style=\"height: 93px; width: 13.5713%;\" data-align=\"center\">11.04.2024<\/td>\n<td class=\"has-text-align-center\" style=\"height: 93px; width: 15.3573%;\" data-align=\"center\">prudnicki<\/td>\n<td class=\"has-text-align-center\" style=\"height: 93px; width: 33.2143%;\" data-align=\"center\">Prudnicki O\u015brodek Kultury i Biblioteki Publicznej w Prudniku<br>ul. Ko\u015bciuszki 1a\u00a0<br>48-200 Prudnik<\/td>\n<td class=\"has-text-align-center\" style=\"height: 93px; width: 31.3095%;\" data-align=\"center\">tel.: +48 77 45 65 889<\/td>\n<\/tr>\n<tr style=\"height: 70px;\">\n<td class=\"has-text-align-center\" style=\"height: 70px; width: 6.42857%;\" data-align=\"center\">12<\/td>\n<td class=\"has-text-align-center\" style=\"height: 70px; width: 13.5713%;\" data-align=\"center\">12.04.2024<\/td>\n<td class=\"has-text-align-center\" style=\"height: 70px; width: 15.3573%;\" data-align=\"center\">nyski<\/td>\n<td class=\"has-text-align-center\" style=\"height: 70px; width: 33.2143%;\" data-align=\"center\">Centrum Integracji Spo\u0142ecznej w Nysie<br>ul. Pozna\u0144ska 3<br>48-300 Nysa<\/td>\n<td class=\"has-text-align-center\" style=\"height: 70px; width: 31.3095%;\" data-align=\"center\"><strong>Katarzyna Nied\u017awied\u017a<\/strong><br>tel: +48 77 45 65 888<br><br><\/td>\n<\/tr>\n<tr style=\"height: 10px;\">\n<td class=\"has-text-align-center\" style=\"height: 10px; width: 6.42857%;\" data-align=\"center\">\u00a0<\/td>\n<td class=\"has-text-align-center\" style=\"height: 10px; width: 13.5713%;\" data-align=\"center\">\u00a0<\/td>\n<td class=\"has-text-align-center\" style=\"height: 10px; width: 15.3573%;\" data-align=\"center\">\u00a0<\/td>\n<td class=\"has-text-align-center\" style=\"height: 10px; width: 33.2143%;\" data-align=\"center\"><br><br><\/td>\n<td class=\"has-text-align-center\" style=\"height: 10px; width: 31.3095%;\" data-align=\"center\">\u00a0<\/td>\n<\/tr>\n<\/tbody>\n<\/table>\n<\/figure>\n<\/div>\n<\/div>\n\n\n\n<div class=\"wp-block-group\"><div class=\"wp-block-group__inner-container is-layout-constrained wp-block-group-is-layout-constrained\"><\/div><\/div>\n\n\n\n<div class=\"wp-block-columns is-layout-flex wp-container-core-columns-is-layout-9d6595d7 wp-block-columns-is-layout-flex\">\n<div class=\"wp-block-column is-layout-flow wp-block-column-is-layout-flow\">\n<div class=\"wp-block-columns is-layout-flex wp-container-core-columns-is-layout-9d6595d7 wp-block-columns-is-layout-flex\">\n<div class=\"wp-block-column is-layout-flow wp-block-column-is-layout-flow\"><\/div>\n\n\n\n<div class=\"wp-block-column is-layout-flow wp-block-column-is-layout-flow\"><\/div>\n\n\n\n<div class=\"wp-block-column is-layout-flow wp-block-column-is-layout-flow\"><\/div>\n<\/div>\n<\/div>\n<\/div>\n\n","protected":false},"excerpt":{"rendered":null,"protected":false},"author":2,"featured_media":153,"comment_status":"closed","ping_status":"closed","sticky":false,"template":"","format":"standard","meta":{"footnotes":""},"categories":[3],"tags":[],"class_list":["post-132","post","type-post","status-publish","format-standard","has-post-thumbnail","hentry","category-aktualnosci"],"_links":{"self":[{"href":"https:\/\/es.rops-opole.pl\/index.php?rest_route=\/wp\/v2\/posts\/132","targetHints":{"allow":["GET"]}}],"collection":[{"href":"https:\/\/es.rops-opole.pl\/index.php?rest_route=\/wp\/v2\/posts"}],"about":[{"href":"https:\/\/es.rops-opole.pl\/index.php?rest_route=\/wp\/v2\/types\/post"}],"author":[{"embeddable":true,"href":"https:\/\/es.rops-opole.pl\/index.php?rest_route=\/wp\/v2\/users\/2"}],"replies":[{"embeddable":true,"href":"https:\/\/es.rops-opole.pl\/index.php?rest_route=%2Fwp%2Fv2%2Fcomments&post=132"}],"version-history":[{"count":33,"href":"https:\/\/es.rops-opole.pl\/index.php?rest_route=\/wp\/v2\/posts\/132\/revisions"}],"predecessor-version":[{"id":1206,"href":"https:\/\/es.rops-opole.pl\/index.php?rest_route=\/wp\/v2\/posts\/132\/revisions\/1206"}],"wp:featuredmedia":[{"embeddable":true,"href":"https:\/\/es.rops-opole.pl\/index.php?rest_route=\/wp\/v2\/media\/153"}],"wp:attachment":[{"href":"https:\/\/es.rops-opole.pl\/index.php?rest_route=%2Fwp%2Fv2%2Fmedia&parent=132"}],"wp:term":[{"taxonomy":"category","embeddable":true,"href":"https:\/\/es.rops-opole.pl\/index.php?rest_route=%2Fwp%2Fv2%2Fcategories&post=132"},{"taxonomy":"post_tag","embeddable":true,"href":"https:\/\/es.rops-opole.pl\/index.php?rest_route=%2Fwp%2Fv2%2Ftags&post=132"}],"curies":[{"name":"wp","href":"https:\/\/api.w.org\/{rel}","templated":true}]}}