{"id":1348,"date":"2024-11-14T10:46:51","date_gmt":"2024-11-14T09:46:51","guid":{"rendered":"https:\/\/es.rops-opole.pl\/?p=1348"},"modified":"2024-12-10T08:40:55","modified_gmt":"2024-12-10T07:40:55","slug":"szkolenia-dla-pracownikow-centrum-uslug-spolecznych-cus-modul-ii-2","status":"publish","type":"post","link":"https:\/\/es.rops-opole.pl\/?p=1348","title":{"rendered":"Szkolenia dla pracownik\u00f3w Centr\u00f3w Us\u0142ug Spo\u0142ecznych (CUS) modu\u0142 II"},"content":{"rendered":"\n<p>Informujemy, \u017ce Regionalny O\u015brodek Polityki Spo\u0142ecznej w Opolu rozpoczyna rekrutacj\u0119 na szkolenia dedykowane pracownikom centr\u00f3w us\u0142ug spo\u0142ecznych z zakresu\u00a0<strong><u>opracowywania i realizacji indywidualnych plan\u00f3w us\u0142ug spo\u0142ecznych<\/u><\/strong>.<\/p>\n\n\n\n<p>Program szkolenia, jak r\u00f3wnie\u017c kwalifikacje kadry dydaktycznej zgodne s\u0105 z wymogami zawartymi w\u00a0\u00a0Rozporz\u0105dzeniu Rady Ministr\u00f3w z dnia 30 marca 2020 r. w sprawie szkole\u0144 dla pracownik\u00f3w centrum us\u0142ug spo\u0142ecznych (Dz. U. 2020 r. Poz. 664):<\/p>\n\n\n\n<ol class=\"wp-block-list\">\n<li>nowe oblicza systemu us\u0142ug spo\u0142ecznych \u2013 wprowadzenie do tematyki \u2013 4 godziny;<\/li>\n\n\n\n<li>centrum us\u0142ug spo\u0142ecznych jako podmiot lokalnej polityki spo\u0142ecznej \u2013 przepisy prawne reguluj\u0105ce powo\u0142ywanie, organizacj\u0119 i funkcjonowanie centrum \u2013 4 godziny;<\/li>\n\n\n\n<li>zasady realizowania program\u00f3w us\u0142ug spo\u0142ecznych przez centrum us\u0142ug spo\u0142ecznych \u2013 3 godziny;<\/li>\n\n\n\n<li>problematyka us\u0142ug spo\u0142ecznych w naukach spo\u0142ecznych (pedagogika, psychologia, nauki o polityce publicznej, nauki o zarz\u0105dzaniu, nauki socjologiczne, w tym nauki<br>o rodzinie) obejmuj\u0105ca definiowanie us\u0142ug i ich odbiorc\u00f3w oraz personalizacj\u0119 i integracj\u0119 us\u0142ug \u2013 4 godziny;<\/li>\n\n\n\n<li>metody rozpoznawania indywidualnych potrzeb os\u00f3b zainteresowanych korzystaniem z us\u0142ug spo\u0142ecznych oraz dzia\u0142a\u0144 wspieraj\u0105cych \u2013 10 godzin;<\/li>\n\n\n\n<li>metodyka opracowania, realizacji i monitorowania indywidualnych plan\u00f3w us\u0142ug spo\u0142ecznych \u2013 10 godzin;<\/li>\n\n\n\n<li>praca w bezpo\u015bredniej styczno\u015bci z mieszka\u0144cami \u2013 metodyka, z uwzgl\u0119dnieniem zasady podmiotowo\u015bci oraz radzenia sobie w sytuacjach trudnych \u2013 9 godzin;<\/li>\n\n\n\n<li>korzystanie z informacji\u00a0 o us\u0142ugach\u00a0 spo\u0142ecznych\u00a0 realizowanych\u00a0 przez centrum us\u0142ug spo\u0142ecznych oraz dost\u0119pnych w centrum\u00a0 dzia\u0142aniach\u00a0 wspieraj\u0105cych \u2013 aspekty techniczne zwi\u0105zane z opracowywaniem indywidualnych plan\u00f3w us\u0142ug spo\u0142ecznych \u2013 5 godzin;<\/li>\n\n\n\n<li>zarz\u0105dzanie us\u0142ugami spo\u0142ecznymi w kontek\u015bcie wielokulturowo\u015bci, psychologiczne uwarunkowania zwi\u0105zane z do\u015bwiadczeniem migracyjnym \u2013 4 godziny;<\/li>\n\n\n\n<li>rola organizacji pozarz\u0105dowych w kszta\u0142towaniu lokalnego rynku us\u0142ug spo\u0142ecznych oraz zasady wsp\u00f3\u0142pracy z partnerami spo\u0142ecznymi \u2013 3 godziny;<\/li>\n\n\n\n<li>Centrum Us\u0142ug Spo\u0142ecznych \u2013 wyzwania i problemy w teorii i praktyce (8 godzin).<\/li>\n<\/ol>\n\n\n\n<p><strong>Do zada\u0144 koordynatora indywidualnych plan\u00f3w us\u0142ug spo\u0142ecznych nale\u017cy, w szczeg\u00f3lno\u015bci:<\/strong><br>1) przeprowadzanie rozpoznania indywidualnych potrzeb osoby zainteresowanej skorzystaniem z us\u0142ug spo\u0142ecznych<br>okre\u015blonych w programie us\u0142ug spo\u0142ecznych, zwanego dalej \u201erozpoznaniem indywidualnych potrzeb\u201d;<br>2) opracowywanie indywidualnych plan\u00f3w us\u0142ug spo\u0142ecznych i ich aktualizacji;<br>3) monitorowanie realizacji indywidualnych plan\u00f3w us\u0142ug spo\u0142ecznych;<br>4) koordynowanie us\u0142ug spo\u0142ecznych udzielanych w ramach indywidualnych plan\u00f3w us\u0142ug spo\u0142ecznych;<br>5) przeprowadzanie z osobami obj\u0119tymi indywidualnymi planami us\u0142ug spo\u0142ecznych rozm\u00f3w podsumowuj\u0105cych realizacj\u0119 tych plan\u00f3w.<\/p>\n\n\n\n<p>Warto zaznaczy\u0107, \u017ce\u00a0<strong>koordynatorem indywidualnych plan\u00f3w us\u0142ug spo\u0142ecznych<\/strong>\u00a0mo\u017ce by\u0107 osoba, kt\u00f3ra zgodnie z art.30 ustawy z dnia 19 lipca 2019 r. o realizowaniu us\u0142ug spo\u0142ecznych przez centrum us\u0142ug spo\u0142ecznych odby\u0142a szkolenie z zakresu opracowywania i realizacji indywidualnych plan\u00f3w us\u0142ug spo\u0142ecznych, a tak\u017ce spe\u0142nia wymogi przewidziane do wykonywania zawodu pracownika socjalnego oraz posiada co najmniej 2-letnie do\u015bwiadczenie w \u015bwiadczeniu pracy socjalnej.<\/p>\n\n\n\n<p>Szkolenia prowadzone b\u0119d\u0105 w\u00a0formie stacjonarnej, w formule czterech 2-dniowych zjazd\u00f3w. Pierwszy zjazd zaplanowany jest w dniach\u00a0<strong>02-03.12.2024 r.<\/strong>\u00a0(poniedzia\u0142ek \u2013 wtorek) w hotelu DeSilva Premium w Opolu.<\/p>\n\n\n\n<p>Szkolenie jest bezp\u0142atne, a warunkiem udzia\u0142u w nim jest zapoznanie si\u0119 z Regulaminem, a tak\u017ce wype\u0142nienie <strong><a href=\"https:\/\/es.rops-opole.pl\/?p=1228\" data-type=\"post\" data-id=\"1228\">Deklaracji uczestnika<\/a><\/strong> i przekazanie jej do ROPS w Opolu do dnia <strong>21.11.2024 r.<\/strong> w wersji elektronicznej na adres:  <strong>rekrutacja(at)rops-opole.pl<\/strong> * (orygina\u0142y dokument\u00f3w mo\u017cna przekaza\u0107 w dniu rozpocz\u0119cia szkolenia).<\/p>\n\n\n\n<p>Wszelkie informacje dotycz\u0105ce szkolenia b\u0119d\u0105 przekazywane drog\u0105 elektroniczn\u0105 dlatego niezb\u0119dne jest uzupe\u0142nienie w formularzu zg\u0142oszeniowym\u00a0aktualnego adresu e-mail.<\/p>\n\n\n\n<p>Organizator zapewnia materia\u0142y szkoleniowe, ca\u0142odzienne wy\u017cywienie oraz nocleg (dla os\u00f3b spoza Opola).<\/p>\n\n\n\n<p>Ilo\u015b\u0107 miejsc jest ograniczona, przy czym ROPS w Opolu zastrzega, \u017ce pierwsze\u0144stwo udzia\u0142u b\u0119d\u0105 mieli pracownicy z gmin, kt\u00f3re zg\u0142osi\u0142y ch\u0119\u0107 utworzenia centrum, b\u0105d\u017a z gmin na terenie kt\u00f3rych centrum ju\u017c funkcjonuje.<\/p>\n\n\n\n<p>Ponadto informujemy, \u017ce szkolenia z zakresu Opracowywania i realizacji plan\u00f3w us\u0142ug spo\u0142ecznych oraz szkolenie z zakresu Organizacji spo\u0142eczno\u015bci lokalnej zostan\u0105 zrealizowane w p\u00f3\u017aniejszych terminach.<\/p>\n\n\n\n<p>* zabezpieczenie antyspamowe \u2013 (at) nale\u017cy zast\u0105pi\u0107 @ <\/p>\n\n\n\n<hr class=\"wp-block-separator has-alpha-channel-opacity\">\n\n\n\n<hr class=\"wp-block-separator has-alpha-channel-opacity\">\n\n\n\n<p><strong><a href=\"https:\/\/es.rops-opole.pl\/?p=1351\" data-type=\"post\" data-id=\"1226\">DOKUMENTY REKRUTACYJNE<\/a><\/strong><\/p>\n\n\n\n<hr class=\"wp-block-separator has-alpha-channel-opacity\">\n\n\n\n<hr class=\"wp-block-separator has-alpha-channel-opacity\">\n\n\n\n<figure class=\"wp-block-image size-full\"><img loading=\"lazy\" decoding=\"async\" width=\"605\" height=\"304\" src=\"https:\/\/es.rops-opole.pl\/wp-content\/uploads\/2024\/10\/obraz.png\" alt=\"\" class=\"wp-image-1232\" srcset=\"https:\/\/es.rops-opole.pl\/wp-content\/uploads\/2024\/10\/obraz.png 605w, https:\/\/es.rops-opole.pl\/wp-content\/uploads\/2024\/10\/obraz-268x135.png 268w\" sizes=\"auto, (max-width: 605px) 100vw, 605px\"><\/figure>\n\n\n\n<p><\/p>\n\n","protected":false},"excerpt":{"rendered":null,"protected":false},"author":2,"featured_media":1232,"comment_status":"closed","ping_status":"closed","sticky":false,"template":"","format":"standard","meta":{"footnotes":""},"categories":[3],"tags":[],"class_list":["post-1348","post","type-post","status-publish","format-standard","has-post-thumbnail","hentry","category-aktualnosci"],"_links":{"self":[{"href":"https:\/\/es.rops-opole.pl\/index.php?rest_route=\/wp\/v2\/posts\/1348","targetHints":{"allow":["GET"]}}],"collection":[{"href":"https:\/\/es.rops-opole.pl\/index.php?rest_route=\/wp\/v2\/posts"}],"about":[{"href":"https:\/\/es.rops-opole.pl\/index.php?rest_route=\/wp\/v2\/types\/post"}],"author":[{"embeddable":true,"href":"https:\/\/es.rops-opole.pl\/index.php?rest_route=\/wp\/v2\/users\/2"}],"replies":[{"embeddable":true,"href":"https:\/\/es.rops-opole.pl\/index.php?rest_route=%2Fwp%2Fv2%2Fcomments&post=1348"}],"version-history":[{"count":7,"href":"https:\/\/es.rops-opole.pl\/index.php?rest_route=\/wp\/v2\/posts\/1348\/revisions"}],"predecessor-version":[{"id":1391,"href":"https:\/\/es.rops-opole.pl\/index.php?rest_route=\/wp\/v2\/posts\/1348\/revisions\/1391"}],"wp:featuredmedia":[{"embeddable":true,"href":"https:\/\/es.rops-opole.pl\/index.php?rest_route=\/wp\/v2\/media\/1232"}],"wp:attachment":[{"href":"https:\/\/es.rops-opole.pl\/index.php?rest_route=%2Fwp%2Fv2%2Fmedia&parent=1348"}],"wp:term":[{"taxonomy":"category","embeddable":true,"href":"https:\/\/es.rops-opole.pl\/index.php?rest_route=%2Fwp%2Fv2%2Fcategories&post=1348"},{"taxonomy":"post_tag","embeddable":true,"href":"https:\/\/es.rops-opole.pl\/index.php?rest_route=%2Fwp%2Fv2%2Ftags&post=1348"}],"curies":[{"name":"wp","href":"https:\/\/api.w.org\/{rel}","templated":true}]}}