{"id":478,"date":"2024-06-25T14:53:48","date_gmt":"2024-06-25T12:53:48","guid":{"rendered":"https:\/\/es.rops-opole.pl\/?p=478"},"modified":"2024-07-01T10:19:45","modified_gmt":"2024-07-01T08:19:45","slug":"viii-opolskie-targi-ekonomii-spolecznej-w-grodzisku-22-23-06-2024-r","status":"publish","type":"post","link":"https:\/\/es.rops-opole.pl\/?p=478","title":{"rendered":"VIII Opolskie Targi Ekonomii Spo\u0142ecznej w Grodzisku 22-23.06.2024 r."},"content":{"rendered":"\n<p>Opolskie Targi Ekonomii Spo\u0142ecznej to coroczne wydarzenie organizowane przez Regionalny O\u015brodek Polityki Spo\u0142ecznej w Opolu, maj\u0105ce na celu przybli\u017cenie mieszka\u0144com wojew\u00f3dztwa opolskiego aktywno\u015b\u0107 podmiot\u00f3w spo\u0142ecznych.<\/p>\n\n\n\n<hr class=\"wp-block-separator has-alpha-channel-opacity\">\n\n\n\n<p>W tym roku sw\u0105 bogat\u0105 ofert\u0119 zaprezentowa\u0142o 17 podmiot\u00f3w. Stoiska pe\u0142ne by\u0142y kolorowych r\u0119kodzie\u0142 wykonanych przez beneficjat\u00f3w i uczestnik\u00f3w program\u00f3w oferowanych przez prezentuj\u0105ce si\u0119 podmioty. <br>Przedstawiciele organizacji opowiadali o oferowanych us\u0142ugach, o pracy na rzecz innych os\u00f3b, o potrzebie wspierania i o korzy\u015bciach jakie przynosi taka dzia\u0142alno\u015b\u0107. <br>  <\/p>\n\n\n\n<p>Poni\u017cej lista stoisk oraz linki do oficjalnych stron podmiot\u00f3w prezentuj\u0105cych si\u0119 na tegorocznych targach. Serdecznie zach\u0119camy do \u015bledzenia oraz wspierania ich dzia\u0142alno\u015bci.  <br><a href=\"https:\/\/fleximind.pl\/biezace\/107-osrodek-wsparcia-i-testow\" aria-label=\"Fundacja Flexi Mind \u2013 O\u015brodek Wsparcia i Test\u00f3w   (external)\" class=\"extlink use-tooltip\"><strong>Fundacja Flexi Mind<\/strong> \u2013 <strong>O\u015brodek Wsparcia i Test\u00f3w <\/strong> <svg aria-hidden=\"true\" class=\"icon-extlink\" viewbox=\"0 0 1792 1792\"><path d=\"M1408 928v320q0 119-84.5 203.5t-203.5 84.5h-832q-119 0-203.5-84.5t-84.5-203.5v-832q0-119 84.5-203.5t203.5-84.5h704q14 0 23 9t9 23v64q0 14-9 23t-23 9h-704q-66 0-113 47t-47 113v832q0 66 47 113t113 47h832q66 0 113-47t47-113v-320q0-14 9-23t23-9h64q14 0 23 9t9 23zm384-864v512q0 26-19 45t-45 19-45-19l-176-176-652 652q-10 10-23 10t-23-10l-114-114q-10-10-10-23t10-23l652-652-176-176q-19-19-19-45t19-45 45-19h512q26 0 45 19t19 45z\"><\/path><\/svg><span class=\"tooltip\">external<\/span><\/a><br><strong><a href=\"https:\/\/odesfa.pl\/pl\" aria-label=\"Fundacja Kultura-Integracja-Spo\u0142ecze\u0144stwo\/\/Wydawnictwo \u201eOdeSFa\u201d (external)\" class=\"extlink use-tooltip\">Fundacja Kultura-Integracja-Spo\u0142ecze\u0144stwo\/\/Wydawnictwo \u201eOdeSFa\u201d<svg aria-hidden=\"true\" class=\"icon-extlink\" viewbox=\"0 0 1792 1792\"><path d=\"M1408 928v320q0 119-84.5 203.5t-203.5 84.5h-832q-119 0-203.5-84.5t-84.5-203.5v-832q0-119 84.5-203.5t203.5-84.5h704q14 0 23 9t9 23v64q0 14-9 23t-23 9h-704q-66 0-113 47t-47 113v832q0 66 47 113t113 47h832q66 0 113-47t47-113v-320q0-14 9-23t23-9h64q14 0 23 9t9 23zm384-864v512q0 26-19 45t-45 19-45-19l-176-176-652 652q-10 10-23 10t-23-10l-114-114q-10-10-10-23t10-23l652-652-176-176q-19-19-19-45t19-45 45-19h512q26 0 45 19t19 45z\"><\/path><\/svg><span class=\"tooltip\">external<\/span><\/a><\/strong><br><strong><a href=\"https:\/\/www.facebook.com\/p\/SHOCK-ROOM-Fundacja-Na-Rzecz-Rozwoju-Medycyny-100089433884737\/\" aria-label=\"Fundacja Na Rzecz Rozwoju Medycyny SHOCK ROOM (external)\" class=\"extlink use-tooltip\">Fundacja Na Rzecz Rozwoju Medycyny SHOCK ROOM<svg aria-hidden=\"true\" class=\"icon-extlink\" viewbox=\"0 0 1792 1792\"><path d=\"M1408 928v320q0 119-84.5 203.5t-203.5 84.5h-832q-119 0-203.5-84.5t-84.5-203.5v-832q0-119 84.5-203.5t203.5-84.5h704q14 0 23 9t9 23v64q0 14-9 23t-23 9h-704q-66 0-113 47t-47 113v832q0 66 47 113t113 47h832q66 0 113-47t47-113v-320q0-14 9-23t23-9h64q14 0 23 9t9 23zm384-864v512q0 26-19 45t-45 19-45-19l-176-176-652 652q-10 10-23 10t-23-10l-114-114q-10-10-10-23t10-23l652-652-176-176q-19-19-19-45t19-45 45-19h512q26 0 45 19t19 45z\"><\/path><\/svg><span class=\"tooltip\">external<\/span><\/a><\/strong><br><strong><a href=\"https:\/\/www.facebook.com\/fundacjaplanb\/?locale=pl_PL\" aria-label=\"Fundacja PLAN B (external)\" class=\"extlink use-tooltip\">Fundacja PLAN B<svg aria-hidden=\"true\" class=\"icon-extlink\" viewbox=\"0 0 1792 1792\"><path d=\"M1408 928v320q0 119-84.5 203.5t-203.5 84.5h-832q-119 0-203.5-84.5t-84.5-203.5v-832q0-119 84.5-203.5t203.5-84.5h704q14 0 23 9t9 23v64q0 14-9 23t-23 9h-704q-66 0-113 47t-47 113v832q0 66 47 113t113 47h832q66 0 113-47t47-113v-320q0-14 9-23t23-9h64q14 0 23 9t9 23zm384-864v512q0 26-19 45t-45 19-45-19l-176-176-652 652q-10 10-23 10t-23-10l-114-114q-10-10-10-23t10-23l652-652-176-176q-19-19-19-45t19-45 45-19h512q26 0 45 19t19 45z\"><\/path><\/svg><span class=\"tooltip\">external<\/span><\/a><\/strong><br><strong><a href=\"https:\/\/fundacjateczowykocyk.pl\/\" aria-label=\"Fundacja t\u0119czowy Kocyk (external)\" class=\"extlink use-tooltip\">Fundacja t\u0119czowy Kocyk<svg aria-hidden=\"true\" class=\"icon-extlink\" viewbox=\"0 0 1792 1792\"><path d=\"M1408 928v320q0 119-84.5 203.5t-203.5 84.5h-832q-119 0-203.5-84.5t-84.5-203.5v-832q0-119 84.5-203.5t203.5-84.5h704q14 0 23 9t9 23v64q0 14-9 23t-23 9h-704q-66 0-113 47t-47 113v832q0 66 47 113t113 47h832q66 0 113-47t47-113v-320q0-14 9-23t23-9h64q14 0 23 9t9 23zm384-864v512q0 26-19 45t-45 19-45-19l-176-176-652 652q-10 10-23 10t-23-10l-114-114q-10-10-10-23t10-23l652-652-176-176q-19-19-19-45t19-45 45-19h512q26 0 45 19t19 45z\"><\/path><\/svg><span class=\"tooltip\">external<\/span><\/a><\/strong><br><strong><a href=\"https:\/\/www.facebook.com\/CentrumREStart\/\" aria-label=\"Klub Integracji Spo\u0142ecznej Centrum RE-Start (external)\" class=\"extlink use-tooltip\">Klub Integracji Spo\u0142ecznej Centrum RE-Start<svg aria-hidden=\"true\" class=\"icon-extlink\" viewbox=\"0 0 1792 1792\"><path d=\"M1408 928v320q0 119-84.5 203.5t-203.5 84.5h-832q-119 0-203.5-84.5t-84.5-203.5v-832q0-119 84.5-203.5t203.5-84.5h704q14 0 23 9t9 23v64q0 14-9 23t-23 9h-704q-66 0-113 47t-47 113v832q0 66 47 113t113 47h832q66 0 113-47t47-113v-320q0-14 9-23t23-9h64q14 0 23 9t9 23zm384-864v512q0 26-19 45t-45 19-45-19l-176-176-652 652q-10 10-23 10t-23-10l-114-114q-10-10-10-23t10-23l652-652-176-176q-19-19-19-45t19-45 45-19h512q26 0 45 19t19 45z\"><\/path><\/svg><span class=\"tooltip\">external<\/span><\/a><\/strong><br><strong>Ko\u0142o Gospody\u0144 Wiejskich w Grodzisku \u201eGospodynie jak marzenie\u201d<\/strong><br><strong>Sp\u00f3\u0142dzielnia Socjalna \u201eEco-Invest\u201d<\/strong><br><strong><a href=\"https:\/\/www.facebook.com\/MaszJajaIdzNaBadania\/?locale=pl_PL\" aria-label=\"Stowarzyszenie \u201eMASZ JAJA ID\u0179 NA BADANIA\u201d (external)\" class=\"extlink use-tooltip\">Stowarzyszenie \u201eMASZ JAJA ID\u0179 NA BADANIA\u201d<svg aria-hidden=\"true\" class=\"icon-extlink\" viewbox=\"0 0 1792 1792\"><path d=\"M1408 928v320q0 119-84.5 203.5t-203.5 84.5h-832q-119 0-203.5-84.5t-84.5-203.5v-832q0-119 84.5-203.5t203.5-84.5h704q14 0 23 9t9 23v64q0 14-9 23t-23 9h-704q-66 0-113 47t-47 113v832q0 66 47 113t113 47h832q66 0 113-47t47-113v-320q0-14 9-23t23-9h64q14 0 23 9t9 23zm384-864v512q0 26-19 45t-45 19-45-19l-176-176-652 652q-10 10-23 10t-23-10l-114-114q-10-10-10-23t10-23l652-652-176-176q-19-19-19-45t19-45 45-19h512q26 0 45 19t19 45z\"><\/path><\/svg><span class=\"tooltip\">external<\/span><\/a><\/strong><br><strong><a href=\"https:\/\/www.facebook.com\/stowarzyszeniemamrodzine\" aria-label=\"Stowarzyszenie Rodzin i Rodzin Zast\u0119pczych Mam Rodzin\u0119 (external)\" class=\"extlink use-tooltip\">Stowarzyszenie Rodzin i Rodzin Zast\u0119pczych Mam Rodzin\u0119<svg aria-hidden=\"true\" class=\"icon-extlink\" viewbox=\"0 0 1792 1792\"><path d=\"M1408 928v320q0 119-84.5 203.5t-203.5 84.5h-832q-119 0-203.5-84.5t-84.5-203.5v-832q0-119 84.5-203.5t203.5-84.5h704q14 0 23 9t9 23v64q0 14-9 23t-23 9h-704q-66 0-113 47t-47 113v832q0 66 47 113t113 47h832q66 0 113-47t47-113v-320q0-14 9-23t23-9h64q14 0 23 9t9 23zm384-864v512q0 26-19 45t-45 19-45-19l-176-176-652 652q-10 10-23 10t-23-10l-114-114q-10-10-10-23t10-23l652-652-176-176q-19-19-19-45t19-45 45-19h512q26 0 45 19t19 45z\"><\/path><\/svg><span class=\"tooltip\">external<\/span><\/a><\/strong><br><strong><a href=\"https:\/\/www.facebook.com\/NGOandBusiness\/\" aria-label=\"Stowarzyszenie Rozwoju Spo\u0142ecznego i Profilaktyki DIALOG \u2013 Opolskie Forum Zr\u00f3wnowa\u017conego Rozwoju (external)\" class=\"extlink use-tooltip\">Stowarzyszenie Rozwoju Spo\u0142ecznego i Profilaktyki DIALOG \u2013 Opolskie Forum Zr\u00f3wnowa\u017conego Rozwoju<svg aria-hidden=\"true\" class=\"icon-extlink\" viewbox=\"0 0 1792 1792\"><path d=\"M1408 928v320q0 119-84.5 203.5t-203.5 84.5h-832q-119 0-203.5-84.5t-84.5-203.5v-832q0-119 84.5-203.5t203.5-84.5h704q14 0 23 9t9 23v64q0 14-9 23t-23 9h-704q-66 0-113 47t-47 113v832q0 66 47 113t113 47h832q66 0 113-47t47-113v-320q0-14 9-23t23-9h64q14 0 23 9t9 23zm384-864v512q0 26-19 45t-45 19-45-19l-176-176-652 652q-10 10-23 10t-23-10l-114-114q-10-10-10-23t10-23l652-652-176-176q-19-19-19-45t19-45 45-19h512q26 0 45 19t19 45z\"><\/path><\/svg><span class=\"tooltip\">external<\/span><\/a><\/strong><br><strong>Stowarzyszenie Rozwoju Wsi Grodzisko<\/strong><br><strong><a href=\"https:\/\/niewidzialnaprzestrzen.pl\/\" aria-label=\"WARTOO SP. z O.O. (external)\" class=\"extlink use-tooltip\">WARTOO SP. z O.O.<svg aria-hidden=\"true\" class=\"icon-extlink\" viewbox=\"0 0 1792 1792\"><path d=\"M1408 928v320q0 119-84.5 203.5t-203.5 84.5h-832q-119 0-203.5-84.5t-84.5-203.5v-832q0-119 84.5-203.5t203.5-84.5h704q14 0 23 9t9 23v64q0 14-9 23t-23 9h-704q-66 0-113 47t-47 113v832q0 66 47 113t113 47h832q66 0 113-47t47-113v-320q0-14 9-23t23-9h64q14 0 23 9t9 23zm384-864v512q0 26-19 45t-45 19-45-19l-176-176-652 652q-10 10-23 10t-23-10l-114-114q-10-10-10-23t10-23l652-652-176-176q-19-19-19-45t19-45 45-19h512q26 0 45 19t19 45z\"><\/path><\/svg><span class=\"tooltip\">external<\/span><\/a><\/strong><br><strong><a href=\"https:\/\/www.facebook.com\/p\/ZAZ-Lewice-Sprzeda%C5%BC-100054561483923\/\" aria-label=\"Zak\u0142ad Aktywno\u015bci Zawodowej im. Jana Paw\u0142a II (external)\" class=\"extlink use-tooltip\">Zak\u0142ad Aktywno\u015bci Zawodowej im. Jana Paw\u0142a II<svg aria-hidden=\"true\" class=\"icon-extlink\" viewbox=\"0 0 1792 1792\"><path d=\"M1408 928v320q0 119-84.5 203.5t-203.5 84.5h-832q-119 0-203.5-84.5t-84.5-203.5v-832q0-119 84.5-203.5t203.5-84.5h704q14 0 23 9t9 23v64q0 14-9 23t-23 9h-704q-66 0-113 47t-47 113v832q0 66 47 113t113 47h832q66 0 113-47t47-113v-320q0-14 9-23t23-9h64q14 0 23 9t9 23zm384-864v512q0 26-19 45t-45 19-45-19l-176-176-652 652q-10 10-23 10t-23-10l-114-114q-10-10-10-23t10-23l652-652-176-176q-19-19-19-45t19-45 45-19h512q26 0 45 19t19 45z\"><\/path><\/svg><span class=\"tooltip\">external<\/span><\/a><\/strong><br><strong><a href=\"https:\/\/www.facebook.com\/ZakladAktywnosciZawodowejNysa\/\" aria-label=\"Zak\u0142ad Aktywno\u015bci Zawodowej w Nysie przy INFIRMICARE non profit sp. z o.o. (external)\" class=\"extlink use-tooltip\">Zak\u0142ad Aktywno\u015bci Zawodowej w Nysie przy INFIRMICARE non profit sp. z o.o.<svg aria-hidden=\"true\" class=\"icon-extlink\" viewbox=\"0 0 1792 1792\"><path d=\"M1408 928v320q0 119-84.5 203.5t-203.5 84.5h-832q-119 0-203.5-84.5t-84.5-203.5v-832q0-119 84.5-203.5t203.5-84.5h704q14 0 23 9t9 23v64q0 14-9 23t-23 9h-704q-66 0-113 47t-47 113v832q0 66 47 113t113 47h832q66 0 113-47t47-113v-320q0-14 9-23t23-9h64q14 0 23 9t9 23zm384-864v512q0 26-19 45t-45 19-45-19l-176-176-652 652q-10 10-23 10t-23-10l-114-114q-10-10-10-23t10-23l652-652-176-176q-19-19-19-45t19-45 45-19h512q26 0 45 19t19 45z\"><\/path><\/svg><span class=\"tooltip\">external<\/span><\/a><\/strong><\/p>\n\n\n\n<hr class=\"wp-block-separator has-alpha-channel-opacity\">\n\n\n\n<p>Nie zabrak\u0142o r\u00f3wnie\u017c stoisk edukacyjnych przygotowanych przez: <\/p>\n\n\n\n<p><strong>Regionalny O\u015brodek Polityki Spo\u0142ecznej w Opolu (ROPS)<\/strong> \u2013 na kt\u00f3rym mo\u017cna si\u0119 by\u0142o dowiedzie\u0107 m.in. <br>* czym zajmuj\u0105 si\u0119  podmioty nale\u017c\u0105ce do obszaru ekonomii spo\u0142ecznej<br>* jak za\u0142o\u017cy\u0107 stowarzyszenie, fundacj\u0119 czy sp\u00f3\u0142dzielnie<br>* jak utworzy\u0107 nowe stanowisko pracy dla osoby zagro\u017conej wykluczaniem spo\u0142ecznym <br>* czym jest przedsi\u0119biorstwo spo\u0142eczne i gdzie z\u0142o\u017cy\u0107 wniosek o nadanie statusu Przedsi\u0119biorstwa Spo\u0142ecznego<br>* czym jest Opolski Program Rozwoju Ekonomii Spo\u0142ecznej i jaki jest jego wp\u0142yw na rozw\u00f3j ekonomii spo\u0142ecznej w naszym regionie  <\/p>\n\n\n\n<p><strong>Referat Planowania Strategicznego Departament Polityki Regionalnej i Przestrzennej Urz\u0105d Marsza\u0142kowski Wojew\u00f3dztwa Opolskiego<\/strong> <br>promuj\u0105cy narz\u0119dzia wsparcia rodzin, rodzin zast\u0119pczych, rodzinnych i instytucjonalnych dom\u00f3w dziecka, rodzin wychowuj\u0105cych dziecko z orzeczon\u0105 niepe\u0142nosprawno\u015bci\u0105, opiekun\u00f3w os\u00f3b zale\u017cnych a tak\u017ce os\u00f3b starszych \u2013 mieszka\u0144c\u00f3w wojew\u00f3dztwa opolskiego.<\/p>\n\n\n\n<hr class=\"wp-block-separator has-alpha-channel-opacity\">\n\n\n\n<p>Ca\u0142e wydarzenie u\u015bwietnia\u0142y wyst\u0119py lokalnych artyst\u00f3w, oraz wyst\u0119py gwiazd. <br><br>By\u0142o mi\u0142o, weso\u0142o, kolorowo, s\u0142odko i merytorycznie.<br>Dzi\u0119kujemy wszystkim za udzia\u0142 i pomoc w organizacji.<br>Bez Was by\u0142 si\u0119 nie uda\u0142o.<\/p>\n\n\n\n<hr class=\"wp-block-separator has-alpha-channel-opacity\">\n\n\n\n<p><a href=\"https:\/\/www.facebook.com\/hashtag\/funduszeue?__eep__=6&__cft__%5B0%5D=AZUqV81_uEmRPTePoZRGxMvmeTqVunHL3flR4V9Uka2Pv1DUtM48jpG4d4hPCODyqS5iHAKn71fNiMELsoTjcouvhrHNMpK03KF_QA2N7sbZ7cpCc7KDzUlOWI-BE5MfcFfzmLSYUE7X0TFuQpG501qwgeb1Npq1E0L8EvElkLxJAbB7gW0uE0PAypTpvRt4KmiRWj7_VZ6XjpVf7cbxhzo2X8F63k3FEyQWi8HuzCZeh8LAjVdllF5cF_XVdcbEcAgiqYcKdHY2KS-lzmNywcG6L0XBReBkeUY6LRP6sOQLOndzSYP_1xdpidsqWjzSg7L3BZOyU0cCwTQ4vovyiND9G9wg5nocBimVjRAlxuzoIFTNfYsTe6ePg6HtBVho2Iua9_z68ujsa-WAQY4CqL89F81SPWhKbZ0cGhcwi0-upA&__tn__=*NK-R\" aria-label=\"#FunduszeUE (external)\" class=\"extlink use-tooltip\">#FunduszeUE<svg aria-hidden=\"true\" class=\"icon-extlink\" viewbox=\"0 0 1792 1792\"><path d=\"M1408 928v320q0 119-84.5 203.5t-203.5 84.5h-832q-119 0-203.5-84.5t-84.5-203.5v-832q0-119 84.5-203.5t203.5-84.5h704q14 0 23 9t9 23v64q0 14-9 23t-23 9h-704q-66 0-113 47t-47 113v832q0 66 47 113t113 47h832q66 0 113-47t47-113v-320q0-14 9-23t23-9h64q14 0 23 9t9 23zm384-864v512q0 26-19 45t-45 19-45-19l-176-176-652 652q-10 10-23 10t-23-10l-114-114q-10-10-10-23t10-23l652-652-176-176q-19-19-19-45t19-45 45-19h512q26 0 45 19t19 45z\"><\/path><\/svg><span class=\"tooltip\">external<\/span><\/a><\/p>\n\n\n\n<p><img loading=\"lazy\" decoding=\"async\" height=\"16\" width=\"16\" alt=\"\ud83c\uddea\ud83c\uddfa\" src=\"https:\/\/static.xx.fbcdn.net\/images\/emoji.php\/v9\/tdd\/1\/16\/1f1ea_1f1fa.png\"><img loading=\"lazy\" decoding=\"async\" height=\"16\" width=\"16\" alt=\"\ud83c\uddf5\ud83c\uddf1\" src=\"https:\/\/static.xx.fbcdn.net\/images\/emoji.php\/v9\/te0\/1\/16\/1f1f5_1f1f1.png\">Projekt \u201eOpolskie Sp\u00f3jne i Aktywne Spo\u0142ecznie\u201d realizowany jest w ramach programu Fundusze Europejskie dla Rozwoju Spo\u0142ecznego 2021-2027 wsp\u00f3\u0142finansowanego ze \u015brodk\u00f3w Europejskiego Funduszu Spo\u0142ecznego Plus, dzia\u0142ania 04.13 Wysokiej jako\u015bci system w\u0142\u0105czenia spo\u0142ecznego, w ramach typu projekt\u00f3w pn. Dzia\u0142ania ROPS w zakresie us\u0142ug spo\u0142ecznych, pomocy spo\u0142ecznej, ES i aktywnej integracji, s\u0142u\u017c\u0105ce w\u0142\u0105czeniu spo\u0142ecznemu, realizowane na poziomie wojew\u00f3dzkim.<\/p>\n\n\n\n<hr class=\"wp-block-separator has-alpha-channel-opacity\">\n\n\n\n<figure class=\"wp-block-gallery has-nested-images columns-3 is-cropped wp-block-gallery-1 is-layout-flex wp-block-gallery-is-layout-flex\">\n<figure class=\"wp-block-image size-full\"><a href=\"https:\/\/es.rops-opole.pl\/wp-content\/uploads\/2024\/06\/20-1.png\" target=\"_blank\" rel=\"noopener\" aria-label=\"Image to the post titled: VIII Opolskie Targi Ekonomii Spo\u0142ecznej w Grodzisku 22-23.06.2024 r., otworzy si\u0119 w nowym oknie\" class=\"attachment-link target-blank use-tooltip\"><img loading=\"lazy\" decoding=\"async\" width=\"2000\" height=\"1444\" data-id=\"985\" src=\"https:\/\/es.rops-opole.pl\/wp-content\/uploads\/2024\/06\/20-1.png\" alt=\"\" class=\"wp-image-985\" srcset=\"https:\/\/es.rops-opole.pl\/wp-content\/uploads\/2024\/06\/20-1.png 2000w, https:\/\/es.rops-opole.pl\/wp-content\/uploads\/2024\/06\/20-1-1536x1109.png 1536w, https:\/\/es.rops-opole.pl\/wp-content\/uploads\/2024\/06\/20-1-820x592.png 820w, https:\/\/es.rops-opole.pl\/wp-content\/uploads\/2024\/06\/20-1-247x178.png 247w\" sizes=\"auto, (max-width: 2000px) 100vw, 2000px\"><svg aria-hidden=\"true\" class=\"icon-new-window\" viewbox=\"0 0 1792 1792\"><path d=\"M1408 960v-128q0-26-19-45t-45-19h-320v-320q0-26-19-45t-45-19h-128q-26 0-45 19t-19 45v320h-320q-26 0-45 19t-19 45v128q0 26 19 45t45 19h320v320q0 26 19 45t45 19h128q26 0 45-19t19-45v-320h320q26 0 45-19t19-45zm256-544v960q0 119-84.5 203.5t-203.5 84.5h-960q-119 0-203.5-84.5t-84.5-203.5v-960q0-119 84.5-203.5t203.5-84.5h960q119 0 203.5 84.5t84.5 203.5z\"><\/path><\/svg><span class=\"tooltip\">Image to the post titled: VIII Opolskie Targi Ekonomii Spo\u0142ecznej w Grodzisku 22-23.06.2024 r., otworzy si\u0119 w nowym oknie<\/span><\/a><\/figure>\n\n\n\n<figure class=\"wp-block-image size-full\"><a href=\"https:\/\/es.rops-opole.pl\/wp-content\/uploads\/2024\/06\/19-1.png\" target=\"_blank\" rel=\"noopener\" aria-label=\"Image to the post titled: VIII Opolskie Targi Ekonomii Spo\u0142ecznej w Grodzisku 22-23.06.2024 r., otworzy si\u0119 w nowym oknie\" class=\"attachment-link target-blank use-tooltip\"><img loading=\"lazy\" decoding=\"async\" width=\"2000\" height=\"1444\" data-id=\"984\" src=\"https:\/\/es.rops-opole.pl\/wp-content\/uploads\/2024\/06\/19-1.png\" alt=\"\" class=\"wp-image-984\" srcset=\"https:\/\/es.rops-opole.pl\/wp-content\/uploads\/2024\/06\/19-1.png 2000w, https:\/\/es.rops-opole.pl\/wp-content\/uploads\/2024\/06\/19-1-1536x1109.png 1536w, https:\/\/es.rops-opole.pl\/wp-content\/uploads\/2024\/06\/19-1-820x592.png 820w, https:\/\/es.rops-opole.pl\/wp-content\/uploads\/2024\/06\/19-1-247x178.png 247w\" sizes=\"auto, (max-width: 2000px) 100vw, 2000px\"><svg aria-hidden=\"true\" class=\"icon-new-window\" viewbox=\"0 0 1792 1792\"><path d=\"M1408 960v-128q0-26-19-45t-45-19h-320v-320q0-26-19-45t-45-19h-128q-26 0-45 19t-19 45v320h-320q-26 0-45 19t-19 45v128q0 26 19 45t45 19h320v320q0 26 19 45t45 19h128q26 0 45-19t19-45v-320h320q26 0 45-19t19-45zm256-544v960q0 119-84.5 203.5t-203.5 84.5h-960q-119 0-203.5-84.5t-84.5-203.5v-960q0-119 84.5-203.5t203.5-84.5h960q119 0 203.5 84.5t84.5 203.5z\"><\/path><\/svg><span class=\"tooltip\">Image to the post titled: VIII Opolskie Targi Ekonomii Spo\u0142ecznej w Grodzisku 22-23.06.2024 r., otworzy si\u0119 w nowym oknie<\/span><\/a><\/figure>\n\n\n\n<figure class=\"wp-block-image size-full\"><a href=\"https:\/\/es.rops-opole.pl\/wp-content\/uploads\/2024\/06\/18-1.png\" target=\"_blank\" rel=\"noopener\" aria-label=\"Image to the post titled: VIII Opolskie Targi Ekonomii Spo\u0142ecznej w Grodzisku 22-23.06.2024 r., otworzy si\u0119 w nowym oknie\" class=\"attachment-link target-blank use-tooltip\"><img loading=\"lazy\" decoding=\"async\" width=\"2000\" height=\"1444\" data-id=\"983\" src=\"https:\/\/es.rops-opole.pl\/wp-content\/uploads\/2024\/06\/18-1.png\" alt=\"\" class=\"wp-image-983\" srcset=\"https:\/\/es.rops-opole.pl\/wp-content\/uploads\/2024\/06\/18-1.png 2000w, https:\/\/es.rops-opole.pl\/wp-content\/uploads\/2024\/06\/18-1-1536x1109.png 1536w, https:\/\/es.rops-opole.pl\/wp-content\/uploads\/2024\/06\/18-1-820x592.png 820w, https:\/\/es.rops-opole.pl\/wp-content\/uploads\/2024\/06\/18-1-247x178.png 247w\" sizes=\"auto, (max-width: 2000px) 100vw, 2000px\"><svg aria-hidden=\"true\" class=\"icon-new-window\" viewbox=\"0 0 1792 1792\"><path d=\"M1408 960v-128q0-26-19-45t-45-19h-320v-320q0-26-19-45t-45-19h-128q-26 0-45 19t-19 45v320h-320q-26 0-45 19t-19 45v128q0 26 19 45t45 19h320v320q0 26 19 45t45 19h128q26 0 45-19t19-45v-320h320q26 0 45-19t19-45zm256-544v960q0 119-84.5 203.5t-203.5 84.5h-960q-119 0-203.5-84.5t-84.5-203.5v-960q0-119 84.5-203.5t203.5-84.5h960q119 0 203.5 84.5t84.5 203.5z\"><\/path><\/svg><span class=\"tooltip\">Image to the post titled: VIII Opolskie Targi Ekonomii Spo\u0142ecznej w Grodzisku 22-23.06.2024 r., otworzy si\u0119 w nowym oknie<\/span><\/a><\/figure>\n\n\n\n<figure class=\"wp-block-image size-full\"><a href=\"https:\/\/es.rops-opole.pl\/wp-content\/uploads\/2024\/06\/17-2.png\" target=\"_blank\" rel=\"noopener\" aria-label=\"Image to the post titled: VIII Opolskie Targi Ekonomii Spo\u0142ecznej w Grodzisku 22-23.06.2024 r., otworzy si\u0119 w nowym oknie\" class=\"attachment-link target-blank use-tooltip\"><img loading=\"lazy\" decoding=\"async\" width=\"2000\" height=\"1444\" data-id=\"982\" src=\"https:\/\/es.rops-opole.pl\/wp-content\/uploads\/2024\/06\/17-2.png\" alt=\"\" class=\"wp-image-982\" srcset=\"https:\/\/es.rops-opole.pl\/wp-content\/uploads\/2024\/06\/17-2.png 2000w, https:\/\/es.rops-opole.pl\/wp-content\/uploads\/2024\/06\/17-2-1536x1109.png 1536w, https:\/\/es.rops-opole.pl\/wp-content\/uploads\/2024\/06\/17-2-820x592.png 820w, https:\/\/es.rops-opole.pl\/wp-content\/uploads\/2024\/06\/17-2-247x178.png 247w\" sizes=\"auto, (max-width: 2000px) 100vw, 2000px\"><svg aria-hidden=\"true\" class=\"icon-new-window\" viewbox=\"0 0 1792 1792\"><path d=\"M1408 960v-128q0-26-19-45t-45-19h-320v-320q0-26-19-45t-45-19h-128q-26 0-45 19t-19 45v320h-320q-26 0-45 19t-19 45v128q0 26 19 45t45 19h320v320q0 26 19 45t45 19h128q26 0 45-19t19-45v-320h320q26 0 45-19t19-45zm256-544v960q0 119-84.5 203.5t-203.5 84.5h-960q-119 0-203.5-84.5t-84.5-203.5v-960q0-119 84.5-203.5t203.5-84.5h960q119 0 203.5 84.5t84.5 203.5z\"><\/path><\/svg><span class=\"tooltip\">Image to the post titled: VIII Opolskie Targi Ekonomii Spo\u0142ecznej w Grodzisku 22-23.06.2024 r., otworzy si\u0119 w nowym oknie<\/span><\/a><\/figure>\n\n\n\n<figure class=\"wp-block-image size-full\"><a href=\"https:\/\/es.rops-opole.pl\/wp-content\/uploads\/2024\/06\/3-2.png\" target=\"_blank\" rel=\"noopener\" aria-label=\"Image to the post titled: VIII Opolskie Targi Ekonomii Spo\u0142ecznej w Grodzisku 22-23.06.2024 r., otworzy si\u0119 w nowym oknie\" class=\"attachment-link target-blank use-tooltip\"><img loading=\"lazy\" decoding=\"async\" width=\"2000\" height=\"1444\" data-id=\"981\" src=\"https:\/\/es.rops-opole.pl\/wp-content\/uploads\/2024\/06\/3-2.png\" alt=\"\" class=\"wp-image-981\" srcset=\"https:\/\/es.rops-opole.pl\/wp-content\/uploads\/2024\/06\/3-2.png 2000w, https:\/\/es.rops-opole.pl\/wp-content\/uploads\/2024\/06\/3-2-1536x1109.png 1536w, https:\/\/es.rops-opole.pl\/wp-content\/uploads\/2024\/06\/3-2-820x592.png 820w, https:\/\/es.rops-opole.pl\/wp-content\/uploads\/2024\/06\/3-2-247x178.png 247w\" sizes=\"auto, (max-width: 2000px) 100vw, 2000px\"><svg aria-hidden=\"true\" class=\"icon-new-window\" viewbox=\"0 0 1792 1792\"><path d=\"M1408 960v-128q0-26-19-45t-45-19h-320v-320q0-26-19-45t-45-19h-128q-26 0-45 19t-19 45v320h-320q-26 0-45 19t-19 45v128q0 26 19 45t45 19h320v320q0 26 19 45t45 19h128q26 0 45-19t19-45v-320h320q26 0 45-19t19-45zm256-544v960q0 119-84.5 203.5t-203.5 84.5h-960q-119 0-203.5-84.5t-84.5-203.5v-960q0-119 84.5-203.5t203.5-84.5h960q119 0 203.5 84.5t84.5 203.5z\"><\/path><\/svg><span class=\"tooltip\">Image to the post titled: VIII Opolskie Targi Ekonomii Spo\u0142ecznej w Grodzisku 22-23.06.2024 r., otworzy si\u0119 w nowym oknie<\/span><\/a><\/figure>\n\n\n\n<figure class=\"wp-block-image size-full\"><a href=\"https:\/\/es.rops-opole.pl\/wp-content\/uploads\/2024\/06\/44-2.png\" target=\"_blank\" rel=\"noopener\" aria-label=\"Image to the post titled: VIII Opolskie Targi Ekonomii Spo\u0142ecznej w Grodzisku 22-23.06.2024 r., otworzy si\u0119 w nowym oknie\" class=\"attachment-link target-blank use-tooltip\"><img loading=\"lazy\" decoding=\"async\" width=\"2000\" height=\"1444\" data-id=\"980\" src=\"https:\/\/es.rops-opole.pl\/wp-content\/uploads\/2024\/06\/44-2.png\" alt=\"\" class=\"wp-image-980\" srcset=\"https:\/\/es.rops-opole.pl\/wp-content\/uploads\/2024\/06\/44-2.png 2000w, https:\/\/es.rops-opole.pl\/wp-content\/uploads\/2024\/06\/44-2-1536x1109.png 1536w, https:\/\/es.rops-opole.pl\/wp-content\/uploads\/2024\/06\/44-2-820x592.png 820w, https:\/\/es.rops-opole.pl\/wp-content\/uploads\/2024\/06\/44-2-247x178.png 247w\" sizes=\"auto, (max-width: 2000px) 100vw, 2000px\"><svg aria-hidden=\"true\" class=\"icon-new-window\" viewbox=\"0 0 1792 1792\"><path d=\"M1408 960v-128q0-26-19-45t-45-19h-320v-320q0-26-19-45t-45-19h-128q-26 0-45 19t-19 45v320h-320q-26 0-45 19t-19 45v128q0 26 19 45t45 19h320v320q0 26 19 45t45 19h128q26 0 45-19t19-45v-320h320q26 0 45-19t19-45zm256-544v960q0 119-84.5 203.5t-203.5 84.5h-960q-119 0-203.5-84.5t-84.5-203.5v-960q0-119 84.5-203.5t203.5-84.5h960q119 0 203.5 84.5t84.5 203.5z\"><\/path><\/svg><span class=\"tooltip\">Image to the post titled: VIII Opolskie Targi Ekonomii Spo\u0142ecznej w Grodzisku 22-23.06.2024 r., otworzy si\u0119 w nowym oknie<\/span><\/a><\/figure>\n\n\n\n<figure class=\"wp-block-image size-full\"><a href=\"https:\/\/es.rops-opole.pl\/wp-content\/uploads\/2024\/06\/16-1.png\" target=\"_blank\" rel=\"noopener\" aria-label=\"Image to the post titled: VIII Opolskie Targi Ekonomii Spo\u0142ecznej w Grodzisku 22-23.06.2024 r., otworzy si\u0119 w nowym oknie\" class=\"attachment-link target-blank use-tooltip\"><img loading=\"lazy\" decoding=\"async\" width=\"2000\" height=\"1444\" data-id=\"977\" src=\"https:\/\/es.rops-opole.pl\/wp-content\/uploads\/2024\/06\/16-1.png\" alt=\"\" class=\"wp-image-977\" srcset=\"https:\/\/es.rops-opole.pl\/wp-content\/uploads\/2024\/06\/16-1.png 2000w, https:\/\/es.rops-opole.pl\/wp-content\/uploads\/2024\/06\/16-1-1536x1109.png 1536w, https:\/\/es.rops-opole.pl\/wp-content\/uploads\/2024\/06\/16-1-820x592.png 820w, https:\/\/es.rops-opole.pl\/wp-content\/uploads\/2024\/06\/16-1-247x178.png 247w\" sizes=\"auto, (max-width: 2000px) 100vw, 2000px\"><svg aria-hidden=\"true\" class=\"icon-new-window\" viewbox=\"0 0 1792 1792\"><path d=\"M1408 960v-128q0-26-19-45t-45-19h-320v-320q0-26-19-45t-45-19h-128q-26 0-45 19t-19 45v320h-320q-26 0-45 19t-19 45v128q0 26 19 45t45 19h320v320q0 26 19 45t45 19h128q26 0 45-19t19-45v-320h320q26 0 45-19t19-45zm256-544v960q0 119-84.5 203.5t-203.5 84.5h-960q-119 0-203.5-84.5t-84.5-203.5v-960q0-119 84.5-203.5t203.5-84.5h960q119 0 203.5 84.5t84.5 203.5z\"><\/path><\/svg><span class=\"tooltip\">Image to the post titled: VIII Opolskie Targi Ekonomii Spo\u0142ecznej w Grodzisku 22-23.06.2024 r., otworzy si\u0119 w nowym oknie<\/span><\/a><\/figure>\n\n\n\n<figure class=\"wp-block-image size-full\"><a href=\"https:\/\/es.rops-opole.pl\/wp-content\/uploads\/2024\/06\/15-1.png\" target=\"_blank\" rel=\"noopener\" aria-label=\"Image to the post titled: VIII Opolskie Targi Ekonomii Spo\u0142ecznej w Grodzisku 22-23.06.2024 r., otworzy si\u0119 w nowym oknie\" class=\"attachment-link target-blank use-tooltip\"><img loading=\"lazy\" decoding=\"async\" width=\"2000\" height=\"1444\" data-id=\"976\" src=\"https:\/\/es.rops-opole.pl\/wp-content\/uploads\/2024\/06\/15-1.png\" alt=\"\" class=\"wp-image-976\" srcset=\"https:\/\/es.rops-opole.pl\/wp-content\/uploads\/2024\/06\/15-1.png 2000w, https:\/\/es.rops-opole.pl\/wp-content\/uploads\/2024\/06\/15-1-1536x1109.png 1536w, https:\/\/es.rops-opole.pl\/wp-content\/uploads\/2024\/06\/15-1-820x592.png 820w, https:\/\/es.rops-opole.pl\/wp-content\/uploads\/2024\/06\/15-1-247x178.png 247w\" sizes=\"auto, (max-width: 2000px) 100vw, 2000px\"><svg aria-hidden=\"true\" class=\"icon-new-window\" viewbox=\"0 0 1792 1792\"><path d=\"M1408 960v-128q0-26-19-45t-45-19h-320v-320q0-26-19-45t-45-19h-128q-26 0-45 19t-19 45v320h-320q-26 0-45 19t-19 45v128q0 26 19 45t45 19h320v320q0 26 19 45t45 19h128q26 0 45-19t19-45v-320h320q26 0 45-19t19-45zm256-544v960q0 119-84.5 203.5t-203.5 84.5h-960q-119 0-203.5-84.5t-84.5-203.5v-960q0-119 84.5-203.5t203.5-84.5h960q119 0 203.5 84.5t84.5 203.5z\"><\/path><\/svg><span class=\"tooltip\">Image to the post titled: VIII Opolskie Targi Ekonomii Spo\u0142ecznej w Grodzisku 22-23.06.2024 r., otworzy si\u0119 w nowym oknie<\/span><\/a><\/figure>\n\n\n\n<figure class=\"wp-block-image size-full\"><a href=\"https:\/\/es.rops-opole.pl\/wp-content\/uploads\/2024\/06\/14-1.png\" target=\"_blank\" rel=\"noopener\" aria-label=\"Image to the post titled: VIII Opolskie Targi Ekonomii Spo\u0142ecznej w Grodzisku 22-23.06.2024 r., otworzy si\u0119 w nowym oknie\" class=\"attachment-link target-blank use-tooltip\"><img loading=\"lazy\" decoding=\"async\" width=\"2000\" height=\"1444\" data-id=\"975\" src=\"https:\/\/es.rops-opole.pl\/wp-content\/uploads\/2024\/06\/14-1.png\" alt=\"\" class=\"wp-image-975\" srcset=\"https:\/\/es.rops-opole.pl\/wp-content\/uploads\/2024\/06\/14-1.png 2000w, https:\/\/es.rops-opole.pl\/wp-content\/uploads\/2024\/06\/14-1-1536x1109.png 1536w, https:\/\/es.rops-opole.pl\/wp-content\/uploads\/2024\/06\/14-1-820x592.png 820w, https:\/\/es.rops-opole.pl\/wp-content\/uploads\/2024\/06\/14-1-247x178.png 247w\" sizes=\"auto, (max-width: 2000px) 100vw, 2000px\"><svg aria-hidden=\"true\" class=\"icon-new-window\" viewbox=\"0 0 1792 1792\"><path d=\"M1408 960v-128q0-26-19-45t-45-19h-320v-320q0-26-19-45t-45-19h-128q-26 0-45 19t-19 45v320h-320q-26 0-45 19t-19 45v128q0 26 19 45t45 19h320v320q0 26 19 45t45 19h128q26 0 45-19t19-45v-320h320q26 0 45-19t19-45zm256-544v960q0 119-84.5 203.5t-203.5 84.5h-960q-119 0-203.5-84.5t-84.5-203.5v-960q0-119 84.5-203.5t203.5-84.5h960q119 0 203.5 84.5t84.5 203.5z\"><\/path><\/svg><span class=\"tooltip\">Image to the post titled: VIII Opolskie Targi Ekonomii Spo\u0142ecznej w Grodzisku 22-23.06.2024 r., otworzy si\u0119 w nowym oknie<\/span><\/a><\/figure>\n\n\n\n<figure class=\"wp-block-image size-full\"><a href=\"https:\/\/es.rops-opole.pl\/wp-content\/uploads\/2024\/06\/13-1.png\" target=\"_blank\" rel=\"noopener\" aria-label=\"Image to the post titled: VIII Opolskie Targi Ekonomii Spo\u0142ecznej w Grodzisku 22-23.06.2024 r., otworzy si\u0119 w nowym oknie\" class=\"attachment-link target-blank use-tooltip\"><img loading=\"lazy\" decoding=\"async\" width=\"2000\" height=\"1444\" data-id=\"974\" src=\"https:\/\/es.rops-opole.pl\/wp-content\/uploads\/2024\/06\/13-1.png\" alt=\"\" class=\"wp-image-974\" srcset=\"https:\/\/es.rops-opole.pl\/wp-content\/uploads\/2024\/06\/13-1.png 2000w, https:\/\/es.rops-opole.pl\/wp-content\/uploads\/2024\/06\/13-1-1536x1109.png 1536w, https:\/\/es.rops-opole.pl\/wp-content\/uploads\/2024\/06\/13-1-820x592.png 820w, https:\/\/es.rops-opole.pl\/wp-content\/uploads\/2024\/06\/13-1-247x178.png 247w\" sizes=\"auto, (max-width: 2000px) 100vw, 2000px\"><svg aria-hidden=\"true\" class=\"icon-new-window\" viewbox=\"0 0 1792 1792\"><path d=\"M1408 960v-128q0-26-19-45t-45-19h-320v-320q0-26-19-45t-45-19h-128q-26 0-45 19t-19 45v320h-320q-26 0-45 19t-19 45v128q0 26 19 45t45 19h320v320q0 26 19 45t45 19h128q26 0 45-19t19-45v-320h320q26 0 45-19t19-45zm256-544v960q0 119-84.5 203.5t-203.5 84.5h-960q-119 0-203.5-84.5t-84.5-203.5v-960q0-119 84.5-203.5t203.5-84.5h960q119 0 203.5 84.5t84.5 203.5z\"><\/path><\/svg><span class=\"tooltip\">Image to the post titled: VIII Opolskie Targi Ekonomii Spo\u0142ecznej w Grodzisku 22-23.06.2024 r., otworzy si\u0119 w nowym oknie<\/span><\/a><\/figure>\n\n\n\n<figure class=\"wp-block-image size-full\"><a href=\"https:\/\/es.rops-opole.pl\/wp-content\/uploads\/2024\/06\/12-1.png\" target=\"_blank\" rel=\"noopener\" aria-label=\"Image to the post titled: VIII Opolskie Targi Ekonomii Spo\u0142ecznej w Grodzisku 22-23.06.2024 r., otworzy si\u0119 w nowym oknie\" class=\"attachment-link target-blank use-tooltip\"><img loading=\"lazy\" decoding=\"async\" width=\"2000\" height=\"1444\" data-id=\"973\" src=\"https:\/\/es.rops-opole.pl\/wp-content\/uploads\/2024\/06\/12-1.png\" alt=\"\" class=\"wp-image-973\" srcset=\"https:\/\/es.rops-opole.pl\/wp-content\/uploads\/2024\/06\/12-1.png 2000w, https:\/\/es.rops-opole.pl\/wp-content\/uploads\/2024\/06\/12-1-1536x1109.png 1536w, https:\/\/es.rops-opole.pl\/wp-content\/uploads\/2024\/06\/12-1-820x592.png 820w, https:\/\/es.rops-opole.pl\/wp-content\/uploads\/2024\/06\/12-1-247x178.png 247w\" sizes=\"auto, (max-width: 2000px) 100vw, 2000px\"><svg aria-hidden=\"true\" class=\"icon-new-window\" viewbox=\"0 0 1792 1792\"><path d=\"M1408 960v-128q0-26-19-45t-45-19h-320v-320q0-26-19-45t-45-19h-128q-26 0-45 19t-19 45v320h-320q-26 0-45 19t-19 45v128q0 26 19 45t45 19h320v320q0 26 19 45t45 19h128q26 0 45-19t19-45v-320h320q26 0 45-19t19-45zm256-544v960q0 119-84.5 203.5t-203.5 84.5h-960q-119 0-203.5-84.5t-84.5-203.5v-960q0-119 84.5-203.5t203.5-84.5h960q119 0 203.5 84.5t84.5 203.5z\"><\/path><\/svg><span class=\"tooltip\">Image to the post titled: VIII Opolskie Targi Ekonomii Spo\u0142ecznej w Grodzisku 22-23.06.2024 r., otworzy si\u0119 w nowym oknie<\/span><\/a><\/figure>\n\n\n\n<figure class=\"wp-block-image size-full\"><a href=\"https:\/\/es.rops-opole.pl\/wp-content\/uploads\/2024\/06\/11-1.png\" target=\"_blank\" rel=\"noopener\" aria-label=\"Image to the post titled: VIII Opolskie Targi Ekonomii Spo\u0142ecznej w Grodzisku 22-23.06.2024 r., otworzy si\u0119 w nowym oknie\" class=\"attachment-link target-blank use-tooltip\"><img loading=\"lazy\" decoding=\"async\" width=\"2000\" height=\"1444\" data-id=\"972\" src=\"https:\/\/es.rops-opole.pl\/wp-content\/uploads\/2024\/06\/11-1.png\" alt=\"\" class=\"wp-image-972\" srcset=\"https:\/\/es.rops-opole.pl\/wp-content\/uploads\/2024\/06\/11-1.png 2000w, https:\/\/es.rops-opole.pl\/wp-content\/uploads\/2024\/06\/11-1-1536x1109.png 1536w, https:\/\/es.rops-opole.pl\/wp-content\/uploads\/2024\/06\/11-1-820x592.png 820w, https:\/\/es.rops-opole.pl\/wp-content\/uploads\/2024\/06\/11-1-247x178.png 247w\" sizes=\"auto, (max-width: 2000px) 100vw, 2000px\"><svg aria-hidden=\"true\" class=\"icon-new-window\" viewbox=\"0 0 1792 1792\"><path d=\"M1408 960v-128q0-26-19-45t-45-19h-320v-320q0-26-19-45t-45-19h-128q-26 0-45 19t-19 45v320h-320q-26 0-45 19t-19 45v128q0 26 19 45t45 19h320v320q0 26 19 45t45 19h128q26 0 45-19t19-45v-320h320q26 0 45-19t19-45zm256-544v960q0 119-84.5 203.5t-203.5 84.5h-960q-119 0-203.5-84.5t-84.5-203.5v-960q0-119 84.5-203.5t203.5-84.5h960q119 0 203.5 84.5t84.5 203.5z\"><\/path><\/svg><span class=\"tooltip\">Image to the post titled: VIII Opolskie Targi Ekonomii Spo\u0142ecznej w Grodzisku 22-23.06.2024 r., otworzy si\u0119 w nowym oknie<\/span><\/a><\/figure>\n\n\n\n<figure class=\"wp-block-image size-full\"><a href=\"https:\/\/es.rops-opole.pl\/wp-content\/uploads\/2024\/06\/10-1.png\" target=\"_blank\" rel=\"noopener\" aria-label=\"Image to the post titled: VIII Opolskie Targi Ekonomii Spo\u0142ecznej w Grodzisku 22-23.06.2024 r., otworzy si\u0119 w nowym oknie\" class=\"attachment-link target-blank use-tooltip\"><img loading=\"lazy\" decoding=\"async\" width=\"2000\" height=\"1444\" data-id=\"971\" src=\"https:\/\/es.rops-opole.pl\/wp-content\/uploads\/2024\/06\/10-1.png\" alt=\"\" class=\"wp-image-971\" srcset=\"https:\/\/es.rops-opole.pl\/wp-content\/uploads\/2024\/06\/10-1.png 2000w, https:\/\/es.rops-opole.pl\/wp-content\/uploads\/2024\/06\/10-1-1536x1109.png 1536w, https:\/\/es.rops-opole.pl\/wp-content\/uploads\/2024\/06\/10-1-820x592.png 820w, https:\/\/es.rops-opole.pl\/wp-content\/uploads\/2024\/06\/10-1-247x178.png 247w\" sizes=\"auto, (max-width: 2000px) 100vw, 2000px\"><svg aria-hidden=\"true\" class=\"icon-new-window\" viewbox=\"0 0 1792 1792\"><path d=\"M1408 960v-128q0-26-19-45t-45-19h-320v-320q0-26-19-45t-45-19h-128q-26 0-45 19t-19 45v320h-320q-26 0-45 19t-19 45v128q0 26 19 45t45 19h320v320q0 26 19 45t45 19h128q26 0 45-19t19-45v-320h320q26 0 45-19t19-45zm256-544v960q0 119-84.5 203.5t-203.5 84.5h-960q-119 0-203.5-84.5t-84.5-203.5v-960q0-119 84.5-203.5t203.5-84.5h960q119 0 203.5 84.5t84.5 203.5z\"><\/path><\/svg><span class=\"tooltip\">Image to the post titled: VIII Opolskie Targi Ekonomii Spo\u0142ecznej w Grodzisku 22-23.06.2024 r., otworzy si\u0119 w nowym oknie<\/span><\/a><\/figure>\n\n\n\n<figure class=\"wp-block-image size-full\"><a href=\"https:\/\/es.rops-opole.pl\/wp-content\/uploads\/2024\/06\/9-1.png\" target=\"_blank\" rel=\"noopener\" aria-label=\"Image to the post titled: VIII Opolskie Targi Ekonomii Spo\u0142ecznej w Grodzisku 22-23.06.2024 r., otworzy si\u0119 w nowym oknie\" class=\"attachment-link target-blank use-tooltip\"><img loading=\"lazy\" decoding=\"async\" width=\"2000\" height=\"1444\" data-id=\"970\" src=\"https:\/\/es.rops-opole.pl\/wp-content\/uploads\/2024\/06\/9-1.png\" alt=\"\" class=\"wp-image-970\" srcset=\"https:\/\/es.rops-opole.pl\/wp-content\/uploads\/2024\/06\/9-1.png 2000w, https:\/\/es.rops-opole.pl\/wp-content\/uploads\/2024\/06\/9-1-1536x1109.png 1536w, https:\/\/es.rops-opole.pl\/wp-content\/uploads\/2024\/06\/9-1-820x592.png 820w, https:\/\/es.rops-opole.pl\/wp-content\/uploads\/2024\/06\/9-1-247x178.png 247w\" sizes=\"auto, (max-width: 2000px) 100vw, 2000px\"><svg aria-hidden=\"true\" class=\"icon-new-window\" viewbox=\"0 0 1792 1792\"><path d=\"M1408 960v-128q0-26-19-45t-45-19h-320v-320q0-26-19-45t-45-19h-128q-26 0-45 19t-19 45v320h-320q-26 0-45 19t-19 45v128q0 26 19 45t45 19h320v320q0 26 19 45t45 19h128q26 0 45-19t19-45v-320h320q26 0 45-19t19-45zm256-544v960q0 119-84.5 203.5t-203.5 84.5h-960q-119 0-203.5-84.5t-84.5-203.5v-960q0-119 84.5-203.5t203.5-84.5h960q119 0 203.5 84.5t84.5 203.5z\"><\/path><\/svg><span class=\"tooltip\">Image to the post titled: VIII Opolskie Targi Ekonomii Spo\u0142ecznej w Grodzisku 22-23.06.2024 r., otworzy si\u0119 w nowym oknie<\/span><\/a><\/figure>\n\n\n\n<figure class=\"wp-block-image size-full\"><a href=\"https:\/\/es.rops-opole.pl\/wp-content\/uploads\/2024\/06\/8-1.png\" target=\"_blank\" rel=\"noopener\" aria-label=\"Image to the post titled: VIII Opolskie Targi Ekonomii Spo\u0142ecznej w Grodzisku 22-23.06.2024 r., otworzy si\u0119 w nowym oknie\" class=\"attachment-link target-blank use-tooltip\"><img loading=\"lazy\" decoding=\"async\" width=\"2000\" height=\"1444\" data-id=\"969\" src=\"https:\/\/es.rops-opole.pl\/wp-content\/uploads\/2024\/06\/8-1.png\" alt=\"\" class=\"wp-image-969\" srcset=\"https:\/\/es.rops-opole.pl\/wp-content\/uploads\/2024\/06\/8-1.png 2000w, https:\/\/es.rops-opole.pl\/wp-content\/uploads\/2024\/06\/8-1-1536x1109.png 1536w, https:\/\/es.rops-opole.pl\/wp-content\/uploads\/2024\/06\/8-1-820x592.png 820w, https:\/\/es.rops-opole.pl\/wp-content\/uploads\/2024\/06\/8-1-247x178.png 247w\" sizes=\"auto, (max-width: 2000px) 100vw, 2000px\"><svg aria-hidden=\"true\" class=\"icon-new-window\" viewbox=\"0 0 1792 1792\"><path d=\"M1408 960v-128q0-26-19-45t-45-19h-320v-320q0-26-19-45t-45-19h-128q-26 0-45 19t-19 45v320h-320q-26 0-45 19t-19 45v128q0 26 19 45t45 19h320v320q0 26 19 45t45 19h128q26 0 45-19t19-45v-320h320q26 0 45-19t19-45zm256-544v960q0 119-84.5 203.5t-203.5 84.5h-960q-119 0-203.5-84.5t-84.5-203.5v-960q0-119 84.5-203.5t203.5-84.5h960q119 0 203.5 84.5t84.5 203.5z\"><\/path><\/svg><span class=\"tooltip\">Image to the post titled: VIII Opolskie Targi Ekonomii Spo\u0142ecznej w Grodzisku 22-23.06.2024 r., otworzy si\u0119 w nowym oknie<\/span><\/a><\/figure>\n\n\n\n<figure class=\"wp-block-image size-full\"><a href=\"https:\/\/es.rops-opole.pl\/wp-content\/uploads\/2024\/06\/7-1.png\" target=\"_blank\" rel=\"noopener\" aria-label=\"Image to the post titled: VIII Opolskie Targi Ekonomii Spo\u0142ecznej w Grodzisku 22-23.06.2024 r., otworzy si\u0119 w nowym oknie\" class=\"attachment-link target-blank use-tooltip\"><img loading=\"lazy\" decoding=\"async\" width=\"2000\" height=\"1444\" data-id=\"968\" src=\"https:\/\/es.rops-opole.pl\/wp-content\/uploads\/2024\/06\/7-1.png\" alt=\"\" class=\"wp-image-968\" srcset=\"https:\/\/es.rops-opole.pl\/wp-content\/uploads\/2024\/06\/7-1.png 2000w, https:\/\/es.rops-opole.pl\/wp-content\/uploads\/2024\/06\/7-1-1536x1109.png 1536w, https:\/\/es.rops-opole.pl\/wp-content\/uploads\/2024\/06\/7-1-820x592.png 820w, https:\/\/es.rops-opole.pl\/wp-content\/uploads\/2024\/06\/7-1-247x178.png 247w\" sizes=\"auto, (max-width: 2000px) 100vw, 2000px\"><svg aria-hidden=\"true\" class=\"icon-new-window\" viewbox=\"0 0 1792 1792\"><path d=\"M1408 960v-128q0-26-19-45t-45-19h-320v-320q0-26-19-45t-45-19h-128q-26 0-45 19t-19 45v320h-320q-26 0-45 19t-19 45v128q0 26 19 45t45 19h320v320q0 26 19 45t45 19h128q26 0 45-19t19-45v-320h320q26 0 45-19t19-45zm256-544v960q0 119-84.5 203.5t-203.5 84.5h-960q-119 0-203.5-84.5t-84.5-203.5v-960q0-119 84.5-203.5t203.5-84.5h960q119 0 203.5 84.5t84.5 203.5z\"><\/path><\/svg><span class=\"tooltip\">Image to the post titled: VIII Opolskie Targi Ekonomii Spo\u0142ecznej w Grodzisku 22-23.06.2024 r., otworzy si\u0119 w nowym oknie<\/span><\/a><\/figure>\n\n\n\n<figure class=\"wp-block-image size-full\"><a href=\"https:\/\/es.rops-opole.pl\/wp-content\/uploads\/2024\/06\/6-1.png\" target=\"_blank\" rel=\"noopener\" aria-label=\"Image to the post titled: VIII Opolskie Targi Ekonomii Spo\u0142ecznej w Grodzisku 22-23.06.2024 r., otworzy si\u0119 w nowym oknie\" class=\"attachment-link target-blank use-tooltip\"><img loading=\"lazy\" decoding=\"async\" width=\"2000\" height=\"1444\" data-id=\"967\" src=\"https:\/\/es.rops-opole.pl\/wp-content\/uploads\/2024\/06\/6-1.png\" alt=\"\" class=\"wp-image-967\" srcset=\"https:\/\/es.rops-opole.pl\/wp-content\/uploads\/2024\/06\/6-1.png 2000w, https:\/\/es.rops-opole.pl\/wp-content\/uploads\/2024\/06\/6-1-1536x1109.png 1536w, https:\/\/es.rops-opole.pl\/wp-content\/uploads\/2024\/06\/6-1-820x592.png 820w, https:\/\/es.rops-opole.pl\/wp-content\/uploads\/2024\/06\/6-1-247x178.png 247w\" sizes=\"auto, (max-width: 2000px) 100vw, 2000px\"><svg aria-hidden=\"true\" class=\"icon-new-window\" viewbox=\"0 0 1792 1792\"><path d=\"M1408 960v-128q0-26-19-45t-45-19h-320v-320q0-26-19-45t-45-19h-128q-26 0-45 19t-19 45v320h-320q-26 0-45 19t-19 45v128q0 26 19 45t45 19h320v320q0 26 19 45t45 19h128q26 0 45-19t19-45v-320h320q26 0 45-19t19-45zm256-544v960q0 119-84.5 203.5t-203.5 84.5h-960q-119 0-203.5-84.5t-84.5-203.5v-960q0-119 84.5-203.5t203.5-84.5h960q119 0 203.5 84.5t84.5 203.5z\"><\/path><\/svg><span class=\"tooltip\">Image to the post titled: VIII Opolskie Targi Ekonomii Spo\u0142ecznej w Grodzisku 22-23.06.2024 r., otworzy si\u0119 w nowym oknie<\/span><\/a><\/figure>\n\n\n\n<figure class=\"wp-block-image size-full\"><a href=\"https:\/\/es.rops-opole.pl\/wp-content\/uploads\/2024\/06\/5-1.png\" target=\"_blank\" rel=\"noopener\" aria-label=\"Image to the post titled: VIII Opolskie Targi Ekonomii Spo\u0142ecznej w Grodzisku 22-23.06.2024 r., otworzy si\u0119 w nowym oknie\" class=\"attachment-link target-blank use-tooltip\"><img loading=\"lazy\" decoding=\"async\" width=\"2000\" height=\"1444\" data-id=\"966\" src=\"https:\/\/es.rops-opole.pl\/wp-content\/uploads\/2024\/06\/5-1.png\" alt=\"\" class=\"wp-image-966\" srcset=\"https:\/\/es.rops-opole.pl\/wp-content\/uploads\/2024\/06\/5-1.png 2000w, https:\/\/es.rops-opole.pl\/wp-content\/uploads\/2024\/06\/5-1-1536x1109.png 1536w, https:\/\/es.rops-opole.pl\/wp-content\/uploads\/2024\/06\/5-1-820x592.png 820w, https:\/\/es.rops-opole.pl\/wp-content\/uploads\/2024\/06\/5-1-247x178.png 247w\" sizes=\"auto, (max-width: 2000px) 100vw, 2000px\"><svg aria-hidden=\"true\" class=\"icon-new-window\" viewbox=\"0 0 1792 1792\"><path d=\"M1408 960v-128q0-26-19-45t-45-19h-320v-320q0-26-19-45t-45-19h-128q-26 0-45 19t-19 45v320h-320q-26 0-45 19t-19 45v128q0 26 19 45t45 19h320v320q0 26 19 45t45 19h128q26 0 45-19t19-45v-320h320q26 0 45-19t19-45zm256-544v960q0 119-84.5 203.5t-203.5 84.5h-960q-119 0-203.5-84.5t-84.5-203.5v-960q0-119 84.5-203.5t203.5-84.5h960q119 0 203.5 84.5t84.5 203.5z\"><\/path><\/svg><span class=\"tooltip\">Image to the post titled: VIII Opolskie Targi Ekonomii Spo\u0142ecznej w Grodzisku 22-23.06.2024 r., otworzy si\u0119 w nowym oknie<\/span><\/a><\/figure>\n\n\n\n<figure class=\"wp-block-image size-full\"><a href=\"https:\/\/es.rops-opole.pl\/wp-content\/uploads\/2024\/06\/4-1.png\" target=\"_blank\" rel=\"noopener\" aria-label=\"Image to the post titled: VIII Opolskie Targi Ekonomii Spo\u0142ecznej w Grodzisku 22-23.06.2024 r., otworzy si\u0119 w nowym oknie\" class=\"attachment-link target-blank use-tooltip\"><img loading=\"lazy\" decoding=\"async\" width=\"2000\" height=\"1444\" data-id=\"965\" src=\"https:\/\/es.rops-opole.pl\/wp-content\/uploads\/2024\/06\/4-1.png\" alt=\"\" class=\"wp-image-965\" srcset=\"https:\/\/es.rops-opole.pl\/wp-content\/uploads\/2024\/06\/4-1.png 2000w, https:\/\/es.rops-opole.pl\/wp-content\/uploads\/2024\/06\/4-1-1536x1109.png 1536w, https:\/\/es.rops-opole.pl\/wp-content\/uploads\/2024\/06\/4-1-820x592.png 820w, https:\/\/es.rops-opole.pl\/wp-content\/uploads\/2024\/06\/4-1-247x178.png 247w\" sizes=\"auto, (max-width: 2000px) 100vw, 2000px\"><svg aria-hidden=\"true\" class=\"icon-new-window\" viewbox=\"0 0 1792 1792\"><path d=\"M1408 960v-128q0-26-19-45t-45-19h-320v-320q0-26-19-45t-45-19h-128q-26 0-45 19t-19 45v320h-320q-26 0-45 19t-19 45v128q0 26 19 45t45 19h320v320q0 26 19 45t45 19h128q26 0 45-19t19-45v-320h320q26 0 45-19t19-45zm256-544v960q0 119-84.5 203.5t-203.5 84.5h-960q-119 0-203.5-84.5t-84.5-203.5v-960q0-119 84.5-203.5t203.5-84.5h960q119 0 203.5 84.5t84.5 203.5z\"><\/path><\/svg><span class=\"tooltip\">Image to the post titled: VIII Opolskie Targi Ekonomii Spo\u0142ecznej w Grodzisku 22-23.06.2024 r., otworzy si\u0119 w nowym oknie<\/span><\/a><\/figure>\n\n\n\n<figure class=\"wp-block-image size-full\"><a href=\"https:\/\/es.rops-opole.pl\/wp-content\/uploads\/2024\/06\/3-1.png\" target=\"_blank\" rel=\"noopener\" aria-label=\"Image to the post titled: VIII Opolskie Targi Ekonomii Spo\u0142ecznej w Grodzisku 22-23.06.2024 r., otworzy si\u0119 w nowym oknie\" class=\"attachment-link target-blank use-tooltip\"><img loading=\"lazy\" decoding=\"async\" width=\"2000\" height=\"1444\" data-id=\"964\" src=\"https:\/\/es.rops-opole.pl\/wp-content\/uploads\/2024\/06\/3-1.png\" alt=\"\" class=\"wp-image-964\"><svg aria-hidden=\"true\" class=\"icon-new-window\" viewbox=\"0 0 1792 1792\"><path d=\"M1408 960v-128q0-26-19-45t-45-19h-320v-320q0-26-19-45t-45-19h-128q-26 0-45 19t-19 45v320h-320q-26 0-45 19t-19 45v128q0 26 19 45t45 19h320v320q0 26 19 45t45 19h128q26 0 45-19t19-45v-320h320q26 0 45-19t19-45zm256-544v960q0 119-84.5 203.5t-203.5 84.5h-960q-119 0-203.5-84.5t-84.5-203.5v-960q0-119 84.5-203.5t203.5-84.5h960q119 0 203.5 84.5t84.5 203.5z\"><\/path><\/svg><span class=\"tooltip\">Image to the post titled: VIII Opolskie Targi Ekonomii Spo\u0142ecznej w Grodzisku 22-23.06.2024 r., otworzy si\u0119 w nowym oknie<\/span><\/a><\/figure>\n\n\n\n<figure class=\"wp-block-image size-full\"><a href=\"https:\/\/es.rops-opole.pl\/wp-content\/uploads\/2024\/06\/2-1.png\" target=\"_blank\" rel=\"noopener\" aria-label=\"Image to the post titled: VIII Opolskie Targi Ekonomii Spo\u0142ecznej w Grodzisku 22-23.06.2024 r., otworzy si\u0119 w nowym oknie\" class=\"attachment-link target-blank use-tooltip\"><img loading=\"lazy\" decoding=\"async\" width=\"2000\" height=\"1444\" data-id=\"963\" src=\"https:\/\/es.rops-opole.pl\/wp-content\/uploads\/2024\/06\/2-1.png\" alt=\"\" class=\"wp-image-963\" srcset=\"https:\/\/es.rops-opole.pl\/wp-content\/uploads\/2024\/06\/2-1.png 2000w, https:\/\/es.rops-opole.pl\/wp-content\/uploads\/2024\/06\/2-1-1536x1109.png 1536w, https:\/\/es.rops-opole.pl\/wp-content\/uploads\/2024\/06\/2-1-820x592.png 820w, https:\/\/es.rops-opole.pl\/wp-content\/uploads\/2024\/06\/2-1-247x178.png 247w\" sizes=\"auto, (max-width: 2000px) 100vw, 2000px\"><svg aria-hidden=\"true\" class=\"icon-new-window\" viewbox=\"0 0 1792 1792\"><path d=\"M1408 960v-128q0-26-19-45t-45-19h-320v-320q0-26-19-45t-45-19h-128q-26 0-45 19t-19 45v320h-320q-26 0-45 19t-19 45v128q0 26 19 45t45 19h320v320q0 26 19 45t45 19h128q26 0 45-19t19-45v-320h320q26 0 45-19t19-45zm256-544v960q0 119-84.5 203.5t-203.5 84.5h-960q-119 0-203.5-84.5t-84.5-203.5v-960q0-119 84.5-203.5t203.5-84.5h960q119 0 203.5 84.5t84.5 203.5z\"><\/path><\/svg><span class=\"tooltip\">Image to the post titled: VIII Opolskie Targi Ekonomii Spo\u0142ecznej w Grodzisku 22-23.06.2024 r., otworzy si\u0119 w nowym oknie<\/span><\/a><\/figure>\n\n\n\n<figure class=\"wp-block-image size-full\"><a href=\"https:\/\/es.rops-opole.pl\/wp-content\/uploads\/2024\/06\/1-1.png\" target=\"_blank\" rel=\"noopener\" aria-label=\"Image to the post titled: VIII Opolskie Targi Ekonomii Spo\u0142ecznej w Grodzisku 22-23.06.2024 r., otworzy si\u0119 w nowym oknie\" class=\"attachment-link target-blank use-tooltip\"><img loading=\"lazy\" decoding=\"async\" width=\"2000\" height=\"1444\" data-id=\"962\" src=\"https:\/\/es.rops-opole.pl\/wp-content\/uploads\/2024\/06\/1-1.png\" alt=\"\" class=\"wp-image-962\" srcset=\"https:\/\/es.rops-opole.pl\/wp-content\/uploads\/2024\/06\/1-1.png 2000w, https:\/\/es.rops-opole.pl\/wp-content\/uploads\/2024\/06\/1-1-1536x1109.png 1536w, https:\/\/es.rops-opole.pl\/wp-content\/uploads\/2024\/06\/1-1-820x592.png 820w, https:\/\/es.rops-opole.pl\/wp-content\/uploads\/2024\/06\/1-1-247x178.png 247w\" sizes=\"auto, (max-width: 2000px) 100vw, 2000px\"><svg aria-hidden=\"true\" class=\"icon-new-window\" viewbox=\"0 0 1792 1792\"><path d=\"M1408 960v-128q0-26-19-45t-45-19h-320v-320q0-26-19-45t-45-19h-128q-26 0-45 19t-19 45v320h-320q-26 0-45 19t-19 45v128q0 26 19 45t45 19h320v320q0 26 19 45t45 19h128q26 0 45-19t19-45v-320h320q26 0 45-19t19-45zm256-544v960q0 119-84.5 203.5t-203.5 84.5h-960q-119 0-203.5-84.5t-84.5-203.5v-960q0-119 84.5-203.5t203.5-84.5h960q119 0 203.5 84.5t84.5 203.5z\"><\/path><\/svg><span class=\"tooltip\">Image to the post titled: VIII Opolskie Targi Ekonomii Spo\u0142ecznej w Grodzisku 22-23.06.2024 r., otworzy si\u0119 w nowym oknie<\/span><\/a><\/figure>\n\n\n\n<figure class=\"wp-block-image size-full\"><a href=\"https:\/\/es.rops-opole.pl\/wp-content\/uploads\/2024\/06\/41-1.png\" target=\"_blank\" rel=\"noopener\" aria-label=\"Image to the post titled: VIII Opolskie Targi Ekonomii Spo\u0142ecznej w Grodzisku 22-23.06.2024 r., otworzy si\u0119 w nowym oknie\" class=\"attachment-link target-blank use-tooltip\"><img loading=\"lazy\" decoding=\"async\" width=\"2000\" height=\"1444\" data-id=\"961\" src=\"https:\/\/es.rops-opole.pl\/wp-content\/uploads\/2024\/06\/41-1.png\" alt=\"\" class=\"wp-image-961\" srcset=\"https:\/\/es.rops-opole.pl\/wp-content\/uploads\/2024\/06\/41-1.png 2000w, https:\/\/es.rops-opole.pl\/wp-content\/uploads\/2024\/06\/41-1-1536x1109.png 1536w, https:\/\/es.rops-opole.pl\/wp-content\/uploads\/2024\/06\/41-1-820x592.png 820w, https:\/\/es.rops-opole.pl\/wp-content\/uploads\/2024\/06\/41-1-247x178.png 247w\" sizes=\"auto, (max-width: 2000px) 100vw, 2000px\"><svg aria-hidden=\"true\" class=\"icon-new-window\" viewbox=\"0 0 1792 1792\"><path d=\"M1408 960v-128q0-26-19-45t-45-19h-320v-320q0-26-19-45t-45-19h-128q-26 0-45 19t-19 45v320h-320q-26 0-45 19t-19 45v128q0 26 19 45t45 19h320v320q0 26 19 45t45 19h128q26 0 45-19t19-45v-320h320q26 0 45-19t19-45zm256-544v960q0 119-84.5 203.5t-203.5 84.5h-960q-119 0-203.5-84.5t-84.5-203.5v-960q0-119 84.5-203.5t203.5-84.5h960q119 0 203.5 84.5t84.5 203.5z\"><\/path><\/svg><span class=\"tooltip\">Image to the post titled: VIII Opolskie Targi Ekonomii Spo\u0142ecznej w Grodzisku 22-23.06.2024 r., otworzy si\u0119 w nowym oknie<\/span><\/a><\/figure>\n\n\n\n<figure class=\"wp-block-image size-full\"><a href=\"https:\/\/es.rops-opole.pl\/wp-content\/uploads\/2024\/06\/40-2.png\" target=\"_blank\" rel=\"noopener\" aria-label=\"Image to the post titled: VIII Opolskie Targi Ekonomii Spo\u0142ecznej w Grodzisku 22-23.06.2024 r., otworzy si\u0119 w nowym oknie\" class=\"attachment-link target-blank use-tooltip\"><img loading=\"lazy\" decoding=\"async\" width=\"2000\" height=\"1444\" data-id=\"960\" src=\"https:\/\/es.rops-opole.pl\/wp-content\/uploads\/2024\/06\/40-2.png\" alt=\"\" class=\"wp-image-960\" srcset=\"https:\/\/es.rops-opole.pl\/wp-content\/uploads\/2024\/06\/40-2.png 2000w, https:\/\/es.rops-opole.pl\/wp-content\/uploads\/2024\/06\/40-2-1536x1109.png 1536w, https:\/\/es.rops-opole.pl\/wp-content\/uploads\/2024\/06\/40-2-820x592.png 820w, https:\/\/es.rops-opole.pl\/wp-content\/uploads\/2024\/06\/40-2-247x178.png 247w\" sizes=\"auto, (max-width: 2000px) 100vw, 2000px\"><svg aria-hidden=\"true\" class=\"icon-new-window\" viewbox=\"0 0 1792 1792\"><path d=\"M1408 960v-128q0-26-19-45t-45-19h-320v-320q0-26-19-45t-45-19h-128q-26 0-45 19t-19 45v320h-320q-26 0-45 19t-19 45v128q0 26 19 45t45 19h320v320q0 26 19 45t45 19h128q26 0 45-19t19-45v-320h320q26 0 45-19t19-45zm256-544v960q0 119-84.5 203.5t-203.5 84.5h-960q-119 0-203.5-84.5t-84.5-203.5v-960q0-119 84.5-203.5t203.5-84.5h960q119 0 203.5 84.5t84.5 203.5z\"><\/path><\/svg><span class=\"tooltip\">Image to the post titled: VIII Opolskie Targi Ekonomii Spo\u0142ecznej w Grodzisku 22-23.06.2024 r., otworzy si\u0119 w nowym oknie<\/span><\/a><\/figure>\n\n\n\n<figure class=\"wp-block-image size-full\"><a href=\"https:\/\/es.rops-opole.pl\/wp-content\/uploads\/2024\/06\/39-1.png\" target=\"_blank\" rel=\"noopener\" aria-label=\"Image to the post titled: VIII Opolskie Targi Ekonomii Spo\u0142ecznej w Grodzisku 22-23.06.2024 r., otworzy si\u0119 w nowym oknie\" class=\"attachment-link target-blank use-tooltip\"><img loading=\"lazy\" decoding=\"async\" width=\"2000\" height=\"1444\" data-id=\"959\" src=\"https:\/\/es.rops-opole.pl\/wp-content\/uploads\/2024\/06\/39-1.png\" alt=\"\" class=\"wp-image-959\" srcset=\"https:\/\/es.rops-opole.pl\/wp-content\/uploads\/2024\/06\/39-1.png 2000w, https:\/\/es.rops-opole.pl\/wp-content\/uploads\/2024\/06\/39-1-1536x1109.png 1536w, https:\/\/es.rops-opole.pl\/wp-content\/uploads\/2024\/06\/39-1-820x592.png 820w, https:\/\/es.rops-opole.pl\/wp-content\/uploads\/2024\/06\/39-1-247x178.png 247w\" sizes=\"auto, (max-width: 2000px) 100vw, 2000px\"><svg aria-hidden=\"true\" class=\"icon-new-window\" viewbox=\"0 0 1792 1792\"><path d=\"M1408 960v-128q0-26-19-45t-45-19h-320v-320q0-26-19-45t-45-19h-128q-26 0-45 19t-19 45v320h-320q-26 0-45 19t-19 45v128q0 26 19 45t45 19h320v320q0 26 19 45t45 19h128q26 0 45-19t19-45v-320h320q26 0 45-19t19-45zm256-544v960q0 119-84.5 203.5t-203.5 84.5h-960q-119 0-203.5-84.5t-84.5-203.5v-960q0-119 84.5-203.5t203.5-84.5h960q119 0 203.5 84.5t84.5 203.5z\"><\/path><\/svg><span class=\"tooltip\">Image to the post titled: VIII Opolskie Targi Ekonomii Spo\u0142ecznej w Grodzisku 22-23.06.2024 r., otworzy si\u0119 w nowym oknie<\/span><\/a><\/figure>\n\n\n\n<figure class=\"wp-block-image size-full\"><a href=\"https:\/\/es.rops-opole.pl\/wp-content\/uploads\/2024\/06\/38-1.png\" target=\"_blank\" rel=\"noopener\" aria-label=\"Image to the post titled: VIII Opolskie Targi Ekonomii Spo\u0142ecznej w Grodzisku 22-23.06.2024 r., otworzy si\u0119 w nowym oknie\" class=\"attachment-link target-blank use-tooltip\"><img loading=\"lazy\" decoding=\"async\" width=\"2000\" height=\"1444\" data-id=\"958\" src=\"https:\/\/es.rops-opole.pl\/wp-content\/uploads\/2024\/06\/38-1.png\" alt=\"\" class=\"wp-image-958\" srcset=\"https:\/\/es.rops-opole.pl\/wp-content\/uploads\/2024\/06\/38-1.png 2000w, https:\/\/es.rops-opole.pl\/wp-content\/uploads\/2024\/06\/38-1-1536x1109.png 1536w, https:\/\/es.rops-opole.pl\/wp-content\/uploads\/2024\/06\/38-1-820x592.png 820w, https:\/\/es.rops-opole.pl\/wp-content\/uploads\/2024\/06\/38-1-247x178.png 247w\" sizes=\"auto, (max-width: 2000px) 100vw, 2000px\"><svg aria-hidden=\"true\" class=\"icon-new-window\" viewbox=\"0 0 1792 1792\"><path d=\"M1408 960v-128q0-26-19-45t-45-19h-320v-320q0-26-19-45t-45-19h-128q-26 0-45 19t-19 45v320h-320q-26 0-45 19t-19 45v128q0 26 19 45t45 19h320v320q0 26 19 45t45 19h128q26 0 45-19t19-45v-320h320q26 0 45-19t19-45zm256-544v960q0 119-84.5 203.5t-203.5 84.5h-960q-119 0-203.5-84.5t-84.5-203.5v-960q0-119 84.5-203.5t203.5-84.5h960q119 0 203.5 84.5t84.5 203.5z\"><\/path><\/svg><span class=\"tooltip\">Image to the post titled: VIII Opolskie Targi Ekonomii Spo\u0142ecznej w Grodzisku 22-23.06.2024 r., otworzy si\u0119 w nowym oknie<\/span><\/a><\/figure>\n\n\n\n<figure class=\"wp-block-image size-full\"><a href=\"https:\/\/es.rops-opole.pl\/wp-content\/uploads\/2024\/06\/37-1.png\" target=\"_blank\" rel=\"noopener\" aria-label=\"Image to the post titled: VIII Opolskie Targi Ekonomii Spo\u0142ecznej w Grodzisku 22-23.06.2024 r., otworzy si\u0119 w nowym oknie\" class=\"attachment-link target-blank use-tooltip\"><img loading=\"lazy\" decoding=\"async\" width=\"2000\" height=\"1444\" data-id=\"957\" src=\"https:\/\/es.rops-opole.pl\/wp-content\/uploads\/2024\/06\/37-1.png\" alt=\"\" class=\"wp-image-957\" srcset=\"https:\/\/es.rops-opole.pl\/wp-content\/uploads\/2024\/06\/37-1.png 2000w, https:\/\/es.rops-opole.pl\/wp-content\/uploads\/2024\/06\/37-1-1536x1109.png 1536w, https:\/\/es.rops-opole.pl\/wp-content\/uploads\/2024\/06\/37-1-820x592.png 820w, https:\/\/es.rops-opole.pl\/wp-content\/uploads\/2024\/06\/37-1-247x178.png 247w\" sizes=\"auto, (max-width: 2000px) 100vw, 2000px\"><svg aria-hidden=\"true\" class=\"icon-new-window\" viewbox=\"0 0 1792 1792\"><path d=\"M1408 960v-128q0-26-19-45t-45-19h-320v-320q0-26-19-45t-45-19h-128q-26 0-45 19t-19 45v320h-320q-26 0-45 19t-19 45v128q0 26 19 45t45 19h320v320q0 26 19 45t45 19h128q26 0 45-19t19-45v-320h320q26 0 45-19t19-45zm256-544v960q0 119-84.5 203.5t-203.5 84.5h-960q-119 0-203.5-84.5t-84.5-203.5v-960q0-119 84.5-203.5t203.5-84.5h960q119 0 203.5 84.5t84.5 203.5z\"><\/path><\/svg><span class=\"tooltip\">Image to the post titled: VIII Opolskie Targi Ekonomii Spo\u0142ecznej w Grodzisku 22-23.06.2024 r., otworzy si\u0119 w nowym oknie<\/span><\/a><\/figure>\n\n\n\n<figure class=\"wp-block-image size-full\"><a href=\"https:\/\/es.rops-opole.pl\/wp-content\/uploads\/2024\/06\/36-1.png\" target=\"_blank\" rel=\"noopener\" aria-label=\"Image to the post titled: VIII Opolskie Targi Ekonomii Spo\u0142ecznej w Grodzisku 22-23.06.2024 r., otworzy si\u0119 w nowym oknie\" class=\"attachment-link target-blank use-tooltip\"><img loading=\"lazy\" decoding=\"async\" width=\"2000\" height=\"1444\" data-id=\"956\" src=\"https:\/\/es.rops-opole.pl\/wp-content\/uploads\/2024\/06\/36-1.png\" alt=\"\" class=\"wp-image-956\" srcset=\"https:\/\/es.rops-opole.pl\/wp-content\/uploads\/2024\/06\/36-1.png 2000w, https:\/\/es.rops-opole.pl\/wp-content\/uploads\/2024\/06\/36-1-1536x1109.png 1536w, https:\/\/es.rops-opole.pl\/wp-content\/uploads\/2024\/06\/36-1-820x592.png 820w, https:\/\/es.rops-opole.pl\/wp-content\/uploads\/2024\/06\/36-1-247x178.png 247w\" sizes=\"auto, (max-width: 2000px) 100vw, 2000px\"><svg aria-hidden=\"true\" class=\"icon-new-window\" viewbox=\"0 0 1792 1792\"><path d=\"M1408 960v-128q0-26-19-45t-45-19h-320v-320q0-26-19-45t-45-19h-128q-26 0-45 19t-19 45v320h-320q-26 0-45 19t-19 45v128q0 26 19 45t45 19h320v320q0 26 19 45t45 19h128q26 0 45-19t19-45v-320h320q26 0 45-19t19-45zm256-544v960q0 119-84.5 203.5t-203.5 84.5h-960q-119 0-203.5-84.5t-84.5-203.5v-960q0-119 84.5-203.5t203.5-84.5h960q119 0 203.5 84.5t84.5 203.5z\"><\/path><\/svg><span class=\"tooltip\">Image to the post titled: VIII Opolskie Targi Ekonomii Spo\u0142ecznej w Grodzisku 22-23.06.2024 r., otworzy si\u0119 w nowym oknie<\/span><\/a><\/figure>\n\n\n\n<figure class=\"wp-block-image size-full\"><a href=\"https:\/\/es.rops-opole.pl\/wp-content\/uploads\/2024\/06\/35-1.png\" target=\"_blank\" rel=\"noopener\" aria-label=\"Image to the post titled: VIII Opolskie Targi Ekonomii Spo\u0142ecznej w Grodzisku 22-23.06.2024 r., otworzy si\u0119 w nowym oknie\" class=\"attachment-link target-blank use-tooltip\"><img loading=\"lazy\" decoding=\"async\" width=\"2000\" height=\"1444\" data-id=\"955\" src=\"https:\/\/es.rops-opole.pl\/wp-content\/uploads\/2024\/06\/35-1.png\" alt=\"\" class=\"wp-image-955\" srcset=\"https:\/\/es.rops-opole.pl\/wp-content\/uploads\/2024\/06\/35-1.png 2000w, https:\/\/es.rops-opole.pl\/wp-content\/uploads\/2024\/06\/35-1-1536x1109.png 1536w, https:\/\/es.rops-opole.pl\/wp-content\/uploads\/2024\/06\/35-1-820x592.png 820w, https:\/\/es.rops-opole.pl\/wp-content\/uploads\/2024\/06\/35-1-247x178.png 247w\" sizes=\"auto, (max-width: 2000px) 100vw, 2000px\"><svg aria-hidden=\"true\" class=\"icon-new-window\" viewbox=\"0 0 1792 1792\"><path d=\"M1408 960v-128q0-26-19-45t-45-19h-320v-320q0-26-19-45t-45-19h-128q-26 0-45 19t-19 45v320h-320q-26 0-45 19t-19 45v128q0 26 19 45t45 19h320v320q0 26 19 45t45 19h128q26 0 45-19t19-45v-320h320q26 0 45-19t19-45zm256-544v960q0 119-84.5 203.5t-203.5 84.5h-960q-119 0-203.5-84.5t-84.5-203.5v-960q0-119 84.5-203.5t203.5-84.5h960q119 0 203.5 84.5t84.5 203.5z\"><\/path><\/svg><span class=\"tooltip\">Image to the post titled: VIII Opolskie Targi Ekonomii Spo\u0142ecznej w Grodzisku 22-23.06.2024 r., otworzy si\u0119 w nowym oknie<\/span><\/a><\/figure>\n\n\n\n<figure class=\"wp-block-image size-full\"><a href=\"https:\/\/es.rops-opole.pl\/wp-content\/uploads\/2024\/06\/34-1.png\" target=\"_blank\" rel=\"noopener\" aria-label=\"Image to the post titled: VIII Opolskie Targi Ekonomii Spo\u0142ecznej w Grodzisku 22-23.06.2024 r., otworzy si\u0119 w nowym oknie\" class=\"attachment-link target-blank use-tooltip\"><img loading=\"lazy\" decoding=\"async\" width=\"2000\" height=\"1444\" data-id=\"954\" src=\"https:\/\/es.rops-opole.pl\/wp-content\/uploads\/2024\/06\/34-1.png\" alt=\"\" class=\"wp-image-954\" srcset=\"https:\/\/es.rops-opole.pl\/wp-content\/uploads\/2024\/06\/34-1.png 2000w, https:\/\/es.rops-opole.pl\/wp-content\/uploads\/2024\/06\/34-1-1536x1109.png 1536w, https:\/\/es.rops-opole.pl\/wp-content\/uploads\/2024\/06\/34-1-820x592.png 820w, https:\/\/es.rops-opole.pl\/wp-content\/uploads\/2024\/06\/34-1-247x178.png 247w\" sizes=\"auto, (max-width: 2000px) 100vw, 2000px\"><svg aria-hidden=\"true\" class=\"icon-new-window\" viewbox=\"0 0 1792 1792\"><path d=\"M1408 960v-128q0-26-19-45t-45-19h-320v-320q0-26-19-45t-45-19h-128q-26 0-45 19t-19 45v320h-320q-26 0-45 19t-19 45v128q0 26 19 45t45 19h320v320q0 26 19 45t45 19h128q26 0 45-19t19-45v-320h320q26 0 45-19t19-45zm256-544v960q0 119-84.5 203.5t-203.5 84.5h-960q-119 0-203.5-84.5t-84.5-203.5v-960q0-119 84.5-203.5t203.5-84.5h960q119 0 203.5 84.5t84.5 203.5z\"><\/path><\/svg><span class=\"tooltip\">Image to the post titled: VIII Opolskie Targi Ekonomii Spo\u0142ecznej w Grodzisku 22-23.06.2024 r., otworzy si\u0119 w nowym oknie<\/span><\/a><\/figure>\n\n\n\n<figure class=\"wp-block-image size-full\"><a href=\"https:\/\/es.rops-opole.pl\/wp-content\/uploads\/2024\/06\/33-1.png\" target=\"_blank\" rel=\"noopener\" aria-label=\"Image to the post titled: VIII Opolskie Targi Ekonomii Spo\u0142ecznej w Grodzisku 22-23.06.2024 r., otworzy si\u0119 w nowym oknie\" class=\"attachment-link target-blank use-tooltip\"><img loading=\"lazy\" decoding=\"async\" width=\"2000\" height=\"1444\" data-id=\"953\" src=\"https:\/\/es.rops-opole.pl\/wp-content\/uploads\/2024\/06\/33-1.png\" alt=\"\" class=\"wp-image-953\" srcset=\"https:\/\/es.rops-opole.pl\/wp-content\/uploads\/2024\/06\/33-1.png 2000w, https:\/\/es.rops-opole.pl\/wp-content\/uploads\/2024\/06\/33-1-1536x1109.png 1536w, https:\/\/es.rops-opole.pl\/wp-content\/uploads\/2024\/06\/33-1-820x592.png 820w, https:\/\/es.rops-opole.pl\/wp-content\/uploads\/2024\/06\/33-1-247x178.png 247w\" sizes=\"auto, (max-width: 2000px) 100vw, 2000px\"><svg aria-hidden=\"true\" class=\"icon-new-window\" viewbox=\"0 0 1792 1792\"><path d=\"M1408 960v-128q0-26-19-45t-45-19h-320v-320q0-26-19-45t-45-19h-128q-26 0-45 19t-19 45v320h-320q-26 0-45 19t-19 45v128q0 26 19 45t45 19h320v320q0 26 19 45t45 19h128q26 0 45-19t19-45v-320h320q26 0 45-19t19-45zm256-544v960q0 119-84.5 203.5t-203.5 84.5h-960q-119 0-203.5-84.5t-84.5-203.5v-960q0-119 84.5-203.5t203.5-84.5h960q119 0 203.5 84.5t84.5 203.5z\"><\/path><\/svg><span class=\"tooltip\">Image to the post titled: VIII Opolskie Targi Ekonomii Spo\u0142ecznej w Grodzisku 22-23.06.2024 r., otworzy si\u0119 w nowym oknie<\/span><\/a><\/figure>\n\n\n\n<figure class=\"wp-block-image size-full\"><a href=\"https:\/\/es.rops-opole.pl\/wp-content\/uploads\/2024\/06\/32-1.png\" target=\"_blank\" rel=\"noopener\" aria-label=\"Image to the post titled: VIII Opolskie Targi Ekonomii Spo\u0142ecznej w Grodzisku 22-23.06.2024 r., otworzy si\u0119 w nowym oknie\" class=\"attachment-link target-blank use-tooltip\"><img loading=\"lazy\" decoding=\"async\" width=\"2000\" height=\"1444\" data-id=\"952\" src=\"https:\/\/es.rops-opole.pl\/wp-content\/uploads\/2024\/06\/32-1.png\" alt=\"\" class=\"wp-image-952\" srcset=\"https:\/\/es.rops-opole.pl\/wp-content\/uploads\/2024\/06\/32-1.png 2000w, https:\/\/es.rops-opole.pl\/wp-content\/uploads\/2024\/06\/32-1-1536x1109.png 1536w, https:\/\/es.rops-opole.pl\/wp-content\/uploads\/2024\/06\/32-1-820x592.png 820w, https:\/\/es.rops-opole.pl\/wp-content\/uploads\/2024\/06\/32-1-247x178.png 247w\" sizes=\"auto, (max-width: 2000px) 100vw, 2000px\"><svg aria-hidden=\"true\" class=\"icon-new-window\" viewbox=\"0 0 1792 1792\"><path d=\"M1408 960v-128q0-26-19-45t-45-19h-320v-320q0-26-19-45t-45-19h-128q-26 0-45 19t-19 45v320h-320q-26 0-45 19t-19 45v128q0 26 19 45t45 19h320v320q0 26 19 45t45 19h128q26 0 45-19t19-45v-320h320q26 0 45-19t19-45zm256-544v960q0 119-84.5 203.5t-203.5 84.5h-960q-119 0-203.5-84.5t-84.5-203.5v-960q0-119 84.5-203.5t203.5-84.5h960q119 0 203.5 84.5t84.5 203.5z\"><\/path><\/svg><span class=\"tooltip\">Image to the post titled: VIII Opolskie Targi Ekonomii Spo\u0142ecznej w Grodzisku 22-23.06.2024 r., otworzy si\u0119 w nowym oknie<\/span><\/a><\/figure>\n\n\n\n<figure class=\"wp-block-image size-full\"><a href=\"https:\/\/es.rops-opole.pl\/wp-content\/uploads\/2024\/06\/31-1.png\" target=\"_blank\" rel=\"noopener\" aria-label=\"Image to the post titled: VIII Opolskie Targi Ekonomii Spo\u0142ecznej w Grodzisku 22-23.06.2024 r., otworzy si\u0119 w nowym oknie\" class=\"attachment-link target-blank use-tooltip\"><img loading=\"lazy\" decoding=\"async\" width=\"2000\" height=\"1444\" data-id=\"951\" src=\"https:\/\/es.rops-opole.pl\/wp-content\/uploads\/2024\/06\/31-1.png\" alt=\"\" class=\"wp-image-951\" srcset=\"https:\/\/es.rops-opole.pl\/wp-content\/uploads\/2024\/06\/31-1.png 2000w, https:\/\/es.rops-opole.pl\/wp-content\/uploads\/2024\/06\/31-1-1536x1109.png 1536w, https:\/\/es.rops-opole.pl\/wp-content\/uploads\/2024\/06\/31-1-820x592.png 820w, https:\/\/es.rops-opole.pl\/wp-content\/uploads\/2024\/06\/31-1-247x178.png 247w\" sizes=\"auto, (max-width: 2000px) 100vw, 2000px\"><svg aria-hidden=\"true\" class=\"icon-new-window\" viewbox=\"0 0 1792 1792\"><path d=\"M1408 960v-128q0-26-19-45t-45-19h-320v-320q0-26-19-45t-45-19h-128q-26 0-45 19t-19 45v320h-320q-26 0-45 19t-19 45v128q0 26 19 45t45 19h320v320q0 26 19 45t45 19h128q26 0 45-19t19-45v-320h320q26 0 45-19t19-45zm256-544v960q0 119-84.5 203.5t-203.5 84.5h-960q-119 0-203.5-84.5t-84.5-203.5v-960q0-119 84.5-203.5t203.5-84.5h960q119 0 203.5 84.5t84.5 203.5z\"><\/path><\/svg><span class=\"tooltip\">Image to the post titled: VIII Opolskie Targi Ekonomii Spo\u0142ecznej w Grodzisku 22-23.06.2024 r., otworzy si\u0119 w nowym oknie<\/span><\/a><\/figure>\n\n\n\n<figure class=\"wp-block-image size-full\"><a href=\"https:\/\/es.rops-opole.pl\/wp-content\/uploads\/2024\/06\/30-1.png\" target=\"_blank\" rel=\"noopener\" aria-label=\"Image to the post titled: VIII Opolskie Targi Ekonomii Spo\u0142ecznej w Grodzisku 22-23.06.2024 r., otworzy si\u0119 w nowym oknie\" class=\"attachment-link target-blank use-tooltip\"><img loading=\"lazy\" decoding=\"async\" width=\"2000\" height=\"1444\" data-id=\"950\" src=\"https:\/\/es.rops-opole.pl\/wp-content\/uploads\/2024\/06\/30-1.png\" alt=\"\" class=\"wp-image-950\" srcset=\"https:\/\/es.rops-opole.pl\/wp-content\/uploads\/2024\/06\/30-1.png 2000w, https:\/\/es.rops-opole.pl\/wp-content\/uploads\/2024\/06\/30-1-1536x1109.png 1536w, https:\/\/es.rops-opole.pl\/wp-content\/uploads\/2024\/06\/30-1-820x592.png 820w, https:\/\/es.rops-opole.pl\/wp-content\/uploads\/2024\/06\/30-1-247x178.png 247w\" sizes=\"auto, (max-width: 2000px) 100vw, 2000px\"><svg aria-hidden=\"true\" class=\"icon-new-window\" viewbox=\"0 0 1792 1792\"><path d=\"M1408 960v-128q0-26-19-45t-45-19h-320v-320q0-26-19-45t-45-19h-128q-26 0-45 19t-19 45v320h-320q-26 0-45 19t-19 45v128q0 26 19 45t45 19h320v320q0 26 19 45t45 19h128q26 0 45-19t19-45v-320h320q26 0 45-19t19-45zm256-544v960q0 119-84.5 203.5t-203.5 84.5h-960q-119 0-203.5-84.5t-84.5-203.5v-960q0-119 84.5-203.5t203.5-84.5h960q119 0 203.5 84.5t84.5 203.5z\"><\/path><\/svg><span class=\"tooltip\">Image to the post titled: VIII Opolskie Targi Ekonomii Spo\u0142ecznej w Grodzisku 22-23.06.2024 r., otworzy si\u0119 w nowym oknie<\/span><\/a><\/figure>\n\n\n\n<figure class=\"wp-block-image size-full\"><a href=\"https:\/\/es.rops-opole.pl\/wp-content\/uploads\/2024\/06\/29-1.png\" target=\"_blank\" rel=\"noopener\" aria-label=\"Image to the post titled: VIII Opolskie Targi Ekonomii Spo\u0142ecznej w Grodzisku 22-23.06.2024 r., otworzy si\u0119 w nowym oknie\" class=\"attachment-link target-blank use-tooltip\"><img loading=\"lazy\" decoding=\"async\" width=\"2000\" height=\"1444\" data-id=\"949\" src=\"https:\/\/es.rops-opole.pl\/wp-content\/uploads\/2024\/06\/29-1.png\" alt=\"\" class=\"wp-image-949\" srcset=\"https:\/\/es.rops-opole.pl\/wp-content\/uploads\/2024\/06\/29-1.png 2000w, https:\/\/es.rops-opole.pl\/wp-content\/uploads\/2024\/06\/29-1-1536x1109.png 1536w, https:\/\/es.rops-opole.pl\/wp-content\/uploads\/2024\/06\/29-1-820x592.png 820w, https:\/\/es.rops-opole.pl\/wp-content\/uploads\/2024\/06\/29-1-247x178.png 247w\" sizes=\"auto, (max-width: 2000px) 100vw, 2000px\"><svg aria-hidden=\"true\" class=\"icon-new-window\" viewbox=\"0 0 1792 1792\"><path d=\"M1408 960v-128q0-26-19-45t-45-19h-320v-320q0-26-19-45t-45-19h-128q-26 0-45 19t-19 45v320h-320q-26 0-45 19t-19 45v128q0 26 19 45t45 19h320v320q0 26 19 45t45 19h128q26 0 45-19t19-45v-320h320q26 0 45-19t19-45zm256-544v960q0 119-84.5 203.5t-203.5 84.5h-960q-119 0-203.5-84.5t-84.5-203.5v-960q0-119 84.5-203.5t203.5-84.5h960q119 0 203.5 84.5t84.5 203.5z\"><\/path><\/svg><span class=\"tooltip\">Image to the post titled: VIII Opolskie Targi Ekonomii Spo\u0142ecznej w Grodzisku 22-23.06.2024 r., otworzy si\u0119 w nowym oknie<\/span><\/a><\/figure>\n\n\n\n<figure class=\"wp-block-image size-full\"><a href=\"https:\/\/es.rops-opole.pl\/wp-content\/uploads\/2024\/06\/28-1.png\" target=\"_blank\" rel=\"noopener\" aria-label=\"Image to the post titled: VIII Opolskie Targi Ekonomii Spo\u0142ecznej w Grodzisku 22-23.06.2024 r., otworzy si\u0119 w nowym oknie\" class=\"attachment-link target-blank use-tooltip\"><img loading=\"lazy\" decoding=\"async\" width=\"2000\" height=\"1444\" data-id=\"948\" src=\"https:\/\/es.rops-opole.pl\/wp-content\/uploads\/2024\/06\/28-1.png\" alt=\"\" class=\"wp-image-948\" srcset=\"https:\/\/es.rops-opole.pl\/wp-content\/uploads\/2024\/06\/28-1.png 2000w, https:\/\/es.rops-opole.pl\/wp-content\/uploads\/2024\/06\/28-1-1536x1109.png 1536w, https:\/\/es.rops-opole.pl\/wp-content\/uploads\/2024\/06\/28-1-820x592.png 820w, https:\/\/es.rops-opole.pl\/wp-content\/uploads\/2024\/06\/28-1-247x178.png 247w\" sizes=\"auto, (max-width: 2000px) 100vw, 2000px\"><svg aria-hidden=\"true\" class=\"icon-new-window\" viewbox=\"0 0 1792 1792\"><path d=\"M1408 960v-128q0-26-19-45t-45-19h-320v-320q0-26-19-45t-45-19h-128q-26 0-45 19t-19 45v320h-320q-26 0-45 19t-19 45v128q0 26 19 45t45 19h320v320q0 26 19 45t45 19h128q26 0 45-19t19-45v-320h320q26 0 45-19t19-45zm256-544v960q0 119-84.5 203.5t-203.5 84.5h-960q-119 0-203.5-84.5t-84.5-203.5v-960q0-119 84.5-203.5t203.5-84.5h960q119 0 203.5 84.5t84.5 203.5z\"><\/path><\/svg><span class=\"tooltip\">Image to the post titled: VIII Opolskie Targi Ekonomii Spo\u0142ecznej w Grodzisku 22-23.06.2024 r., otworzy si\u0119 w nowym oknie<\/span><\/a><\/figure>\n\n\n\n<figure class=\"wp-block-image size-full\"><a href=\"https:\/\/es.rops-opole.pl\/wp-content\/uploads\/2024\/06\/27-1.png\" target=\"_blank\" rel=\"noopener\" aria-label=\"Image to the post titled: VIII Opolskie Targi Ekonomii Spo\u0142ecznej w Grodzisku 22-23.06.2024 r., otworzy si\u0119 w nowym oknie\" class=\"attachment-link target-blank use-tooltip\"><img loading=\"lazy\" decoding=\"async\" width=\"2000\" height=\"1444\" data-id=\"947\" src=\"https:\/\/es.rops-opole.pl\/wp-content\/uploads\/2024\/06\/27-1.png\" alt=\"\" class=\"wp-image-947\" srcset=\"https:\/\/es.rops-opole.pl\/wp-content\/uploads\/2024\/06\/27-1.png 2000w, https:\/\/es.rops-opole.pl\/wp-content\/uploads\/2024\/06\/27-1-1536x1109.png 1536w, https:\/\/es.rops-opole.pl\/wp-content\/uploads\/2024\/06\/27-1-820x592.png 820w, https:\/\/es.rops-opole.pl\/wp-content\/uploads\/2024\/06\/27-1-247x178.png 247w\" sizes=\"auto, (max-width: 2000px) 100vw, 2000px\"><svg aria-hidden=\"true\" class=\"icon-new-window\" viewbox=\"0 0 1792 1792\"><path d=\"M1408 960v-128q0-26-19-45t-45-19h-320v-320q0-26-19-45t-45-19h-128q-26 0-45 19t-19 45v320h-320q-26 0-45 19t-19 45v128q0 26 19 45t45 19h320v320q0 26 19 45t45 19h128q26 0 45-19t19-45v-320h320q26 0 45-19t19-45zm256-544v960q0 119-84.5 203.5t-203.5 84.5h-960q-119 0-203.5-84.5t-84.5-203.5v-960q0-119 84.5-203.5t203.5-84.5h960q119 0 203.5 84.5t84.5 203.5z\"><\/path><\/svg><span class=\"tooltip\">Image to the post titled: VIII Opolskie Targi Ekonomii Spo\u0142ecznej w Grodzisku 22-23.06.2024 r., otworzy si\u0119 w nowym oknie<\/span><\/a><\/figure>\n\n\n\n<figure class=\"wp-block-image size-full\"><a href=\"https:\/\/es.rops-opole.pl\/wp-content\/uploads\/2024\/06\/26-1.png\" target=\"_blank\" rel=\"noopener\" aria-label=\"Image to the post titled: VIII Opolskie Targi Ekonomii Spo\u0142ecznej w Grodzisku 22-23.06.2024 r., otworzy si\u0119 w nowym oknie\" class=\"attachment-link target-blank use-tooltip\"><img loading=\"lazy\" decoding=\"async\" width=\"2000\" height=\"1444\" data-id=\"946\" src=\"https:\/\/es.rops-opole.pl\/wp-content\/uploads\/2024\/06\/26-1.png\" alt=\"\" class=\"wp-image-946\" srcset=\"https:\/\/es.rops-opole.pl\/wp-content\/uploads\/2024\/06\/26-1.png 2000w, https:\/\/es.rops-opole.pl\/wp-content\/uploads\/2024\/06\/26-1-1536x1109.png 1536w, https:\/\/es.rops-opole.pl\/wp-content\/uploads\/2024\/06\/26-1-820x592.png 820w, https:\/\/es.rops-opole.pl\/wp-content\/uploads\/2024\/06\/26-1-247x178.png 247w\" sizes=\"auto, (max-width: 2000px) 100vw, 2000px\"><svg aria-hidden=\"true\" class=\"icon-new-window\" viewbox=\"0 0 1792 1792\"><path d=\"M1408 960v-128q0-26-19-45t-45-19h-320v-320q0-26-19-45t-45-19h-128q-26 0-45 19t-19 45v320h-320q-26 0-45 19t-19 45v128q0 26 19 45t45 19h320v320q0 26 19 45t45 19h128q26 0 45-19t19-45v-320h320q26 0 45-19t19-45zm256-544v960q0 119-84.5 203.5t-203.5 84.5h-960q-119 0-203.5-84.5t-84.5-203.5v-960q0-119 84.5-203.5t203.5-84.5h960q119 0 203.5 84.5t84.5 203.5z\"><\/path><\/svg><span class=\"tooltip\">Image to the post titled: VIII Opolskie Targi Ekonomii Spo\u0142ecznej w Grodzisku 22-23.06.2024 r., otworzy si\u0119 w nowym oknie<\/span><\/a><\/figure>\n\n\n\n<figure class=\"wp-block-image size-full\"><a href=\"https:\/\/es.rops-opole.pl\/wp-content\/uploads\/2024\/06\/25-1.png\" target=\"_blank\" rel=\"noopener\" aria-label=\"Image to the post titled: VIII Opolskie Targi Ekonomii Spo\u0142ecznej w Grodzisku 22-23.06.2024 r., otworzy si\u0119 w nowym oknie\" class=\"attachment-link target-blank use-tooltip\"><img loading=\"lazy\" decoding=\"async\" width=\"2000\" height=\"1444\" data-id=\"945\" src=\"https:\/\/es.rops-opole.pl\/wp-content\/uploads\/2024\/06\/25-1.png\" alt=\"\" class=\"wp-image-945\" srcset=\"https:\/\/es.rops-opole.pl\/wp-content\/uploads\/2024\/06\/25-1.png 2000w, https:\/\/es.rops-opole.pl\/wp-content\/uploads\/2024\/06\/25-1-1536x1109.png 1536w, https:\/\/es.rops-opole.pl\/wp-content\/uploads\/2024\/06\/25-1-820x592.png 820w, https:\/\/es.rops-opole.pl\/wp-content\/uploads\/2024\/06\/25-1-247x178.png 247w\" sizes=\"auto, (max-width: 2000px) 100vw, 2000px\"><svg aria-hidden=\"true\" class=\"icon-new-window\" viewbox=\"0 0 1792 1792\"><path d=\"M1408 960v-128q0-26-19-45t-45-19h-320v-320q0-26-19-45t-45-19h-128q-26 0-45 19t-19 45v320h-320q-26 0-45 19t-19 45v128q0 26 19 45t45 19h320v320q0 26 19 45t45 19h128q26 0 45-19t19-45v-320h320q26 0 45-19t19-45zm256-544v960q0 119-84.5 203.5t-203.5 84.5h-960q-119 0-203.5-84.5t-84.5-203.5v-960q0-119 84.5-203.5t203.5-84.5h960q119 0 203.5 84.5t84.5 203.5z\"><\/path><\/svg><span class=\"tooltip\">Image to the post titled: VIII Opolskie Targi Ekonomii Spo\u0142ecznej w Grodzisku 22-23.06.2024 r., otworzy si\u0119 w nowym oknie<\/span><\/a><\/figure>\n\n\n\n<figure class=\"wp-block-image size-full\"><a href=\"https:\/\/es.rops-opole.pl\/wp-content\/uploads\/2024\/06\/24-1.png\" target=\"_blank\" rel=\"noopener\" aria-label=\"Image to the post titled: VIII Opolskie Targi Ekonomii Spo\u0142ecznej w Grodzisku 22-23.06.2024 r., otworzy si\u0119 w nowym oknie\" class=\"attachment-link target-blank use-tooltip\"><img loading=\"lazy\" decoding=\"async\" width=\"2000\" height=\"1444\" data-id=\"944\" src=\"https:\/\/es.rops-opole.pl\/wp-content\/uploads\/2024\/06\/24-1.png\" alt=\"\" class=\"wp-image-944\" srcset=\"https:\/\/es.rops-opole.pl\/wp-content\/uploads\/2024\/06\/24-1.png 2000w, https:\/\/es.rops-opole.pl\/wp-content\/uploads\/2024\/06\/24-1-1536x1109.png 1536w, https:\/\/es.rops-opole.pl\/wp-content\/uploads\/2024\/06\/24-1-820x592.png 820w, https:\/\/es.rops-opole.pl\/wp-content\/uploads\/2024\/06\/24-1-247x178.png 247w\" sizes=\"auto, (max-width: 2000px) 100vw, 2000px\"><svg aria-hidden=\"true\" class=\"icon-new-window\" viewbox=\"0 0 1792 1792\"><path d=\"M1408 960v-128q0-26-19-45t-45-19h-320v-320q0-26-19-45t-45-19h-128q-26 0-45 19t-19 45v320h-320q-26 0-45 19t-19 45v128q0 26 19 45t45 19h320v320q0 26 19 45t45 19h128q26 0 45-19t19-45v-320h320q26 0 45-19t19-45zm256-544v960q0 119-84.5 203.5t-203.5 84.5h-960q-119 0-203.5-84.5t-84.5-203.5v-960q0-119 84.5-203.5t203.5-84.5h960q119 0 203.5 84.5t84.5 203.5z\"><\/path><\/svg><span class=\"tooltip\">Image to the post titled: VIII Opolskie Targi Ekonomii Spo\u0142ecznej w Grodzisku 22-23.06.2024 r., otworzy si\u0119 w nowym oknie<\/span><\/a><\/figure>\n\n\n\n<figure class=\"wp-block-image size-full\"><a href=\"https:\/\/es.rops-opole.pl\/wp-content\/uploads\/2024\/06\/23-1.png\" target=\"_blank\" rel=\"noopener\" aria-label=\"Image to the post titled: VIII Opolskie Targi Ekonomii Spo\u0142ecznej w Grodzisku 22-23.06.2024 r., otworzy si\u0119 w nowym oknie\" class=\"attachment-link target-blank use-tooltip\"><img loading=\"lazy\" decoding=\"async\" width=\"2000\" height=\"1444\" data-id=\"943\" src=\"https:\/\/es.rops-opole.pl\/wp-content\/uploads\/2024\/06\/23-1.png\" alt=\"\" class=\"wp-image-943\" srcset=\"https:\/\/es.rops-opole.pl\/wp-content\/uploads\/2024\/06\/23-1.png 2000w, https:\/\/es.rops-opole.pl\/wp-content\/uploads\/2024\/06\/23-1-1536x1109.png 1536w, https:\/\/es.rops-opole.pl\/wp-content\/uploads\/2024\/06\/23-1-820x592.png 820w, https:\/\/es.rops-opole.pl\/wp-content\/uploads\/2024\/06\/23-1-247x178.png 247w\" sizes=\"auto, (max-width: 2000px) 100vw, 2000px\"><svg aria-hidden=\"true\" class=\"icon-new-window\" viewbox=\"0 0 1792 1792\"><path d=\"M1408 960v-128q0-26-19-45t-45-19h-320v-320q0-26-19-45t-45-19h-128q-26 0-45 19t-19 45v320h-320q-26 0-45 19t-19 45v128q0 26 19 45t45 19h320v320q0 26 19 45t45 19h128q26 0 45-19t19-45v-320h320q26 0 45-19t19-45zm256-544v960q0 119-84.5 203.5t-203.5 84.5h-960q-119 0-203.5-84.5t-84.5-203.5v-960q0-119 84.5-203.5t203.5-84.5h960q119 0 203.5 84.5t84.5 203.5z\"><\/path><\/svg><span class=\"tooltip\">Image to the post titled: VIII Opolskie Targi Ekonomii Spo\u0142ecznej w Grodzisku 22-23.06.2024 r., otworzy si\u0119 w nowym oknie<\/span><\/a><\/figure>\n\n\n\n<figure class=\"wp-block-image size-full\"><a href=\"https:\/\/es.rops-opole.pl\/wp-content\/uploads\/2024\/06\/22-2.png\" target=\"_blank\" rel=\"noopener\" aria-label=\"Image to the post titled: VIII Opolskie Targi Ekonomii Spo\u0142ecznej w Grodzisku 22-23.06.2024 r., otworzy si\u0119 w nowym oknie\" class=\"attachment-link target-blank use-tooltip\"><img loading=\"lazy\" decoding=\"async\" width=\"2000\" height=\"1444\" data-id=\"942\" src=\"https:\/\/es.rops-opole.pl\/wp-content\/uploads\/2024\/06\/22-2.png\" alt=\"\" class=\"wp-image-942\" srcset=\"https:\/\/es.rops-opole.pl\/wp-content\/uploads\/2024\/06\/22-2.png 2000w, https:\/\/es.rops-opole.pl\/wp-content\/uploads\/2024\/06\/22-2-1536x1109.png 1536w, https:\/\/es.rops-opole.pl\/wp-content\/uploads\/2024\/06\/22-2-820x592.png 820w, https:\/\/es.rops-opole.pl\/wp-content\/uploads\/2024\/06\/22-2-247x178.png 247w\" sizes=\"auto, (max-width: 2000px) 100vw, 2000px\"><svg aria-hidden=\"true\" class=\"icon-new-window\" viewbox=\"0 0 1792 1792\"><path d=\"M1408 960v-128q0-26-19-45t-45-19h-320v-320q0-26-19-45t-45-19h-128q-26 0-45 19t-19 45v320h-320q-26 0-45 19t-19 45v128q0 26 19 45t45 19h320v320q0 26 19 45t45 19h128q26 0 45-19t19-45v-320h320q26 0 45-19t19-45zm256-544v960q0 119-84.5 203.5t-203.5 84.5h-960q-119 0-203.5-84.5t-84.5-203.5v-960q0-119 84.5-203.5t203.5-84.5h960q119 0 203.5 84.5t84.5 203.5z\"><\/path><\/svg><span class=\"tooltip\">Image to the post titled: VIII Opolskie Targi Ekonomii Spo\u0142ecznej w Grodzisku 22-23.06.2024 r., otworzy si\u0119 w nowym oknie<\/span><\/a><\/figure>\n\n\n\n<figure class=\"wp-block-image size-full\"><a href=\"https:\/\/es.rops-opole.pl\/wp-content\/uploads\/2024\/06\/21-1.png\" target=\"_blank\" rel=\"noopener\" aria-label=\"Image to the post titled: VIII Opolskie Targi Ekonomii Spo\u0142ecznej w Grodzisku 22-23.06.2024 r., otworzy si\u0119 w nowym oknie\" class=\"attachment-link target-blank use-tooltip\"><img loading=\"lazy\" decoding=\"async\" width=\"2000\" height=\"1444\" data-id=\"941\" src=\"https:\/\/es.rops-opole.pl\/wp-content\/uploads\/2024\/06\/21-1.png\" alt=\"\" class=\"wp-image-941\" srcset=\"https:\/\/es.rops-opole.pl\/wp-content\/uploads\/2024\/06\/21-1.png 2000w, https:\/\/es.rops-opole.pl\/wp-content\/uploads\/2024\/06\/21-1-1536x1109.png 1536w, https:\/\/es.rops-opole.pl\/wp-content\/uploads\/2024\/06\/21-1-820x592.png 820w, https:\/\/es.rops-opole.pl\/wp-content\/uploads\/2024\/06\/21-1-247x178.png 247w\" sizes=\"auto, (max-width: 2000px) 100vw, 2000px\"><svg aria-hidden=\"true\" class=\"icon-new-window\" viewbox=\"0 0 1792 1792\"><path d=\"M1408 960v-128q0-26-19-45t-45-19h-320v-320q0-26-19-45t-45-19h-128q-26 0-45 19t-19 45v320h-320q-26 0-45 19t-19 45v128q0 26 19 45t45 19h320v320q0 26 19 45t45 19h128q26 0 45-19t19-45v-320h320q26 0 45-19t19-45zm256-544v960q0 119-84.5 203.5t-203.5 84.5h-960q-119 0-203.5-84.5t-84.5-203.5v-960q0-119 84.5-203.5t203.5-84.5h960q119 0 203.5 84.5t84.5 203.5z\"><\/path><\/svg><span class=\"tooltip\">Image to the post titled: VIII Opolskie Targi Ekonomii Spo\u0142ecznej w Grodzisku 22-23.06.2024 r., otworzy si\u0119 w nowym oknie<\/span><\/a><\/figure>\n\n\n\n<figure class=\"wp-block-image size-full\"><a href=\"https:\/\/es.rops-opole.pl\/wp-content\/uploads\/2024\/06\/64-1.png\" target=\"_blank\" rel=\"noopener\" aria-label=\"Image to the post titled: VIII Opolskie Targi Ekonomii Spo\u0142ecznej w Grodzisku 22-23.06.2024 r., otworzy si\u0119 w nowym oknie\" class=\"attachment-link target-blank use-tooltip\"><img loading=\"lazy\" decoding=\"async\" width=\"2000\" height=\"1444\" data-id=\"940\" src=\"https:\/\/es.rops-opole.pl\/wp-content\/uploads\/2024\/06\/64-1.png\" alt=\"\" class=\"wp-image-940\" srcset=\"https:\/\/es.rops-opole.pl\/wp-content\/uploads\/2024\/06\/64-1.png 2000w, https:\/\/es.rops-opole.pl\/wp-content\/uploads\/2024\/06\/64-1-1536x1109.png 1536w, https:\/\/es.rops-opole.pl\/wp-content\/uploads\/2024\/06\/64-1-820x592.png 820w, https:\/\/es.rops-opole.pl\/wp-content\/uploads\/2024\/06\/64-1-247x178.png 247w\" sizes=\"auto, (max-width: 2000px) 100vw, 2000px\"><svg aria-hidden=\"true\" class=\"icon-new-window\" viewbox=\"0 0 1792 1792\"><path d=\"M1408 960v-128q0-26-19-45t-45-19h-320v-320q0-26-19-45t-45-19h-128q-26 0-45 19t-19 45v320h-320q-26 0-45 19t-19 45v128q0 26 19 45t45 19h320v320q0 26 19 45t45 19h128q26 0 45-19t19-45v-320h320q26 0 45-19t19-45zm256-544v960q0 119-84.5 203.5t-203.5 84.5h-960q-119 0-203.5-84.5t-84.5-203.5v-960q0-119 84.5-203.5t203.5-84.5h960q119 0 203.5 84.5t84.5 203.5z\"><\/path><\/svg><span class=\"tooltip\">Image to the post titled: VIII Opolskie Targi Ekonomii Spo\u0142ecznej w Grodzisku 22-23.06.2024 r., otworzy si\u0119 w nowym oknie<\/span><\/a><\/figure>\n\n\n\n<figure class=\"wp-block-image size-full\"><a href=\"https:\/\/es.rops-opole.pl\/wp-content\/uploads\/2024\/06\/63-1.png\" target=\"_blank\" rel=\"noopener\" aria-label=\"Image to the post titled: VIII Opolskie Targi Ekonomii Spo\u0142ecznej w Grodzisku 22-23.06.2024 r., otworzy si\u0119 w nowym oknie\" class=\"attachment-link target-blank use-tooltip\"><img loading=\"lazy\" decoding=\"async\" width=\"2000\" height=\"1444\" data-id=\"939\" src=\"https:\/\/es.rops-opole.pl\/wp-content\/uploads\/2024\/06\/63-1.png\" alt=\"\" class=\"wp-image-939\" srcset=\"https:\/\/es.rops-opole.pl\/wp-content\/uploads\/2024\/06\/63-1.png 2000w, https:\/\/es.rops-opole.pl\/wp-content\/uploads\/2024\/06\/63-1-1536x1109.png 1536w, https:\/\/es.rops-opole.pl\/wp-content\/uploads\/2024\/06\/63-1-820x592.png 820w, https:\/\/es.rops-opole.pl\/wp-content\/uploads\/2024\/06\/63-1-247x178.png 247w\" sizes=\"auto, (max-width: 2000px) 100vw, 2000px\"><svg aria-hidden=\"true\" class=\"icon-new-window\" viewbox=\"0 0 1792 1792\"><path d=\"M1408 960v-128q0-26-19-45t-45-19h-320v-320q0-26-19-45t-45-19h-128q-26 0-45 19t-19 45v320h-320q-26 0-45 19t-19 45v128q0 26 19 45t45 19h320v320q0 26 19 45t45 19h128q26 0 45-19t19-45v-320h320q26 0 45-19t19-45zm256-544v960q0 119-84.5 203.5t-203.5 84.5h-960q-119 0-203.5-84.5t-84.5-203.5v-960q0-119 84.5-203.5t203.5-84.5h960q119 0 203.5 84.5t84.5 203.5z\"><\/path><\/svg><span class=\"tooltip\">Image to the post titled: VIII Opolskie Targi Ekonomii Spo\u0142ecznej w Grodzisku 22-23.06.2024 r., otworzy si\u0119 w nowym oknie<\/span><\/a><\/figure>\n\n\n\n<figure class=\"wp-block-image size-full\"><a href=\"https:\/\/es.rops-opole.pl\/wp-content\/uploads\/2024\/06\/62-1.png\" target=\"_blank\" rel=\"noopener\" aria-label=\"Image to the post titled: VIII Opolskie Targi Ekonomii Spo\u0142ecznej w Grodzisku 22-23.06.2024 r., otworzy si\u0119 w nowym oknie\" class=\"attachment-link target-blank use-tooltip\"><img loading=\"lazy\" decoding=\"async\" width=\"2000\" height=\"1444\" data-id=\"938\" src=\"https:\/\/es.rops-opole.pl\/wp-content\/uploads\/2024\/06\/62-1.png\" alt=\"\" class=\"wp-image-938\" srcset=\"https:\/\/es.rops-opole.pl\/wp-content\/uploads\/2024\/06\/62-1.png 2000w, https:\/\/es.rops-opole.pl\/wp-content\/uploads\/2024\/06\/62-1-1536x1109.png 1536w, https:\/\/es.rops-opole.pl\/wp-content\/uploads\/2024\/06\/62-1-820x592.png 820w, https:\/\/es.rops-opole.pl\/wp-content\/uploads\/2024\/06\/62-1-247x178.png 247w\" sizes=\"auto, (max-width: 2000px) 100vw, 2000px\"><svg aria-hidden=\"true\" class=\"icon-new-window\" viewbox=\"0 0 1792 1792\"><path d=\"M1408 960v-128q0-26-19-45t-45-19h-320v-320q0-26-19-45t-45-19h-128q-26 0-45 19t-19 45v320h-320q-26 0-45 19t-19 45v128q0 26 19 45t45 19h320v320q0 26 19 45t45 19h128q26 0 45-19t19-45v-320h320q26 0 45-19t19-45zm256-544v960q0 119-84.5 203.5t-203.5 84.5h-960q-119 0-203.5-84.5t-84.5-203.5v-960q0-119 84.5-203.5t203.5-84.5h960q119 0 203.5 84.5t84.5 203.5z\"><\/path><\/svg><span class=\"tooltip\">Image to the post titled: VIII Opolskie Targi Ekonomii Spo\u0142ecznej w Grodzisku 22-23.06.2024 r., otworzy si\u0119 w nowym oknie<\/span><\/a><\/figure>\n\n\n\n<figure class=\"wp-block-image size-full\"><a href=\"https:\/\/es.rops-opole.pl\/wp-content\/uploads\/2024\/06\/61-1.png\" target=\"_blank\" rel=\"noopener\" aria-label=\"Image to the post titled: VIII Opolskie Targi Ekonomii Spo\u0142ecznej w Grodzisku 22-23.06.2024 r., otworzy si\u0119 w nowym oknie\" class=\"attachment-link target-blank use-tooltip\"><img loading=\"lazy\" decoding=\"async\" width=\"2000\" height=\"1444\" data-id=\"937\" src=\"https:\/\/es.rops-opole.pl\/wp-content\/uploads\/2024\/06\/61-1.png\" alt=\"\" class=\"wp-image-937\" srcset=\"https:\/\/es.rops-opole.pl\/wp-content\/uploads\/2024\/06\/61-1.png 2000w, https:\/\/es.rops-opole.pl\/wp-content\/uploads\/2024\/06\/61-1-1536x1109.png 1536w, https:\/\/es.rops-opole.pl\/wp-content\/uploads\/2024\/06\/61-1-820x592.png 820w, https:\/\/es.rops-opole.pl\/wp-content\/uploads\/2024\/06\/61-1-247x178.png 247w\" sizes=\"auto, (max-width: 2000px) 100vw, 2000px\"><svg aria-hidden=\"true\" class=\"icon-new-window\" viewbox=\"0 0 1792 1792\"><path d=\"M1408 960v-128q0-26-19-45t-45-19h-320v-320q0-26-19-45t-45-19h-128q-26 0-45 19t-19 45v320h-320q-26 0-45 19t-19 45v128q0 26 19 45t45 19h320v320q0 26 19 45t45 19h128q26 0 45-19t19-45v-320h320q26 0 45-19t19-45zm256-544v960q0 119-84.5 203.5t-203.5 84.5h-960q-119 0-203.5-84.5t-84.5-203.5v-960q0-119 84.5-203.5t203.5-84.5h960q119 0 203.5 84.5t84.5 203.5z\"><\/path><\/svg><span class=\"tooltip\">Image to the post titled: VIII Opolskie Targi Ekonomii Spo\u0142ecznej w Grodzisku 22-23.06.2024 r., otworzy si\u0119 w nowym oknie<\/span><\/a><\/figure>\n\n\n\n<figure class=\"wp-block-image size-full\"><a href=\"https:\/\/es.rops-opole.pl\/wp-content\/uploads\/2024\/06\/60-1.png\" target=\"_blank\" rel=\"noopener\" aria-label=\"Image to the post titled: VIII Opolskie Targi Ekonomii Spo\u0142ecznej w Grodzisku 22-23.06.2024 r., otworzy si\u0119 w nowym oknie\" class=\"attachment-link target-blank use-tooltip\"><img loading=\"lazy\" decoding=\"async\" width=\"2000\" height=\"1444\" data-id=\"936\" src=\"https:\/\/es.rops-opole.pl\/wp-content\/uploads\/2024\/06\/60-1.png\" alt=\"\" class=\"wp-image-936\" srcset=\"https:\/\/es.rops-opole.pl\/wp-content\/uploads\/2024\/06\/60-1.png 2000w, https:\/\/es.rops-opole.pl\/wp-content\/uploads\/2024\/06\/60-1-1536x1109.png 1536w, https:\/\/es.rops-opole.pl\/wp-content\/uploads\/2024\/06\/60-1-820x592.png 820w, https:\/\/es.rops-opole.pl\/wp-content\/uploads\/2024\/06\/60-1-247x178.png 247w\" sizes=\"auto, (max-width: 2000px) 100vw, 2000px\"><svg aria-hidden=\"true\" class=\"icon-new-window\" viewbox=\"0 0 1792 1792\"><path d=\"M1408 960v-128q0-26-19-45t-45-19h-320v-320q0-26-19-45t-45-19h-128q-26 0-45 19t-19 45v320h-320q-26 0-45 19t-19 45v128q0 26 19 45t45 19h320v320q0 26 19 45t45 19h128q26 0 45-19t19-45v-320h320q26 0 45-19t19-45zm256-544v960q0 119-84.5 203.5t-203.5 84.5h-960q-119 0-203.5-84.5t-84.5-203.5v-960q0-119 84.5-203.5t203.5-84.5h960q119 0 203.5 84.5t84.5 203.5z\"><\/path><\/svg><span class=\"tooltip\">Image to the post titled: VIII Opolskie Targi Ekonomii Spo\u0142ecznej w Grodzisku 22-23.06.2024 r., otworzy si\u0119 w nowym oknie<\/span><\/a><\/figure>\n\n\n\n<figure class=\"wp-block-image size-full\"><a href=\"https:\/\/es.rops-opole.pl\/wp-content\/uploads\/2024\/06\/56-1.png\" target=\"_blank\" rel=\"noopener\" aria-label=\"Image to the post titled: VIII Opolskie Targi Ekonomii Spo\u0142ecznej w Grodzisku 22-23.06.2024 r., otworzy si\u0119 w nowym oknie\" class=\"attachment-link target-blank use-tooltip\"><img loading=\"lazy\" decoding=\"async\" width=\"2000\" height=\"1444\" data-id=\"932\" src=\"https:\/\/es.rops-opole.pl\/wp-content\/uploads\/2024\/06\/56-1.png\" alt=\"\" class=\"wp-image-932\" srcset=\"https:\/\/es.rops-opole.pl\/wp-content\/uploads\/2024\/06\/56-1.png 2000w, https:\/\/es.rops-opole.pl\/wp-content\/uploads\/2024\/06\/56-1-1536x1109.png 1536w, https:\/\/es.rops-opole.pl\/wp-content\/uploads\/2024\/06\/56-1-820x592.png 820w, https:\/\/es.rops-opole.pl\/wp-content\/uploads\/2024\/06\/56-1-247x178.png 247w\" sizes=\"auto, (max-width: 2000px) 100vw, 2000px\"><svg aria-hidden=\"true\" class=\"icon-new-window\" viewbox=\"0 0 1792 1792\"><path d=\"M1408 960v-128q0-26-19-45t-45-19h-320v-320q0-26-19-45t-45-19h-128q-26 0-45 19t-19 45v320h-320q-26 0-45 19t-19 45v128q0 26 19 45t45 19h320v320q0 26 19 45t45 19h128q26 0 45-19t19-45v-320h320q26 0 45-19t19-45zm256-544v960q0 119-84.5 203.5t-203.5 84.5h-960q-119 0-203.5-84.5t-84.5-203.5v-960q0-119 84.5-203.5t203.5-84.5h960q119 0 203.5 84.5t84.5 203.5z\"><\/path><\/svg><span class=\"tooltip\">Image to the post titled: VIII Opolskie Targi Ekonomii Spo\u0142ecznej w Grodzisku 22-23.06.2024 r., otworzy si\u0119 w nowym oknie<\/span><\/a><\/figure>\n\n\n\n<figure class=\"wp-block-image size-full\"><a href=\"https:\/\/es.rops-opole.pl\/wp-content\/uploads\/2024\/06\/55.png\" target=\"_blank\" rel=\"noopener\" aria-label=\"Image to the post titled: VIII Opolskie Targi Ekonomii Spo\u0142ecznej w Grodzisku 22-23.06.2024 r., otworzy si\u0119 w nowym oknie\" class=\"attachment-link target-blank use-tooltip\"><img loading=\"lazy\" decoding=\"async\" width=\"2000\" height=\"1444\" data-id=\"931\" src=\"https:\/\/es.rops-opole.pl\/wp-content\/uploads\/2024\/06\/55.png\" alt=\"\" class=\"wp-image-931\" srcset=\"https:\/\/es.rops-opole.pl\/wp-content\/uploads\/2024\/06\/55.png 2000w, https:\/\/es.rops-opole.pl\/wp-content\/uploads\/2024\/06\/55-1536x1109.png 1536w, https:\/\/es.rops-opole.pl\/wp-content\/uploads\/2024\/06\/55-820x592.png 820w, https:\/\/es.rops-opole.pl\/wp-content\/uploads\/2024\/06\/55-247x178.png 247w\" sizes=\"auto, (max-width: 2000px) 100vw, 2000px\"><svg aria-hidden=\"true\" class=\"icon-new-window\" viewbox=\"0 0 1792 1792\"><path d=\"M1408 960v-128q0-26-19-45t-45-19h-320v-320q0-26-19-45t-45-19h-128q-26 0-45 19t-19 45v320h-320q-26 0-45 19t-19 45v128q0 26 19 45t45 19h320v320q0 26 19 45t45 19h128q26 0 45-19t19-45v-320h320q26 0 45-19t19-45zm256-544v960q0 119-84.5 203.5t-203.5 84.5h-960q-119 0-203.5-84.5t-84.5-203.5v-960q0-119 84.5-203.5t203.5-84.5h960q119 0 203.5 84.5t84.5 203.5z\"><\/path><\/svg><span class=\"tooltip\">Image to the post titled: VIII Opolskie Targi Ekonomii Spo\u0142ecznej w Grodzisku 22-23.06.2024 r., otworzy si\u0119 w nowym oknie<\/span><\/a><\/figure>\n\n\n\n<figure class=\"wp-block-image size-full\"><a href=\"https:\/\/es.rops-opole.pl\/wp-content\/uploads\/2024\/06\/53-1.png\" target=\"_blank\" rel=\"noopener\" aria-label=\"Image to the post titled: VIII Opolskie Targi Ekonomii Spo\u0142ecznej w Grodzisku 22-23.06.2024 r., otworzy si\u0119 w nowym oknie\" class=\"attachment-link target-blank use-tooltip\"><img loading=\"lazy\" decoding=\"async\" width=\"2000\" height=\"1444\" data-id=\"929\" src=\"https:\/\/es.rops-opole.pl\/wp-content\/uploads\/2024\/06\/53-1.png\" alt=\"\" class=\"wp-image-929\" srcset=\"https:\/\/es.rops-opole.pl\/wp-content\/uploads\/2024\/06\/53-1.png 2000w, https:\/\/es.rops-opole.pl\/wp-content\/uploads\/2024\/06\/53-1-1536x1109.png 1536w, https:\/\/es.rops-opole.pl\/wp-content\/uploads\/2024\/06\/53-1-820x592.png 820w, https:\/\/es.rops-opole.pl\/wp-content\/uploads\/2024\/06\/53-1-247x178.png 247w\" sizes=\"auto, (max-width: 2000px) 100vw, 2000px\"><svg aria-hidden=\"true\" class=\"icon-new-window\" viewbox=\"0 0 1792 1792\"><path d=\"M1408 960v-128q0-26-19-45t-45-19h-320v-320q0-26-19-45t-45-19h-128q-26 0-45 19t-19 45v320h-320q-26 0-45 19t-19 45v128q0 26 19 45t45 19h320v320q0 26 19 45t45 19h128q26 0 45-19t19-45v-320h320q26 0 45-19t19-45zm256-544v960q0 119-84.5 203.5t-203.5 84.5h-960q-119 0-203.5-84.5t-84.5-203.5v-960q0-119 84.5-203.5t203.5-84.5h960q119 0 203.5 84.5t84.5 203.5z\"><\/path><\/svg><span class=\"tooltip\">Image to the post titled: VIII Opolskie Targi Ekonomii Spo\u0142ecznej w Grodzisku 22-23.06.2024 r., otworzy si\u0119 w nowym oknie<\/span><\/a><\/figure>\n\n\n\n<figure class=\"wp-block-image size-full\"><a href=\"https:\/\/es.rops-opole.pl\/wp-content\/uploads\/2024\/06\/52-1.png\" target=\"_blank\" rel=\"noopener\" aria-label=\"Image to the post titled: VIII Opolskie Targi Ekonomii Spo\u0142ecznej w Grodzisku 22-23.06.2024 r., otworzy si\u0119 w nowym oknie\" class=\"attachment-link target-blank use-tooltip\"><img loading=\"lazy\" decoding=\"async\" width=\"2000\" height=\"1444\" data-id=\"928\" src=\"https:\/\/es.rops-opole.pl\/wp-content\/uploads\/2024\/06\/52-1.png\" alt=\"\" class=\"wp-image-928\" srcset=\"https:\/\/es.rops-opole.pl\/wp-content\/uploads\/2024\/06\/52-1.png 2000w, https:\/\/es.rops-opole.pl\/wp-content\/uploads\/2024\/06\/52-1-1536x1109.png 1536w, https:\/\/es.rops-opole.pl\/wp-content\/uploads\/2024\/06\/52-1-820x592.png 820w, https:\/\/es.rops-opole.pl\/wp-content\/uploads\/2024\/06\/52-1-247x178.png 247w\" sizes=\"auto, (max-width: 2000px) 100vw, 2000px\"><svg aria-hidden=\"true\" class=\"icon-new-window\" viewbox=\"0 0 1792 1792\"><path d=\"M1408 960v-128q0-26-19-45t-45-19h-320v-320q0-26-19-45t-45-19h-128q-26 0-45 19t-19 45v320h-320q-26 0-45 19t-19 45v128q0 26 19 45t45 19h320v320q0 26 19 45t45 19h128q26 0 45-19t19-45v-320h320q26 0 45-19t19-45zm256-544v960q0 119-84.5 203.5t-203.5 84.5h-960q-119 0-203.5-84.5t-84.5-203.5v-960q0-119 84.5-203.5t203.5-84.5h960q119 0 203.5 84.5t84.5 203.5z\"><\/path><\/svg><span class=\"tooltip\">Image to the post titled: VIII Opolskie Targi Ekonomii Spo\u0142ecznej w Grodzisku 22-23.06.2024 r., otworzy si\u0119 w nowym oknie<\/span><\/a><\/figure>\n\n\n\n<figure class=\"wp-block-image size-full\"><a href=\"https:\/\/es.rops-opole.pl\/wp-content\/uploads\/2024\/06\/51-1.png\" target=\"_blank\" rel=\"noopener\" aria-label=\"Image to the post titled: VIII Opolskie Targi Ekonomii Spo\u0142ecznej w Grodzisku 22-23.06.2024 r., otworzy si\u0119 w nowym oknie\" class=\"attachment-link target-blank use-tooltip\"><img loading=\"lazy\" decoding=\"async\" width=\"2000\" height=\"1444\" data-id=\"927\" src=\"https:\/\/es.rops-opole.pl\/wp-content\/uploads\/2024\/06\/51-1.png\" alt=\"\" class=\"wp-image-927\" srcset=\"https:\/\/es.rops-opole.pl\/wp-content\/uploads\/2024\/06\/51-1.png 2000w, https:\/\/es.rops-opole.pl\/wp-content\/uploads\/2024\/06\/51-1-1536x1109.png 1536w, https:\/\/es.rops-opole.pl\/wp-content\/uploads\/2024\/06\/51-1-820x592.png 820w, https:\/\/es.rops-opole.pl\/wp-content\/uploads\/2024\/06\/51-1-247x178.png 247w\" sizes=\"auto, (max-width: 2000px) 100vw, 2000px\"><svg aria-hidden=\"true\" class=\"icon-new-window\" viewbox=\"0 0 1792 1792\"><path d=\"M1408 960v-128q0-26-19-45t-45-19h-320v-320q0-26-19-45t-45-19h-128q-26 0-45 19t-19 45v320h-320q-26 0-45 19t-19 45v128q0 26 19 45t45 19h320v320q0 26 19 45t45 19h128q26 0 45-19t19-45v-320h320q26 0 45-19t19-45zm256-544v960q0 119-84.5 203.5t-203.5 84.5h-960q-119 0-203.5-84.5t-84.5-203.5v-960q0-119 84.5-203.5t203.5-84.5h960q119 0 203.5 84.5t84.5 203.5z\"><\/path><\/svg><span class=\"tooltip\">Image to the post titled: VIII Opolskie Targi Ekonomii Spo\u0142ecznej w Grodzisku 22-23.06.2024 r., otworzy si\u0119 w nowym oknie<\/span><\/a><\/figure>\n\n\n\n<figure class=\"wp-block-image size-full\"><a href=\"https:\/\/es.rops-opole.pl\/wp-content\/uploads\/2024\/06\/50-1.png\" target=\"_blank\" rel=\"noopener\" aria-label=\"Image to the post titled: VIII Opolskie Targi Ekonomii Spo\u0142ecznej w Grodzisku 22-23.06.2024 r., otworzy si\u0119 w nowym oknie\" class=\"attachment-link target-blank use-tooltip\"><img loading=\"lazy\" decoding=\"async\" width=\"2000\" height=\"1444\" data-id=\"926\" src=\"https:\/\/es.rops-opole.pl\/wp-content\/uploads\/2024\/06\/50-1.png\" alt=\"\" class=\"wp-image-926\" srcset=\"https:\/\/es.rops-opole.pl\/wp-content\/uploads\/2024\/06\/50-1.png 2000w, https:\/\/es.rops-opole.pl\/wp-content\/uploads\/2024\/06\/50-1-1536x1109.png 1536w, https:\/\/es.rops-opole.pl\/wp-content\/uploads\/2024\/06\/50-1-820x592.png 820w, https:\/\/es.rops-opole.pl\/wp-content\/uploads\/2024\/06\/50-1-247x178.png 247w\" sizes=\"auto, (max-width: 2000px) 100vw, 2000px\"><svg aria-hidden=\"true\" class=\"icon-new-window\" viewbox=\"0 0 1792 1792\"><path d=\"M1408 960v-128q0-26-19-45t-45-19h-320v-320q0-26-19-45t-45-19h-128q-26 0-45 19t-19 45v320h-320q-26 0-45 19t-19 45v128q0 26 19 45t45 19h320v320q0 26 19 45t45 19h128q26 0 45-19t19-45v-320h320q26 0 45-19t19-45zm256-544v960q0 119-84.5 203.5t-203.5 84.5h-960q-119 0-203.5-84.5t-84.5-203.5v-960q0-119 84.5-203.5t203.5-84.5h960q119 0 203.5 84.5t84.5 203.5z\"><\/path><\/svg><span class=\"tooltip\">Image to the post titled: VIII Opolskie Targi Ekonomii Spo\u0142ecznej w Grodzisku 22-23.06.2024 r., otworzy si\u0119 w nowym oknie<\/span><\/a><\/figure>\n\n\n\n<figure class=\"wp-block-image size-full\"><a href=\"https:\/\/es.rops-opole.pl\/wp-content\/uploads\/2024\/06\/49-2.png\" target=\"_blank\" rel=\"noopener\" aria-label=\"Image to the post titled: VIII Opolskie Targi Ekonomii Spo\u0142ecznej w Grodzisku 22-23.06.2024 r., otworzy si\u0119 w nowym oknie\" class=\"attachment-link target-blank use-tooltip\"><img loading=\"lazy\" decoding=\"async\" width=\"2000\" height=\"1444\" data-id=\"925\" src=\"https:\/\/es.rops-opole.pl\/wp-content\/uploads\/2024\/06\/49-2.png\" alt=\"\" class=\"wp-image-925\" srcset=\"https:\/\/es.rops-opole.pl\/wp-content\/uploads\/2024\/06\/49-2.png 2000w, https:\/\/es.rops-opole.pl\/wp-content\/uploads\/2024\/06\/49-2-1536x1109.png 1536w, https:\/\/es.rops-opole.pl\/wp-content\/uploads\/2024\/06\/49-2-820x592.png 820w, https:\/\/es.rops-opole.pl\/wp-content\/uploads\/2024\/06\/49-2-247x178.png 247w\" sizes=\"auto, (max-width: 2000px) 100vw, 2000px\"><svg aria-hidden=\"true\" class=\"icon-new-window\" viewbox=\"0 0 1792 1792\"><path d=\"M1408 960v-128q0-26-19-45t-45-19h-320v-320q0-26-19-45t-45-19h-128q-26 0-45 19t-19 45v320h-320q-26 0-45 19t-19 45v128q0 26 19 45t45 19h320v320q0 26 19 45t45 19h128q26 0 45-19t19-45v-320h320q26 0 45-19t19-45zm256-544v960q0 119-84.5 203.5t-203.5 84.5h-960q-119 0-203.5-84.5t-84.5-203.5v-960q0-119 84.5-203.5t203.5-84.5h960q119 0 203.5 84.5t84.5 203.5z\"><\/path><\/svg><span class=\"tooltip\">Image to the post titled: VIII Opolskie Targi Ekonomii Spo\u0142ecznej w Grodzisku 22-23.06.2024 r., otworzy si\u0119 w nowym oknie<\/span><\/a><\/figure>\n\n\n\n<figure class=\"wp-block-image size-full\"><a href=\"https:\/\/es.rops-opole.pl\/wp-content\/uploads\/2024\/06\/48-1.png\" target=\"_blank\" rel=\"noopener\" aria-label=\"Image to the post titled: VIII Opolskie Targi Ekonomii Spo\u0142ecznej w Grodzisku 22-23.06.2024 r., otworzy si\u0119 w nowym oknie\" class=\"attachment-link target-blank use-tooltip\"><img loading=\"lazy\" decoding=\"async\" width=\"2000\" height=\"1444\" data-id=\"924\" src=\"https:\/\/es.rops-opole.pl\/wp-content\/uploads\/2024\/06\/48-1.png\" alt=\"\" class=\"wp-image-924\" srcset=\"https:\/\/es.rops-opole.pl\/wp-content\/uploads\/2024\/06\/48-1.png 2000w, https:\/\/es.rops-opole.pl\/wp-content\/uploads\/2024\/06\/48-1-1536x1109.png 1536w, https:\/\/es.rops-opole.pl\/wp-content\/uploads\/2024\/06\/48-1-820x592.png 820w, https:\/\/es.rops-opole.pl\/wp-content\/uploads\/2024\/06\/48-1-247x178.png 247w\" sizes=\"auto, (max-width: 2000px) 100vw, 2000px\"><svg aria-hidden=\"true\" class=\"icon-new-window\" viewbox=\"0 0 1792 1792\"><path d=\"M1408 960v-128q0-26-19-45t-45-19h-320v-320q0-26-19-45t-45-19h-128q-26 0-45 19t-19 45v320h-320q-26 0-45 19t-19 45v128q0 26 19 45t45 19h320v320q0 26 19 45t45 19h128q26 0 45-19t19-45v-320h320q26 0 45-19t19-45zm256-544v960q0 119-84.5 203.5t-203.5 84.5h-960q-119 0-203.5-84.5t-84.5-203.5v-960q0-119 84.5-203.5t203.5-84.5h960q119 0 203.5 84.5t84.5 203.5z\"><\/path><\/svg><span class=\"tooltip\">Image to the post titled: VIII Opolskie Targi Ekonomii Spo\u0142ecznej w Grodzisku 22-23.06.2024 r., otworzy si\u0119 w nowym oknie<\/span><\/a><\/figure>\n\n\n\n<figure class=\"wp-block-image size-full\"><a href=\"https:\/\/es.rops-opole.pl\/wp-content\/uploads\/2024\/06\/47-1.png\" target=\"_blank\" rel=\"noopener\" aria-label=\"Image to the post titled: VIII Opolskie Targi Ekonomii Spo\u0142ecznej w Grodzisku 22-23.06.2024 r., otworzy si\u0119 w nowym oknie\" class=\"attachment-link target-blank use-tooltip\"><img loading=\"lazy\" decoding=\"async\" width=\"2000\" height=\"1444\" data-id=\"923\" src=\"https:\/\/es.rops-opole.pl\/wp-content\/uploads\/2024\/06\/47-1.png\" alt=\"\" class=\"wp-image-923\" srcset=\"https:\/\/es.rops-opole.pl\/wp-content\/uploads\/2024\/06\/47-1.png 2000w, https:\/\/es.rops-opole.pl\/wp-content\/uploads\/2024\/06\/47-1-1536x1109.png 1536w, https:\/\/es.rops-opole.pl\/wp-content\/uploads\/2024\/06\/47-1-820x592.png 820w, https:\/\/es.rops-opole.pl\/wp-content\/uploads\/2024\/06\/47-1-247x178.png 247w\" sizes=\"auto, (max-width: 2000px) 100vw, 2000px\"><svg aria-hidden=\"true\" class=\"icon-new-window\" viewbox=\"0 0 1792 1792\"><path d=\"M1408 960v-128q0-26-19-45t-45-19h-320v-320q0-26-19-45t-45-19h-128q-26 0-45 19t-19 45v320h-320q-26 0-45 19t-19 45v128q0 26 19 45t45 19h320v320q0 26 19 45t45 19h128q26 0 45-19t19-45v-320h320q26 0 45-19t19-45zm256-544v960q0 119-84.5 203.5t-203.5 84.5h-960q-119 0-203.5-84.5t-84.5-203.5v-960q0-119 84.5-203.5t203.5-84.5h960q119 0 203.5 84.5t84.5 203.5z\"><\/path><\/svg><span class=\"tooltip\">Image to the post titled: VIII Opolskie Targi Ekonomii Spo\u0142ecznej w Grodzisku 22-23.06.2024 r., otworzy si\u0119 w nowym oknie<\/span><\/a><\/figure>\n\n\n\n<figure class=\"wp-block-image size-full\"><a href=\"https:\/\/es.rops-opole.pl\/wp-content\/uploads\/2024\/06\/46-1.png\" target=\"_blank\" rel=\"noopener\" aria-label=\"Image to the post titled: VIII Opolskie Targi Ekonomii Spo\u0142ecznej w Grodzisku 22-23.06.2024 r., otworzy si\u0119 w nowym oknie\" class=\"attachment-link target-blank use-tooltip\"><img loading=\"lazy\" decoding=\"async\" width=\"2000\" height=\"1444\" data-id=\"922\" src=\"https:\/\/es.rops-opole.pl\/wp-content\/uploads\/2024\/06\/46-1.png\" alt=\"\" class=\"wp-image-922\" srcset=\"https:\/\/es.rops-opole.pl\/wp-content\/uploads\/2024\/06\/46-1.png 2000w, https:\/\/es.rops-opole.pl\/wp-content\/uploads\/2024\/06\/46-1-1536x1109.png 1536w, https:\/\/es.rops-opole.pl\/wp-content\/uploads\/2024\/06\/46-1-820x592.png 820w, https:\/\/es.rops-opole.pl\/wp-content\/uploads\/2024\/06\/46-1-247x178.png 247w\" sizes=\"auto, (max-width: 2000px) 100vw, 2000px\"><svg aria-hidden=\"true\" class=\"icon-new-window\" viewbox=\"0 0 1792 1792\"><path d=\"M1408 960v-128q0-26-19-45t-45-19h-320v-320q0-26-19-45t-45-19h-128q-26 0-45 19t-19 45v320h-320q-26 0-45 19t-19 45v128q0 26 19 45t45 19h320v320q0 26 19 45t45 19h128q26 0 45-19t19-45v-320h320q26 0 45-19t19-45zm256-544v960q0 119-84.5 203.5t-203.5 84.5h-960q-119 0-203.5-84.5t-84.5-203.5v-960q0-119 84.5-203.5t203.5-84.5h960q119 0 203.5 84.5t84.5 203.5z\"><\/path><\/svg><span class=\"tooltip\">Image to the post titled: VIII Opolskie Targi Ekonomii Spo\u0142ecznej w Grodzisku 22-23.06.2024 r., otworzy si\u0119 w nowym oknie<\/span><\/a><\/figure>\n\n\n\n<figure class=\"wp-block-image size-full\"><a href=\"https:\/\/es.rops-opole.pl\/wp-content\/uploads\/2024\/06\/45-1.png\" target=\"_blank\" rel=\"noopener\" aria-label=\"Image to the post titled: VIII Opolskie Targi Ekonomii Spo\u0142ecznej w Grodzisku 22-23.06.2024 r., otworzy si\u0119 w nowym oknie\" class=\"attachment-link target-blank use-tooltip\"><img loading=\"lazy\" decoding=\"async\" width=\"2000\" height=\"1444\" data-id=\"921\" src=\"https:\/\/es.rops-opole.pl\/wp-content\/uploads\/2024\/06\/45-1.png\" alt=\"\" class=\"wp-image-921\" srcset=\"https:\/\/es.rops-opole.pl\/wp-content\/uploads\/2024\/06\/45-1.png 2000w, https:\/\/es.rops-opole.pl\/wp-content\/uploads\/2024\/06\/45-1-1536x1109.png 1536w, https:\/\/es.rops-opole.pl\/wp-content\/uploads\/2024\/06\/45-1-820x592.png 820w, https:\/\/es.rops-opole.pl\/wp-content\/uploads\/2024\/06\/45-1-247x178.png 247w\" sizes=\"auto, (max-width: 2000px) 100vw, 2000px\"><svg aria-hidden=\"true\" class=\"icon-new-window\" viewbox=\"0 0 1792 1792\"><path d=\"M1408 960v-128q0-26-19-45t-45-19h-320v-320q0-26-19-45t-45-19h-128q-26 0-45 19t-19 45v320h-320q-26 0-45 19t-19 45v128q0 26 19 45t45 19h320v320q0 26 19 45t45 19h128q26 0 45-19t19-45v-320h320q26 0 45-19t19-45zm256-544v960q0 119-84.5 203.5t-203.5 84.5h-960q-119 0-203.5-84.5t-84.5-203.5v-960q0-119 84.5-203.5t203.5-84.5h960q119 0 203.5 84.5t84.5 203.5z\"><\/path><\/svg><span class=\"tooltip\">Image to the post titled: VIII Opolskie Targi Ekonomii Spo\u0142ecznej w Grodzisku 22-23.06.2024 r., otworzy si\u0119 w nowym oknie<\/span><\/a><\/figure>\n\n\n\n<figure class=\"wp-block-image size-full\"><a href=\"https:\/\/es.rops-opole.pl\/wp-content\/uploads\/2024\/06\/44-1.png\" target=\"_blank\" rel=\"noopener\" aria-label=\"Image to the post titled: VIII Opolskie Targi Ekonomii Spo\u0142ecznej w Grodzisku 22-23.06.2024 r., otworzy si\u0119 w nowym oknie\" class=\"attachment-link target-blank use-tooltip\"><img loading=\"lazy\" decoding=\"async\" width=\"2000\" height=\"1444\" data-id=\"920\" src=\"https:\/\/es.rops-opole.pl\/wp-content\/uploads\/2024\/06\/44-1.png\" alt=\"\" class=\"wp-image-920\"><svg aria-hidden=\"true\" class=\"icon-new-window\" viewbox=\"0 0 1792 1792\"><path d=\"M1408 960v-128q0-26-19-45t-45-19h-320v-320q0-26-19-45t-45-19h-128q-26 0-45 19t-19 45v320h-320q-26 0-45 19t-19 45v128q0 26 19 45t45 19h320v320q0 26 19 45t45 19h128q26 0 45-19t19-45v-320h320q26 0 45-19t19-45zm256-544v960q0 119-84.5 203.5t-203.5 84.5h-960q-119 0-203.5-84.5t-84.5-203.5v-960q0-119 84.5-203.5t203.5-84.5h960q119 0 203.5 84.5t84.5 203.5z\"><\/path><\/svg><span class=\"tooltip\">Image to the post titled: VIII Opolskie Targi Ekonomii Spo\u0142ecznej w Grodzisku 22-23.06.2024 r., otworzy si\u0119 w nowym oknie<\/span><\/a><\/figure>\n\n\n\n<figure class=\"wp-block-image size-full\"><a href=\"https:\/\/es.rops-opole.pl\/wp-content\/uploads\/2024\/06\/43-1.png\" target=\"_blank\" rel=\"noopener\" aria-label=\"Image to the post titled: VIII Opolskie Targi Ekonomii Spo\u0142ecznej w Grodzisku 22-23.06.2024 r., otworzy si\u0119 w nowym oknie\" class=\"attachment-link target-blank use-tooltip\"><img loading=\"lazy\" decoding=\"async\" width=\"2000\" height=\"1444\" data-id=\"919\" src=\"https:\/\/es.rops-opole.pl\/wp-content\/uploads\/2024\/06\/43-1.png\" alt=\"\" class=\"wp-image-919\" srcset=\"https:\/\/es.rops-opole.pl\/wp-content\/uploads\/2024\/06\/43-1.png 2000w, https:\/\/es.rops-opole.pl\/wp-content\/uploads\/2024\/06\/43-1-1536x1109.png 1536w, https:\/\/es.rops-opole.pl\/wp-content\/uploads\/2024\/06\/43-1-820x592.png 820w, https:\/\/es.rops-opole.pl\/wp-content\/uploads\/2024\/06\/43-1-247x178.png 247w\" sizes=\"auto, (max-width: 2000px) 100vw, 2000px\"><svg aria-hidden=\"true\" class=\"icon-new-window\" viewbox=\"0 0 1792 1792\"><path d=\"M1408 960v-128q0-26-19-45t-45-19h-320v-320q0-26-19-45t-45-19h-128q-26 0-45 19t-19 45v320h-320q-26 0-45 19t-19 45v128q0 26 19 45t45 19h320v320q0 26 19 45t45 19h128q26 0 45-19t19-45v-320h320q26 0 45-19t19-45zm256-544v960q0 119-84.5 203.5t-203.5 84.5h-960q-119 0-203.5-84.5t-84.5-203.5v-960q0-119 84.5-203.5t203.5-84.5h960q119 0 203.5 84.5t84.5 203.5z\"><\/path><\/svg><span class=\"tooltip\">Image to the post titled: VIII Opolskie Targi Ekonomii Spo\u0142ecznej w Grodzisku 22-23.06.2024 r., otworzy si\u0119 w nowym oknie<\/span><\/a><\/figure>\n\n\n\n<figure class=\"wp-block-image size-full\"><a href=\"https:\/\/es.rops-opole.pl\/wp-content\/uploads\/2024\/06\/42-1.png\" target=\"_blank\" rel=\"noopener\" aria-label=\"Image to the post titled: VIII Opolskie Targi Ekonomii Spo\u0142ecznej w Grodzisku 22-23.06.2024 r., otworzy si\u0119 w nowym oknie\" class=\"attachment-link target-blank use-tooltip\"><img loading=\"lazy\" decoding=\"async\" width=\"2000\" height=\"1444\" data-id=\"918\" src=\"https:\/\/es.rops-opole.pl\/wp-content\/uploads\/2024\/06\/42-1.png\" alt=\"\" class=\"wp-image-918\" srcset=\"https:\/\/es.rops-opole.pl\/wp-content\/uploads\/2024\/06\/42-1.png 2000w, https:\/\/es.rops-opole.pl\/wp-content\/uploads\/2024\/06\/42-1-1536x1109.png 1536w, https:\/\/es.rops-opole.pl\/wp-content\/uploads\/2024\/06\/42-1-820x592.png 820w, https:\/\/es.rops-opole.pl\/wp-content\/uploads\/2024\/06\/42-1-247x178.png 247w\" sizes=\"auto, (max-width: 2000px) 100vw, 2000px\"><svg aria-hidden=\"true\" class=\"icon-new-window\" viewbox=\"0 0 1792 1792\"><path d=\"M1408 960v-128q0-26-19-45t-45-19h-320v-320q0-26-19-45t-45-19h-128q-26 0-45 19t-19 45v320h-320q-26 0-45 19t-19 45v128q0 26 19 45t45 19h320v320q0 26 19 45t45 19h128q26 0 45-19t19-45v-320h320q26 0 45-19t19-45zm256-544v960q0 119-84.5 203.5t-203.5 84.5h-960q-119 0-203.5-84.5t-84.5-203.5v-960q0-119 84.5-203.5t203.5-84.5h960q119 0 203.5 84.5t84.5 203.5z\"><\/path><\/svg><span class=\"tooltip\">Image to the post titled: VIII Opolskie Targi Ekonomii Spo\u0142ecznej w Grodzisku 22-23.06.2024 r., otworzy si\u0119 w nowym oknie<\/span><\/a><\/figure>\n\n\n\n<figure class=\"wp-block-image size-full\"><a href=\"https:\/\/es.rops-opole.pl\/wp-content\/uploads\/2024\/06\/80-1.png\" target=\"_blank\" rel=\"noopener\" aria-label=\"Image to the post titled: VIII Opolskie Targi Ekonomii Spo\u0142ecznej w Grodzisku 22-23.06.2024 r., otworzy si\u0119 w nowym oknie\" class=\"attachment-link target-blank use-tooltip\"><img loading=\"lazy\" decoding=\"async\" width=\"2000\" height=\"1444\" data-id=\"917\" src=\"https:\/\/es.rops-opole.pl\/wp-content\/uploads\/2024\/06\/80-1.png\" alt=\"\" class=\"wp-image-917\" srcset=\"https:\/\/es.rops-opole.pl\/wp-content\/uploads\/2024\/06\/80-1.png 2000w, https:\/\/es.rops-opole.pl\/wp-content\/uploads\/2024\/06\/80-1-1536x1109.png 1536w, https:\/\/es.rops-opole.pl\/wp-content\/uploads\/2024\/06\/80-1-820x592.png 820w, https:\/\/es.rops-opole.pl\/wp-content\/uploads\/2024\/06\/80-1-247x178.png 247w\" sizes=\"auto, (max-width: 2000px) 100vw, 2000px\"><svg aria-hidden=\"true\" class=\"icon-new-window\" viewbox=\"0 0 1792 1792\"><path d=\"M1408 960v-128q0-26-19-45t-45-19h-320v-320q0-26-19-45t-45-19h-128q-26 0-45 19t-19 45v320h-320q-26 0-45 19t-19 45v128q0 26 19 45t45 19h320v320q0 26 19 45t45 19h128q26 0 45-19t19-45v-320h320q26 0 45-19t19-45zm256-544v960q0 119-84.5 203.5t-203.5 84.5h-960q-119 0-203.5-84.5t-84.5-203.5v-960q0-119 84.5-203.5t203.5-84.5h960q119 0 203.5 84.5t84.5 203.5z\"><\/path><\/svg><span class=\"tooltip\">Image to the post titled: VIII Opolskie Targi Ekonomii Spo\u0142ecznej w Grodzisku 22-23.06.2024 r., otworzy si\u0119 w nowym oknie<\/span><\/a><\/figure>\n\n\n\n<figure class=\"wp-block-image size-full\"><a href=\"https:\/\/es.rops-opole.pl\/wp-content\/uploads\/2024\/06\/78-1.png\" target=\"_blank\" rel=\"noopener\" aria-label=\"Image to the post titled: VIII Opolskie Targi Ekonomii Spo\u0142ecznej w Grodzisku 22-23.06.2024 r., otworzy si\u0119 w nowym oknie\" class=\"attachment-link target-blank use-tooltip\"><img loading=\"lazy\" decoding=\"async\" width=\"2000\" height=\"1444\" data-id=\"915\" src=\"https:\/\/es.rops-opole.pl\/wp-content\/uploads\/2024\/06\/78-1.png\" alt=\"\" class=\"wp-image-915\" srcset=\"https:\/\/es.rops-opole.pl\/wp-content\/uploads\/2024\/06\/78-1.png 2000w, https:\/\/es.rops-opole.pl\/wp-content\/uploads\/2024\/06\/78-1-1536x1109.png 1536w, https:\/\/es.rops-opole.pl\/wp-content\/uploads\/2024\/06\/78-1-820x592.png 820w, https:\/\/es.rops-opole.pl\/wp-content\/uploads\/2024\/06\/78-1-247x178.png 247w\" sizes=\"auto, (max-width: 2000px) 100vw, 2000px\"><svg aria-hidden=\"true\" class=\"icon-new-window\" viewbox=\"0 0 1792 1792\"><path d=\"M1408 960v-128q0-26-19-45t-45-19h-320v-320q0-26-19-45t-45-19h-128q-26 0-45 19t-19 45v320h-320q-26 0-45 19t-19 45v128q0 26 19 45t45 19h320v320q0 26 19 45t45 19h128q26 0 45-19t19-45v-320h320q26 0 45-19t19-45zm256-544v960q0 119-84.5 203.5t-203.5 84.5h-960q-119 0-203.5-84.5t-84.5-203.5v-960q0-119 84.5-203.5t203.5-84.5h960q119 0 203.5 84.5t84.5 203.5z\"><\/path><\/svg><span class=\"tooltip\">Image to the post titled: VIII Opolskie Targi Ekonomii Spo\u0142ecznej w Grodzisku 22-23.06.2024 r., otworzy si\u0119 w nowym oknie<\/span><\/a><\/figure>\n\n\n\n<figure class=\"wp-block-image size-full\"><a href=\"https:\/\/es.rops-opole.pl\/wp-content\/uploads\/2024\/06\/77-2.png\" target=\"_blank\" rel=\"noopener\" aria-label=\"Image to the post titled: VIII Opolskie Targi Ekonomii Spo\u0142ecznej w Grodzisku 22-23.06.2024 r., otworzy si\u0119 w nowym oknie\" class=\"attachment-link target-blank use-tooltip\"><img loading=\"lazy\" decoding=\"async\" width=\"2000\" height=\"1444\" data-id=\"914\" src=\"https:\/\/es.rops-opole.pl\/wp-content\/uploads\/2024\/06\/77-2.png\" alt=\"\" class=\"wp-image-914\" srcset=\"https:\/\/es.rops-opole.pl\/wp-content\/uploads\/2024\/06\/77-2.png 2000w, https:\/\/es.rops-opole.pl\/wp-content\/uploads\/2024\/06\/77-2-1536x1109.png 1536w, https:\/\/es.rops-opole.pl\/wp-content\/uploads\/2024\/06\/77-2-820x592.png 820w, https:\/\/es.rops-opole.pl\/wp-content\/uploads\/2024\/06\/77-2-247x178.png 247w\" sizes=\"auto, (max-width: 2000px) 100vw, 2000px\"><svg aria-hidden=\"true\" class=\"icon-new-window\" viewbox=\"0 0 1792 1792\"><path d=\"M1408 960v-128q0-26-19-45t-45-19h-320v-320q0-26-19-45t-45-19h-128q-26 0-45 19t-19 45v320h-320q-26 0-45 19t-19 45v128q0 26 19 45t45 19h320v320q0 26 19 45t45 19h128q26 0 45-19t19-45v-320h320q26 0 45-19t19-45zm256-544v960q0 119-84.5 203.5t-203.5 84.5h-960q-119 0-203.5-84.5t-84.5-203.5v-960q0-119 84.5-203.5t203.5-84.5h960q119 0 203.5 84.5t84.5 203.5z\"><\/path><\/svg><span class=\"tooltip\">Image to the post titled: VIII Opolskie Targi Ekonomii Spo\u0142ecznej w Grodzisku 22-23.06.2024 r., otworzy si\u0119 w nowym oknie<\/span><\/a><\/figure>\n\n\n\n<figure class=\"wp-block-image size-full\"><a href=\"https:\/\/es.rops-opole.pl\/wp-content\/uploads\/2024\/06\/76-1.png\" target=\"_blank\" rel=\"noopener\" aria-label=\"Image to the post titled: VIII Opolskie Targi Ekonomii Spo\u0142ecznej w Grodzisku 22-23.06.2024 r., otworzy si\u0119 w nowym oknie\" class=\"attachment-link target-blank use-tooltip\"><img loading=\"lazy\" decoding=\"async\" width=\"2000\" height=\"1444\" data-id=\"913\" src=\"https:\/\/es.rops-opole.pl\/wp-content\/uploads\/2024\/06\/76-1.png\" alt=\"\" class=\"wp-image-913\" srcset=\"https:\/\/es.rops-opole.pl\/wp-content\/uploads\/2024\/06\/76-1.png 2000w, https:\/\/es.rops-opole.pl\/wp-content\/uploads\/2024\/06\/76-1-1536x1109.png 1536w, https:\/\/es.rops-opole.pl\/wp-content\/uploads\/2024\/06\/76-1-820x592.png 820w, https:\/\/es.rops-opole.pl\/wp-content\/uploads\/2024\/06\/76-1-247x178.png 247w\" sizes=\"auto, (max-width: 2000px) 100vw, 2000px\"><svg aria-hidden=\"true\" class=\"icon-new-window\" viewbox=\"0 0 1792 1792\"><path d=\"M1408 960v-128q0-26-19-45t-45-19h-320v-320q0-26-19-45t-45-19h-128q-26 0-45 19t-19 45v320h-320q-26 0-45 19t-19 45v128q0 26 19 45t45 19h320v320q0 26 19 45t45 19h128q26 0 45-19t19-45v-320h320q26 0 45-19t19-45zm256-544v960q0 119-84.5 203.5t-203.5 84.5h-960q-119 0-203.5-84.5t-84.5-203.5v-960q0-119 84.5-203.5t203.5-84.5h960q119 0 203.5 84.5t84.5 203.5z\"><\/path><\/svg><span class=\"tooltip\">Image to the post titled: VIII Opolskie Targi Ekonomii Spo\u0142ecznej w Grodzisku 22-23.06.2024 r., otworzy si\u0119 w nowym oknie<\/span><\/a><\/figure>\n\n\n\n<figure class=\"wp-block-image size-full\"><a href=\"https:\/\/es.rops-opole.pl\/wp-content\/uploads\/2024\/06\/75-1.png\" target=\"_blank\" rel=\"noopener\" aria-label=\"Image to the post titled: VIII Opolskie Targi Ekonomii Spo\u0142ecznej w Grodzisku 22-23.06.2024 r., otworzy si\u0119 w nowym oknie\" class=\"attachment-link target-blank use-tooltip\"><img loading=\"lazy\" decoding=\"async\" width=\"2000\" height=\"1444\" data-id=\"912\" src=\"https:\/\/es.rops-opole.pl\/wp-content\/uploads\/2024\/06\/75-1.png\" alt=\"\" class=\"wp-image-912\" srcset=\"https:\/\/es.rops-opole.pl\/wp-content\/uploads\/2024\/06\/75-1.png 2000w, https:\/\/es.rops-opole.pl\/wp-content\/uploads\/2024\/06\/75-1-1536x1109.png 1536w, https:\/\/es.rops-opole.pl\/wp-content\/uploads\/2024\/06\/75-1-820x592.png 820w, https:\/\/es.rops-opole.pl\/wp-content\/uploads\/2024\/06\/75-1-247x178.png 247w\" sizes=\"auto, (max-width: 2000px) 100vw, 2000px\"><svg aria-hidden=\"true\" class=\"icon-new-window\" viewbox=\"0 0 1792 1792\"><path d=\"M1408 960v-128q0-26-19-45t-45-19h-320v-320q0-26-19-45t-45-19h-128q-26 0-45 19t-19 45v320h-320q-26 0-45 19t-19 45v128q0 26 19 45t45 19h320v320q0 26 19 45t45 19h128q26 0 45-19t19-45v-320h320q26 0 45-19t19-45zm256-544v960q0 119-84.5 203.5t-203.5 84.5h-960q-119 0-203.5-84.5t-84.5-203.5v-960q0-119 84.5-203.5t203.5-84.5h960q119 0 203.5 84.5t84.5 203.5z\"><\/path><\/svg><span class=\"tooltip\">Image to the post titled: VIII Opolskie Targi Ekonomii Spo\u0142ecznej w Grodzisku 22-23.06.2024 r., otworzy si\u0119 w nowym oknie<\/span><\/a><\/figure>\n\n\n\n<figure class=\"wp-block-image size-full\"><a href=\"https:\/\/es.rops-opole.pl\/wp-content\/uploads\/2024\/06\/74-1.png\" target=\"_blank\" rel=\"noopener\" aria-label=\"Image to the post titled: VIII Opolskie Targi Ekonomii Spo\u0142ecznej w Grodzisku 22-23.06.2024 r., otworzy si\u0119 w nowym oknie\" class=\"attachment-link target-blank use-tooltip\"><img loading=\"lazy\" decoding=\"async\" width=\"2000\" height=\"1444\" data-id=\"911\" src=\"https:\/\/es.rops-opole.pl\/wp-content\/uploads\/2024\/06\/74-1.png\" alt=\"\" class=\"wp-image-911\" srcset=\"https:\/\/es.rops-opole.pl\/wp-content\/uploads\/2024\/06\/74-1.png 2000w, https:\/\/es.rops-opole.pl\/wp-content\/uploads\/2024\/06\/74-1-1536x1109.png 1536w, https:\/\/es.rops-opole.pl\/wp-content\/uploads\/2024\/06\/74-1-820x592.png 820w, https:\/\/es.rops-opole.pl\/wp-content\/uploads\/2024\/06\/74-1-247x178.png 247w\" sizes=\"auto, (max-width: 2000px) 100vw, 2000px\"><svg aria-hidden=\"true\" class=\"icon-new-window\" viewbox=\"0 0 1792 1792\"><path d=\"M1408 960v-128q0-26-19-45t-45-19h-320v-320q0-26-19-45t-45-19h-128q-26 0-45 19t-19 45v320h-320q-26 0-45 19t-19 45v128q0 26 19 45t45 19h320v320q0 26 19 45t45 19h128q26 0 45-19t19-45v-320h320q26 0 45-19t19-45zm256-544v960q0 119-84.5 203.5t-203.5 84.5h-960q-119 0-203.5-84.5t-84.5-203.5v-960q0-119 84.5-203.5t203.5-84.5h960q119 0 203.5 84.5t84.5 203.5z\"><\/path><\/svg><span class=\"tooltip\">Image to the post titled: VIII Opolskie Targi Ekonomii Spo\u0142ecznej w Grodzisku 22-23.06.2024 r., otworzy si\u0119 w nowym oknie<\/span><\/a><\/figure>\n\n\n\n<figure class=\"wp-block-image size-full\"><a href=\"https:\/\/es.rops-opole.pl\/wp-content\/uploads\/2024\/06\/73-1.png\" target=\"_blank\" rel=\"noopener\" aria-label=\"Image to the post titled: VIII Opolskie Targi Ekonomii Spo\u0142ecznej w Grodzisku 22-23.06.2024 r., otworzy si\u0119 w nowym oknie\" class=\"attachment-link target-blank use-tooltip\"><img loading=\"lazy\" decoding=\"async\" width=\"2000\" height=\"1444\" data-id=\"910\" src=\"https:\/\/es.rops-opole.pl\/wp-content\/uploads\/2024\/06\/73-1.png\" alt=\"\" class=\"wp-image-910\" srcset=\"https:\/\/es.rops-opole.pl\/wp-content\/uploads\/2024\/06\/73-1.png 2000w, https:\/\/es.rops-opole.pl\/wp-content\/uploads\/2024\/06\/73-1-1536x1109.png 1536w, https:\/\/es.rops-opole.pl\/wp-content\/uploads\/2024\/06\/73-1-820x592.png 820w, https:\/\/es.rops-opole.pl\/wp-content\/uploads\/2024\/06\/73-1-247x178.png 247w\" sizes=\"auto, (max-width: 2000px) 100vw, 2000px\"><svg aria-hidden=\"true\" class=\"icon-new-window\" viewbox=\"0 0 1792 1792\"><path d=\"M1408 960v-128q0-26-19-45t-45-19h-320v-320q0-26-19-45t-45-19h-128q-26 0-45 19t-19 45v320h-320q-26 0-45 19t-19 45v128q0 26 19 45t45 19h320v320q0 26 19 45t45 19h128q26 0 45-19t19-45v-320h320q26 0 45-19t19-45zm256-544v960q0 119-84.5 203.5t-203.5 84.5h-960q-119 0-203.5-84.5t-84.5-203.5v-960q0-119 84.5-203.5t203.5-84.5h960q119 0 203.5 84.5t84.5 203.5z\"><\/path><\/svg><span class=\"tooltip\">Image to the post titled: VIII Opolskie Targi Ekonomii Spo\u0142ecznej w Grodzisku 22-23.06.2024 r., otworzy si\u0119 w nowym oknie<\/span><\/a><\/figure>\n\n\n\n<figure class=\"wp-block-image size-full\"><a href=\"https:\/\/es.rops-opole.pl\/wp-content\/uploads\/2024\/06\/72-1.png\" target=\"_blank\" rel=\"noopener\" aria-label=\"Image to the post titled: VIII Opolskie Targi Ekonomii Spo\u0142ecznej w Grodzisku 22-23.06.2024 r., otworzy si\u0119 w nowym oknie\" class=\"attachment-link target-blank use-tooltip\"><img loading=\"lazy\" decoding=\"async\" width=\"2000\" height=\"1444\" data-id=\"909\" src=\"https:\/\/es.rops-opole.pl\/wp-content\/uploads\/2024\/06\/72-1.png\" alt=\"\" class=\"wp-image-909\" srcset=\"https:\/\/es.rops-opole.pl\/wp-content\/uploads\/2024\/06\/72-1.png 2000w, https:\/\/es.rops-opole.pl\/wp-content\/uploads\/2024\/06\/72-1-1536x1109.png 1536w, https:\/\/es.rops-opole.pl\/wp-content\/uploads\/2024\/06\/72-1-820x592.png 820w, https:\/\/es.rops-opole.pl\/wp-content\/uploads\/2024\/06\/72-1-247x178.png 247w\" sizes=\"auto, (max-width: 2000px) 100vw, 2000px\"><svg aria-hidden=\"true\" class=\"icon-new-window\" viewbox=\"0 0 1792 1792\"><path d=\"M1408 960v-128q0-26-19-45t-45-19h-320v-320q0-26-19-45t-45-19h-128q-26 0-45 19t-19 45v320h-320q-26 0-45 19t-19 45v128q0 26 19 45t45 19h320v320q0 26 19 45t45 19h128q26 0 45-19t19-45v-320h320q26 0 45-19t19-45zm256-544v960q0 119-84.5 203.5t-203.5 84.5h-960q-119 0-203.5-84.5t-84.5-203.5v-960q0-119 84.5-203.5t203.5-84.5h960q119 0 203.5 84.5t84.5 203.5z\"><\/path><\/svg><span class=\"tooltip\">Image to the post titled: VIII Opolskie Targi Ekonomii Spo\u0142ecznej w Grodzisku 22-23.06.2024 r., otworzy si\u0119 w nowym oknie<\/span><\/a><\/figure>\n\n\n\n<figure class=\"wp-block-image size-full\"><a href=\"https:\/\/es.rops-opole.pl\/wp-content\/uploads\/2024\/06\/71-2.png\" target=\"_blank\" rel=\"noopener\" aria-label=\"Image to the post titled: VIII Opolskie Targi Ekonomii Spo\u0142ecznej w Grodzisku 22-23.06.2024 r., otworzy si\u0119 w nowym oknie\" class=\"attachment-link target-blank use-tooltip\"><img loading=\"lazy\" decoding=\"async\" width=\"2000\" height=\"1444\" data-id=\"908\" src=\"https:\/\/es.rops-opole.pl\/wp-content\/uploads\/2024\/06\/71-2.png\" alt=\"\" class=\"wp-image-908\" srcset=\"https:\/\/es.rops-opole.pl\/wp-content\/uploads\/2024\/06\/71-2.png 2000w, https:\/\/es.rops-opole.pl\/wp-content\/uploads\/2024\/06\/71-2-1536x1109.png 1536w, https:\/\/es.rops-opole.pl\/wp-content\/uploads\/2024\/06\/71-2-820x592.png 820w, https:\/\/es.rops-opole.pl\/wp-content\/uploads\/2024\/06\/71-2-247x178.png 247w\" sizes=\"auto, (max-width: 2000px) 100vw, 2000px\"><svg aria-hidden=\"true\" class=\"icon-new-window\" viewbox=\"0 0 1792 1792\"><path d=\"M1408 960v-128q0-26-19-45t-45-19h-320v-320q0-26-19-45t-45-19h-128q-26 0-45 19t-19 45v320h-320q-26 0-45 19t-19 45v128q0 26 19 45t45 19h320v320q0 26 19 45t45 19h128q26 0 45-19t19-45v-320h320q26 0 45-19t19-45zm256-544v960q0 119-84.5 203.5t-203.5 84.5h-960q-119 0-203.5-84.5t-84.5-203.5v-960q0-119 84.5-203.5t203.5-84.5h960q119 0 203.5 84.5t84.5 203.5z\"><\/path><\/svg><span class=\"tooltip\">Image to the post titled: VIII Opolskie Targi Ekonomii Spo\u0142ecznej w Grodzisku 22-23.06.2024 r., otworzy si\u0119 w nowym oknie<\/span><\/a><\/figure>\n\n\n\n<figure class=\"wp-block-image size-full\"><a href=\"https:\/\/es.rops-opole.pl\/wp-content\/uploads\/2024\/06\/70-1.png\" target=\"_blank\" rel=\"noopener\" aria-label=\"Image to the post titled: VIII Opolskie Targi Ekonomii Spo\u0142ecznej w Grodzisku 22-23.06.2024 r., otworzy si\u0119 w nowym oknie\" class=\"attachment-link target-blank use-tooltip\"><img loading=\"lazy\" decoding=\"async\" width=\"2000\" height=\"1444\" data-id=\"907\" src=\"https:\/\/es.rops-opole.pl\/wp-content\/uploads\/2024\/06\/70-1.png\" alt=\"\" class=\"wp-image-907\" srcset=\"https:\/\/es.rops-opole.pl\/wp-content\/uploads\/2024\/06\/70-1.png 2000w, https:\/\/es.rops-opole.pl\/wp-content\/uploads\/2024\/06\/70-1-1536x1109.png 1536w, https:\/\/es.rops-opole.pl\/wp-content\/uploads\/2024\/06\/70-1-820x592.png 820w, https:\/\/es.rops-opole.pl\/wp-content\/uploads\/2024\/06\/70-1-247x178.png 247w\" sizes=\"auto, (max-width: 2000px) 100vw, 2000px\"><svg aria-hidden=\"true\" class=\"icon-new-window\" viewbox=\"0 0 1792 1792\"><path d=\"M1408 960v-128q0-26-19-45t-45-19h-320v-320q0-26-19-45t-45-19h-128q-26 0-45 19t-19 45v320h-320q-26 0-45 19t-19 45v128q0 26 19 45t45 19h320v320q0 26 19 45t45 19h128q26 0 45-19t19-45v-320h320q26 0 45-19t19-45zm256-544v960q0 119-84.5 203.5t-203.5 84.5h-960q-119 0-203.5-84.5t-84.5-203.5v-960q0-119 84.5-203.5t203.5-84.5h960q119 0 203.5 84.5t84.5 203.5z\"><\/path><\/svg><span class=\"tooltip\">Image to the post titled: VIII Opolskie Targi Ekonomii Spo\u0142ecznej w Grodzisku 22-23.06.2024 r., otworzy si\u0119 w nowym oknie<\/span><\/a><\/figure>\n\n\n\n<figure class=\"wp-block-image size-full\"><a href=\"https:\/\/es.rops-opole.pl\/wp-content\/uploads\/2024\/06\/69-1.png\" target=\"_blank\" rel=\"noopener\" aria-label=\"Image to the post titled: VIII Opolskie Targi Ekonomii Spo\u0142ecznej w Grodzisku 22-23.06.2024 r., otworzy si\u0119 w nowym oknie\" class=\"attachment-link target-blank use-tooltip\"><img loading=\"lazy\" decoding=\"async\" width=\"2000\" height=\"1444\" data-id=\"906\" src=\"https:\/\/es.rops-opole.pl\/wp-content\/uploads\/2024\/06\/69-1.png\" alt=\"\" class=\"wp-image-906\" srcset=\"https:\/\/es.rops-opole.pl\/wp-content\/uploads\/2024\/06\/69-1.png 2000w, https:\/\/es.rops-opole.pl\/wp-content\/uploads\/2024\/06\/69-1-1536x1109.png 1536w, https:\/\/es.rops-opole.pl\/wp-content\/uploads\/2024\/06\/69-1-820x592.png 820w, https:\/\/es.rops-opole.pl\/wp-content\/uploads\/2024\/06\/69-1-247x178.png 247w\" sizes=\"auto, (max-width: 2000px) 100vw, 2000px\"><svg aria-hidden=\"true\" class=\"icon-new-window\" viewbox=\"0 0 1792 1792\"><path d=\"M1408 960v-128q0-26-19-45t-45-19h-320v-320q0-26-19-45t-45-19h-128q-26 0-45 19t-19 45v320h-320q-26 0-45 19t-19 45v128q0 26 19 45t45 19h320v320q0 26 19 45t45 19h128q26 0 45-19t19-45v-320h320q26 0 45-19t19-45zm256-544v960q0 119-84.5 203.5t-203.5 84.5h-960q-119 0-203.5-84.5t-84.5-203.5v-960q0-119 84.5-203.5t203.5-84.5h960q119 0 203.5 84.5t84.5 203.5z\"><\/path><\/svg><span class=\"tooltip\">Image to the post titled: VIII Opolskie Targi Ekonomii Spo\u0142ecznej w Grodzisku 22-23.06.2024 r., otworzy si\u0119 w nowym oknie<\/span><\/a><\/figure>\n\n\n\n<figure class=\"wp-block-image size-thumbnail\"><a href=\"https:\/\/es.rops-opole.pl\/wp-content\/uploads\/2024\/06\/1.png\" target=\"_blank\" rel=\"noopener\" aria-label=\"Image to the post titled: VIII Opolskie Targi Ekonomii Spo\u0142ecznej w Grodzisku 22-23.06.2024 r., otworzy si\u0119 w nowym oknie\" class=\"attachment-link target-blank use-tooltip\"><img loading=\"lazy\" decoding=\"async\" width=\"150\" height=\"150\" data-id=\"893\" src=\"https:\/\/es.rops-opole.pl\/wp-content\/uploads\/2024\/06\/1-150x150.png\" alt=\"\" class=\"wp-image-893\"><svg aria-hidden=\"true\" class=\"icon-new-window\" viewbox=\"0 0 1792 1792\"><path d=\"M1408 960v-128q0-26-19-45t-45-19h-320v-320q0-26-19-45t-45-19h-128q-26 0-45 19t-19 45v320h-320q-26 0-45 19t-19 45v128q0 26 19 45t45 19h320v320q0 26 19 45t45 19h128q26 0 45-19t19-45v-320h320q26 0 45-19t19-45zm256-544v960q0 119-84.5 203.5t-203.5 84.5h-960q-119 0-203.5-84.5t-84.5-203.5v-960q0-119 84.5-203.5t203.5-84.5h960q119 0 203.5 84.5t84.5 203.5z\"><\/path><\/svg><span class=\"tooltip\">Image to the post titled: VIII Opolskie Targi Ekonomii Spo\u0142ecznej w Grodzisku 22-23.06.2024 r., otworzy si\u0119 w nowym oknie<\/span><\/a><\/figure>\n\n\n\n<figure class=\"wp-block-image size-full\"><a href=\"https:\/\/es.rops-opole.pl\/wp-content\/uploads\/2024\/06\/68-1.png\" target=\"_blank\" rel=\"noopener\" aria-label=\"Image to the post titled: VIII Opolskie Targi Ekonomii Spo\u0142ecznej w Grodzisku 22-23.06.2024 r., otworzy si\u0119 w nowym oknie\" class=\"attachment-link target-blank use-tooltip\"><img loading=\"lazy\" decoding=\"async\" width=\"2000\" height=\"1444\" data-id=\"905\" src=\"https:\/\/es.rops-opole.pl\/wp-content\/uploads\/2024\/06\/68-1.png\" alt=\"\" class=\"wp-image-905\" srcset=\"https:\/\/es.rops-opole.pl\/wp-content\/uploads\/2024\/06\/68-1.png 2000w, https:\/\/es.rops-opole.pl\/wp-content\/uploads\/2024\/06\/68-1-1536x1109.png 1536w, https:\/\/es.rops-opole.pl\/wp-content\/uploads\/2024\/06\/68-1-820x592.png 820w, https:\/\/es.rops-opole.pl\/wp-content\/uploads\/2024\/06\/68-1-247x178.png 247w\" sizes=\"auto, (max-width: 2000px) 100vw, 2000px\"><svg aria-hidden=\"true\" class=\"icon-new-window\" viewbox=\"0 0 1792 1792\"><path d=\"M1408 960v-128q0-26-19-45t-45-19h-320v-320q0-26-19-45t-45-19h-128q-26 0-45 19t-19 45v320h-320q-26 0-45 19t-19 45v128q0 26 19 45t45 19h320v320q0 26 19 45t45 19h128q26 0 45-19t19-45v-320h320q26 0 45-19t19-45zm256-544v960q0 119-84.5 203.5t-203.5 84.5h-960q-119 0-203.5-84.5t-84.5-203.5v-960q0-119 84.5-203.5t203.5-84.5h960q119 0 203.5 84.5t84.5 203.5z\"><\/path><\/svg><span class=\"tooltip\">Image to the post titled: VIII Opolskie Targi Ekonomii Spo\u0142ecznej w Grodzisku 22-23.06.2024 r., otworzy si\u0119 w nowym oknie<\/span><\/a><\/figure>\n\n\n\n<figure class=\"wp-block-image size-full\"><a href=\"https:\/\/es.rops-opole.pl\/wp-content\/uploads\/2024\/06\/67-1.png\" target=\"_blank\" rel=\"noopener\" aria-label=\"Image to the post titled: VIII Opolskie Targi Ekonomii Spo\u0142ecznej w Grodzisku 22-23.06.2024 r., otworzy si\u0119 w nowym oknie\" class=\"attachment-link target-blank use-tooltip\"><img loading=\"lazy\" decoding=\"async\" width=\"2000\" height=\"1444\" data-id=\"904\" src=\"https:\/\/es.rops-opole.pl\/wp-content\/uploads\/2024\/06\/67-1.png\" alt=\"\" class=\"wp-image-904\" srcset=\"https:\/\/es.rops-opole.pl\/wp-content\/uploads\/2024\/06\/67-1.png 2000w, https:\/\/es.rops-opole.pl\/wp-content\/uploads\/2024\/06\/67-1-1536x1109.png 1536w, https:\/\/es.rops-opole.pl\/wp-content\/uploads\/2024\/06\/67-1-820x592.png 820w, https:\/\/es.rops-opole.pl\/wp-content\/uploads\/2024\/06\/67-1-247x178.png 247w\" sizes=\"auto, (max-width: 2000px) 100vw, 2000px\"><svg aria-hidden=\"true\" class=\"icon-new-window\" viewbox=\"0 0 1792 1792\"><path d=\"M1408 960v-128q0-26-19-45t-45-19h-320v-320q0-26-19-45t-45-19h-128q-26 0-45 19t-19 45v320h-320q-26 0-45 19t-19 45v128q0 26 19 45t45 19h320v320q0 26 19 45t45 19h128q26 0 45-19t19-45v-320h320q26 0 45-19t19-45zm256-544v960q0 119-84.5 203.5t-203.5 84.5h-960q-119 0-203.5-84.5t-84.5-203.5v-960q0-119 84.5-203.5t203.5-84.5h960q119 0 203.5 84.5t84.5 203.5z\"><\/path><\/svg><span class=\"tooltip\">Image to the post titled: VIII Opolskie Targi Ekonomii Spo\u0142ecznej w Grodzisku 22-23.06.2024 r., otworzy si\u0119 w nowym oknie<\/span><\/a><\/figure>\n\n\n\n<figure class=\"wp-block-image size-full\"><a href=\"https:\/\/es.rops-opole.pl\/wp-content\/uploads\/2024\/06\/66-1.png\" target=\"_blank\" rel=\"noopener\" aria-label=\"Image to the post titled: VIII Opolskie Targi Ekonomii Spo\u0142ecznej w Grodzisku 22-23.06.2024 r., otworzy si\u0119 w nowym oknie\" class=\"attachment-link target-blank use-tooltip\"><img loading=\"lazy\" decoding=\"async\" width=\"2000\" height=\"1444\" data-id=\"903\" src=\"https:\/\/es.rops-opole.pl\/wp-content\/uploads\/2024\/06\/66-1.png\" alt=\"\" class=\"wp-image-903\" srcset=\"https:\/\/es.rops-opole.pl\/wp-content\/uploads\/2024\/06\/66-1.png 2000w, https:\/\/es.rops-opole.pl\/wp-content\/uploads\/2024\/06\/66-1-1536x1109.png 1536w, https:\/\/es.rops-opole.pl\/wp-content\/uploads\/2024\/06\/66-1-820x592.png 820w, https:\/\/es.rops-opole.pl\/wp-content\/uploads\/2024\/06\/66-1-247x178.png 247w\" sizes=\"auto, (max-width: 2000px) 100vw, 2000px\"><svg aria-hidden=\"true\" class=\"icon-new-window\" viewbox=\"0 0 1792 1792\"><path d=\"M1408 960v-128q0-26-19-45t-45-19h-320v-320q0-26-19-45t-45-19h-128q-26 0-45 19t-19 45v320h-320q-26 0-45 19t-19 45v128q0 26 19 45t45 19h320v320q0 26 19 45t45 19h128q26 0 45-19t19-45v-320h320q26 0 45-19t19-45zm256-544v960q0 119-84.5 203.5t-203.5 84.5h-960q-119 0-203.5-84.5t-84.5-203.5v-960q0-119 84.5-203.5t203.5-84.5h960q119 0 203.5 84.5t84.5 203.5z\"><\/path><\/svg><span class=\"tooltip\">Image to the post titled: VIII Opolskie Targi Ekonomii Spo\u0142ecznej w Grodzisku 22-23.06.2024 r., otworzy si\u0119 w nowym oknie<\/span><\/a><\/figure>\n\n\n\n<figure class=\"wp-block-image size-full\"><a href=\"https:\/\/es.rops-opole.pl\/wp-content\/uploads\/2024\/06\/65-1.png\" target=\"_blank\" rel=\"noopener\" aria-label=\"Image to the post titled: VIII Opolskie Targi Ekonomii Spo\u0142ecznej w Grodzisku 22-23.06.2024 r., otworzy si\u0119 w nowym oknie\" class=\"attachment-link target-blank use-tooltip\"><img loading=\"lazy\" decoding=\"async\" width=\"2000\" height=\"1444\" data-id=\"902\" src=\"https:\/\/es.rops-opole.pl\/wp-content\/uploads\/2024\/06\/65-1.png\" alt=\"\" class=\"wp-image-902\" srcset=\"https:\/\/es.rops-opole.pl\/wp-content\/uploads\/2024\/06\/65-1.png 2000w, https:\/\/es.rops-opole.pl\/wp-content\/uploads\/2024\/06\/65-1-1536x1109.png 1536w, https:\/\/es.rops-opole.pl\/wp-content\/uploads\/2024\/06\/65-1-820x592.png 820w, https:\/\/es.rops-opole.pl\/wp-content\/uploads\/2024\/06\/65-1-247x178.png 247w\" sizes=\"auto, (max-width: 2000px) 100vw, 2000px\"><svg aria-hidden=\"true\" class=\"icon-new-window\" viewbox=\"0 0 1792 1792\"><path d=\"M1408 960v-128q0-26-19-45t-45-19h-320v-320q0-26-19-45t-45-19h-128q-26 0-45 19t-19 45v320h-320q-26 0-45 19t-19 45v128q0 26 19 45t45 19h320v320q0 26 19 45t45 19h128q26 0 45-19t19-45v-320h320q26 0 45-19t19-45zm256-544v960q0 119-84.5 203.5t-203.5 84.5h-960q-119 0-203.5-84.5t-84.5-203.5v-960q0-119 84.5-203.5t203.5-84.5h960q119 0 203.5 84.5t84.5 203.5z\"><\/path><\/svg><span class=\"tooltip\">Image to the post titled: VIII Opolskie Targi Ekonomii Spo\u0142ecznej w Grodzisku 22-23.06.2024 r., otworzy si\u0119 w nowym oknie<\/span><\/a><\/figure>\n\n\n\n<figure class=\"wp-block-image size-full\"><a href=\"https:\/\/es.rops-opole.pl\/wp-content\/uploads\/2024\/06\/22-1.png\" target=\"_blank\" rel=\"noopener\" aria-label=\"Image to the post titled: VIII Opolskie Targi Ekonomii Spo\u0142ecznej w Grodzisku 22-23.06.2024 r., otworzy si\u0119 w nowym oknie\" class=\"attachment-link target-blank use-tooltip\"><img loading=\"lazy\" decoding=\"async\" width=\"2000\" height=\"1444\" data-id=\"901\" src=\"https:\/\/es.rops-opole.pl\/wp-content\/uploads\/2024\/06\/22-1.png\" alt=\"\" class=\"wp-image-901\" srcset=\"https:\/\/es.rops-opole.pl\/wp-content\/uploads\/2024\/06\/22-1.png 2000w, https:\/\/es.rops-opole.pl\/wp-content\/uploads\/2024\/06\/22-1-1536x1109.png 1536w, https:\/\/es.rops-opole.pl\/wp-content\/uploads\/2024\/06\/22-1-820x592.png 820w, https:\/\/es.rops-opole.pl\/wp-content\/uploads\/2024\/06\/22-1-247x178.png 247w\" sizes=\"auto, (max-width: 2000px) 100vw, 2000px\"><svg aria-hidden=\"true\" class=\"icon-new-window\" viewbox=\"0 0 1792 1792\"><path d=\"M1408 960v-128q0-26-19-45t-45-19h-320v-320q0-26-19-45t-45-19h-128q-26 0-45 19t-19 45v320h-320q-26 0-45 19t-19 45v128q0 26 19 45t45 19h320v320q0 26 19 45t45 19h128q26 0 45-19t19-45v-320h320q26 0 45-19t19-45zm256-544v960q0 119-84.5 203.5t-203.5 84.5h-960q-119 0-203.5-84.5t-84.5-203.5v-960q0-119 84.5-203.5t203.5-84.5h960q119 0 203.5 84.5t84.5 203.5z\"><\/path><\/svg><span class=\"tooltip\">Image to the post titled: VIII Opolskie Targi Ekonomii Spo\u0142ecznej w Grodzisku 22-23.06.2024 r., otworzy si\u0119 w nowym oknie<\/span><\/a><\/figure>\n\n\n\n<figure class=\"wp-block-image size-full\"><a href=\"https:\/\/es.rops-opole.pl\/wp-content\/uploads\/2024\/06\/40-1.png\" target=\"_blank\" rel=\"noopener\" aria-label=\"Image to the post titled: VIII Opolskie Targi Ekonomii Spo\u0142ecznej w Grodzisku 22-23.06.2024 r., otworzy si\u0119 w nowym oknie\" class=\"attachment-link target-blank use-tooltip\"><img loading=\"lazy\" decoding=\"async\" width=\"2000\" height=\"1444\" data-id=\"900\" src=\"https:\/\/es.rops-opole.pl\/wp-content\/uploads\/2024\/06\/40-1.png\" alt=\"\" class=\"wp-image-900\" srcset=\"https:\/\/es.rops-opole.pl\/wp-content\/uploads\/2024\/06\/40-1.png 2000w, https:\/\/es.rops-opole.pl\/wp-content\/uploads\/2024\/06\/40-1-1536x1109.png 1536w, https:\/\/es.rops-opole.pl\/wp-content\/uploads\/2024\/06\/40-1-820x592.png 820w, https:\/\/es.rops-opole.pl\/wp-content\/uploads\/2024\/06\/40-1-247x178.png 247w\" sizes=\"auto, (max-width: 2000px) 100vw, 2000px\"><svg aria-hidden=\"true\" class=\"icon-new-window\" viewbox=\"0 0 1792 1792\"><path d=\"M1408 960v-128q0-26-19-45t-45-19h-320v-320q0-26-19-45t-45-19h-128q-26 0-45 19t-19 45v320h-320q-26 0-45 19t-19 45v128q0 26 19 45t45 19h320v320q0 26 19 45t45 19h128q26 0 45-19t19-45v-320h320q26 0 45-19t19-45zm256-544v960q0 119-84.5 203.5t-203.5 84.5h-960q-119 0-203.5-84.5t-84.5-203.5v-960q0-119 84.5-203.5t203.5-84.5h960q119 0 203.5 84.5t84.5 203.5z\"><\/path><\/svg><span class=\"tooltip\">Image to the post titled: VIII Opolskie Targi Ekonomii Spo\u0142ecznej w Grodzisku 22-23.06.2024 r., otworzy si\u0119 w nowym oknie<\/span><\/a><\/figure>\n\n\n\n<figure class=\"wp-block-image size-full\"><a href=\"https:\/\/es.rops-opole.pl\/wp-content\/uploads\/2024\/06\/49-1.png\" target=\"_blank\" rel=\"noopener\" aria-label=\"Image to the post titled: VIII Opolskie Targi Ekonomii Spo\u0142ecznej w Grodzisku 22-23.06.2024 r., otworzy si\u0119 w nowym oknie\" class=\"attachment-link target-blank use-tooltip\"><img loading=\"lazy\" decoding=\"async\" width=\"2000\" height=\"1444\" data-id=\"899\" src=\"https:\/\/es.rops-opole.pl\/wp-content\/uploads\/2024\/06\/49-1.png\" alt=\"\" class=\"wp-image-899\" srcset=\"https:\/\/es.rops-opole.pl\/wp-content\/uploads\/2024\/06\/49-1.png 2000w, https:\/\/es.rops-opole.pl\/wp-content\/uploads\/2024\/06\/49-1-1536x1109.png 1536w, https:\/\/es.rops-opole.pl\/wp-content\/uploads\/2024\/06\/49-1-820x592.png 820w, https:\/\/es.rops-opole.pl\/wp-content\/uploads\/2024\/06\/49-1-247x178.png 247w\" sizes=\"auto, (max-width: 2000px) 100vw, 2000px\"><svg aria-hidden=\"true\" class=\"icon-new-window\" viewbox=\"0 0 1792 1792\"><path d=\"M1408 960v-128q0-26-19-45t-45-19h-320v-320q0-26-19-45t-45-19h-128q-26 0-45 19t-19 45v320h-320q-26 0-45 19t-19 45v128q0 26 19 45t45 19h320v320q0 26 19 45t45 19h128q26 0 45-19t19-45v-320h320q26 0 45-19t19-45zm256-544v960q0 119-84.5 203.5t-203.5 84.5h-960q-119 0-203.5-84.5t-84.5-203.5v-960q0-119 84.5-203.5t203.5-84.5h960q119 0 203.5 84.5t84.5 203.5z\"><\/path><\/svg><span class=\"tooltip\">Image to the post titled: VIII Opolskie Targi Ekonomii Spo\u0142ecznej w Grodzisku 22-23.06.2024 r., otworzy si\u0119 w nowym oknie<\/span><\/a><\/figure>\n\n\n\n<figure class=\"wp-block-image size-full\"><a href=\"https:\/\/es.rops-opole.pl\/wp-content\/uploads\/2024\/06\/71-1.png\" target=\"_blank\" rel=\"noopener\" aria-label=\"Image to the post titled: VIII Opolskie Targi Ekonomii Spo\u0142ecznej w Grodzisku 22-23.06.2024 r., otworzy si\u0119 w nowym oknie\" class=\"attachment-link target-blank use-tooltip\"><img loading=\"lazy\" decoding=\"async\" width=\"2000\" height=\"1444\" data-id=\"898\" src=\"https:\/\/es.rops-opole.pl\/wp-content\/uploads\/2024\/06\/71-1.png\" alt=\"\" class=\"wp-image-898\" srcset=\"https:\/\/es.rops-opole.pl\/wp-content\/uploads\/2024\/06\/71-1.png 2000w, https:\/\/es.rops-opole.pl\/wp-content\/uploads\/2024\/06\/71-1-1536x1109.png 1536w, https:\/\/es.rops-opole.pl\/wp-content\/uploads\/2024\/06\/71-1-820x592.png 820w, https:\/\/es.rops-opole.pl\/wp-content\/uploads\/2024\/06\/71-1-247x178.png 247w\" sizes=\"auto, (max-width: 2000px) 100vw, 2000px\"><svg aria-hidden=\"true\" class=\"icon-new-window\" viewbox=\"0 0 1792 1792\"><path d=\"M1408 960v-128q0-26-19-45t-45-19h-320v-320q0-26-19-45t-45-19h-128q-26 0-45 19t-19 45v320h-320q-26 0-45 19t-19 45v128q0 26 19 45t45 19h320v320q0 26 19 45t45 19h128q26 0 45-19t19-45v-320h320q26 0 45-19t19-45zm256-544v960q0 119-84.5 203.5t-203.5 84.5h-960q-119 0-203.5-84.5t-84.5-203.5v-960q0-119 84.5-203.5t203.5-84.5h960q119 0 203.5 84.5t84.5 203.5z\"><\/path><\/svg><span class=\"tooltip\">Image to the post titled: VIII Opolskie Targi Ekonomii Spo\u0142ecznej w Grodzisku 22-23.06.2024 r., otworzy si\u0119 w nowym oknie<\/span><\/a><\/figure>\n\n\n\n<figure class=\"wp-block-image size-full\"><a href=\"https:\/\/es.rops-opole.pl\/wp-content\/uploads\/2024\/06\/118-1.png\" target=\"_blank\" rel=\"noopener\" aria-label=\"Image to the post titled: VIII Opolskie Targi Ekonomii Spo\u0142ecznej w Grodzisku 22-23.06.2024 r., otworzy si\u0119 w nowym oknie\" class=\"attachment-link target-blank use-tooltip\"><img loading=\"lazy\" decoding=\"async\" width=\"2000\" height=\"1444\" data-id=\"896\" src=\"https:\/\/es.rops-opole.pl\/wp-content\/uploads\/2024\/06\/118-1.png\" alt=\"\" class=\"wp-image-896\" srcset=\"https:\/\/es.rops-opole.pl\/wp-content\/uploads\/2024\/06\/118-1.png 2000w, https:\/\/es.rops-opole.pl\/wp-content\/uploads\/2024\/06\/118-1-1536x1109.png 1536w, https:\/\/es.rops-opole.pl\/wp-content\/uploads\/2024\/06\/118-1-820x592.png 820w, https:\/\/es.rops-opole.pl\/wp-content\/uploads\/2024\/06\/118-1-247x178.png 247w\" sizes=\"auto, (max-width: 2000px) 100vw, 2000px\"><svg aria-hidden=\"true\" class=\"icon-new-window\" viewbox=\"0 0 1792 1792\"><path d=\"M1408 960v-128q0-26-19-45t-45-19h-320v-320q0-26-19-45t-45-19h-128q-26 0-45 19t-19 45v320h-320q-26 0-45 19t-19 45v128q0 26 19 45t45 19h320v320q0 26 19 45t45 19h128q26 0 45-19t19-45v-320h320q26 0 45-19t19-45zm256-544v960q0 119-84.5 203.5t-203.5 84.5h-960q-119 0-203.5-84.5t-84.5-203.5v-960q0-119 84.5-203.5t203.5-84.5h960q119 0 203.5 84.5t84.5 203.5z\"><\/path><\/svg><span class=\"tooltip\">Image to the post titled: VIII Opolskie Targi Ekonomii Spo\u0142ecznej w Grodzisku 22-23.06.2024 r., otworzy si\u0119 w nowym oknie<\/span><\/a><\/figure>\n\n\n\n<figure class=\"wp-block-image size-full\"><a href=\"https:\/\/es.rops-opole.pl\/wp-content\/uploads\/2024\/06\/167-1.png\" target=\"_blank\" rel=\"noopener\" aria-label=\"Image to the post titled: VIII Opolskie Targi Ekonomii Spo\u0142ecznej w Grodzisku 22-23.06.2024 r., otworzy si\u0119 w nowym oknie\" class=\"attachment-link target-blank use-tooltip\"><img loading=\"lazy\" decoding=\"async\" width=\"2000\" height=\"1444\" data-id=\"895\" src=\"https:\/\/es.rops-opole.pl\/wp-content\/uploads\/2024\/06\/167-1.png\" alt=\"\" class=\"wp-image-895\" srcset=\"https:\/\/es.rops-opole.pl\/wp-content\/uploads\/2024\/06\/167-1.png 2000w, https:\/\/es.rops-opole.pl\/wp-content\/uploads\/2024\/06\/167-1-1536x1109.png 1536w, https:\/\/es.rops-opole.pl\/wp-content\/uploads\/2024\/06\/167-1-820x592.png 820w, https:\/\/es.rops-opole.pl\/wp-content\/uploads\/2024\/06\/167-1-247x178.png 247w\" sizes=\"auto, (max-width: 2000px) 100vw, 2000px\"><svg aria-hidden=\"true\" class=\"icon-new-window\" viewbox=\"0 0 1792 1792\"><path d=\"M1408 960v-128q0-26-19-45t-45-19h-320v-320q0-26-19-45t-45-19h-128q-26 0-45 19t-19 45v320h-320q-26 0-45 19t-19 45v128q0 26 19 45t45 19h320v320q0 26 19 45t45 19h128q26 0 45-19t19-45v-320h320q26 0 45-19t19-45zm256-544v960q0 119-84.5 203.5t-203.5 84.5h-960q-119 0-203.5-84.5t-84.5-203.5v-960q0-119 84.5-203.5t203.5-84.5h960q119 0 203.5 84.5t84.5 203.5z\"><\/path><\/svg><span class=\"tooltip\">Image to the post titled: VIII Opolskie Targi Ekonomii Spo\u0142ecznej w Grodzisku 22-23.06.2024 r., otworzy si\u0119 w nowym oknie<\/span><\/a><\/figure>\n\n\n\n<figure class=\"wp-block-image size-full\"><a href=\"https:\/\/es.rops-opole.pl\/wp-content\/uploads\/2024\/06\/2.png\" target=\"_blank\" rel=\"noopener\" aria-label=\"Image to the post titled: VIII Opolskie Targi Ekonomii Spo\u0142ecznej w Grodzisku 22-23.06.2024 r., otworzy si\u0119 w nowym oknie\" class=\"attachment-link target-blank use-tooltip\"><img loading=\"lazy\" decoding=\"async\" width=\"2000\" height=\"1444\" data-id=\"894\" src=\"https:\/\/es.rops-opole.pl\/wp-content\/uploads\/2024\/06\/2.png\" alt=\"\" class=\"wp-image-894\" srcset=\"https:\/\/es.rops-opole.pl\/wp-content\/uploads\/2024\/06\/2.png 2000w, https:\/\/es.rops-opole.pl\/wp-content\/uploads\/2024\/06\/2-1536x1109.png 1536w, https:\/\/es.rops-opole.pl\/wp-content\/uploads\/2024\/06\/2-820x592.png 820w, https:\/\/es.rops-opole.pl\/wp-content\/uploads\/2024\/06\/2-247x178.png 247w\" sizes=\"auto, (max-width: 2000px) 100vw, 2000px\"><svg aria-hidden=\"true\" class=\"icon-new-window\" viewbox=\"0 0 1792 1792\"><path d=\"M1408 960v-128q0-26-19-45t-45-19h-320v-320q0-26-19-45t-45-19h-128q-26 0-45 19t-19 45v320h-320q-26 0-45 19t-19 45v128q0 26 19 45t45 19h320v320q0 26 19 45t45 19h128q26 0 45-19t19-45v-320h320q26 0 45-19t19-45zm256-544v960q0 119-84.5 203.5t-203.5 84.5h-960q-119 0-203.5-84.5t-84.5-203.5v-960q0-119 84.5-203.5t203.5-84.5h960q119 0 203.5 84.5t84.5 203.5z\"><\/path><\/svg><span class=\"tooltip\">Image to the post titled: VIII Opolskie Targi Ekonomii Spo\u0142ecznej w Grodzisku 22-23.06.2024 r., otworzy si\u0119 w nowym oknie<\/span><\/a><\/figure>\n\n\n\n<figure class=\"wp-block-image size-full\"><a href=\"https:\/\/es.rops-opole.pl\/wp-content\/uploads\/2024\/06\/23.png\" target=\"_blank\" rel=\"noopener\" aria-label=\"Image to the post titled: VIII Opolskie Targi Ekonomii Spo\u0142ecznej w Grodzisku 22-23.06.2024 r., otworzy si\u0119 w nowym oknie\" class=\"attachment-link target-blank use-tooltip\"><img loading=\"lazy\" decoding=\"async\" width=\"2000\" height=\"1444\" data-id=\"892\" src=\"https:\/\/es.rops-opole.pl\/wp-content\/uploads\/2024\/06\/23.png\" alt=\"\" class=\"wp-image-892\" srcset=\"https:\/\/es.rops-opole.pl\/wp-content\/uploads\/2024\/06\/23.png 2000w, https:\/\/es.rops-opole.pl\/wp-content\/uploads\/2024\/06\/23-1536x1109.png 1536w, https:\/\/es.rops-opole.pl\/wp-content\/uploads\/2024\/06\/23-820x592.png 820w, https:\/\/es.rops-opole.pl\/wp-content\/uploads\/2024\/06\/23-247x178.png 247w\" sizes=\"auto, (max-width: 2000px) 100vw, 2000px\"><svg aria-hidden=\"true\" class=\"icon-new-window\" viewbox=\"0 0 1792 1792\"><path d=\"M1408 960v-128q0-26-19-45t-45-19h-320v-320q0-26-19-45t-45-19h-128q-26 0-45 19t-19 45v320h-320q-26 0-45 19t-19 45v128q0 26 19 45t45 19h320v320q0 26 19 45t45 19h128q26 0 45-19t19-45v-320h320q26 0 45-19t19-45zm256-544v960q0 119-84.5 203.5t-203.5 84.5h-960q-119 0-203.5-84.5t-84.5-203.5v-960q0-119 84.5-203.5t203.5-84.5h960q119 0 203.5 84.5t84.5 203.5z\"><\/path><\/svg><span class=\"tooltip\">Image to the post titled: VIII Opolskie Targi Ekonomii Spo\u0142ecznej w Grodzisku 22-23.06.2024 r., otworzy si\u0119 w nowym oknie<\/span><\/a><\/figure>\n\n\n\n<figure class=\"wp-block-image size-full\"><a href=\"https:\/\/es.rops-opole.pl\/wp-content\/uploads\/2024\/06\/22.png\" target=\"_blank\" rel=\"noopener\" aria-label=\"Image to the post titled: VIII Opolskie Targi Ekonomii Spo\u0142ecznej w Grodzisku 22-23.06.2024 r., otworzy si\u0119 w nowym oknie\" class=\"attachment-link target-blank use-tooltip\"><img loading=\"lazy\" decoding=\"async\" width=\"2000\" height=\"1444\" data-id=\"891\" src=\"https:\/\/es.rops-opole.pl\/wp-content\/uploads\/2024\/06\/22.png\" alt=\"\" class=\"wp-image-891\"><svg aria-hidden=\"true\" class=\"icon-new-window\" viewbox=\"0 0 1792 1792\"><path d=\"M1408 960v-128q0-26-19-45t-45-19h-320v-320q0-26-19-45t-45-19h-128q-26 0-45 19t-19 45v320h-320q-26 0-45 19t-19 45v128q0 26 19 45t45 19h320v320q0 26 19 45t45 19h128q26 0 45-19t19-45v-320h320q26 0 45-19t19-45zm256-544v960q0 119-84.5 203.5t-203.5 84.5h-960q-119 0-203.5-84.5t-84.5-203.5v-960q0-119 84.5-203.5t203.5-84.5h960q119 0 203.5 84.5t84.5 203.5z\"><\/path><\/svg><span class=\"tooltip\">Image to the post titled: VIII Opolskie Targi Ekonomii Spo\u0142ecznej w Grodzisku 22-23.06.2024 r., otworzy si\u0119 w nowym oknie<\/span><\/a><\/figure>\n\n\n\n<figure class=\"wp-block-image size-full\"><a href=\"https:\/\/es.rops-opole.pl\/wp-content\/uploads\/2024\/06\/21.png\" target=\"_blank\" rel=\"noopener\" aria-label=\"Image to the post titled: VIII Opolskie Targi Ekonomii Spo\u0142ecznej w Grodzisku 22-23.06.2024 r., otworzy si\u0119 w nowym oknie\" class=\"attachment-link target-blank use-tooltip\"><img loading=\"lazy\" decoding=\"async\" width=\"2000\" height=\"1444\" data-id=\"890\" src=\"https:\/\/es.rops-opole.pl\/wp-content\/uploads\/2024\/06\/21.png\" alt=\"\" class=\"wp-image-890\" srcset=\"https:\/\/es.rops-opole.pl\/wp-content\/uploads\/2024\/06\/21.png 2000w, https:\/\/es.rops-opole.pl\/wp-content\/uploads\/2024\/06\/21-1536x1109.png 1536w, https:\/\/es.rops-opole.pl\/wp-content\/uploads\/2024\/06\/21-820x592.png 820w, https:\/\/es.rops-opole.pl\/wp-content\/uploads\/2024\/06\/21-247x178.png 247w\" sizes=\"auto, (max-width: 2000px) 100vw, 2000px\"><svg aria-hidden=\"true\" class=\"icon-new-window\" viewbox=\"0 0 1792 1792\"><path d=\"M1408 960v-128q0-26-19-45t-45-19h-320v-320q0-26-19-45t-45-19h-128q-26 0-45 19t-19 45v320h-320q-26 0-45 19t-19 45v128q0 26 19 45t45 19h320v320q0 26 19 45t45 19h128q26 0 45-19t19-45v-320h320q26 0 45-19t19-45zm256-544v960q0 119-84.5 203.5t-203.5 84.5h-960q-119 0-203.5-84.5t-84.5-203.5v-960q0-119 84.5-203.5t203.5-84.5h960q119 0 203.5 84.5t84.5 203.5z\"><\/path><\/svg><span class=\"tooltip\">Image to the post titled: VIII Opolskie Targi Ekonomii Spo\u0142ecznej w Grodzisku 22-23.06.2024 r., otworzy si\u0119 w nowym oknie<\/span><\/a><\/figure>\n\n\n\n<figure class=\"wp-block-image size-full\"><a href=\"https:\/\/es.rops-opole.pl\/wp-content\/uploads\/2024\/06\/20.png\" target=\"_blank\" rel=\"noopener\" aria-label=\"Image to the post titled: VIII Opolskie Targi Ekonomii Spo\u0142ecznej w Grodzisku 22-23.06.2024 r., otworzy si\u0119 w nowym oknie\" class=\"attachment-link target-blank use-tooltip\"><img loading=\"lazy\" decoding=\"async\" width=\"2000\" height=\"1444\" data-id=\"889\" src=\"https:\/\/es.rops-opole.pl\/wp-content\/uploads\/2024\/06\/20.png\" alt=\"\" class=\"wp-image-889\" srcset=\"https:\/\/es.rops-opole.pl\/wp-content\/uploads\/2024\/06\/20.png 2000w, https:\/\/es.rops-opole.pl\/wp-content\/uploads\/2024\/06\/20-1536x1109.png 1536w, https:\/\/es.rops-opole.pl\/wp-content\/uploads\/2024\/06\/20-820x592.png 820w, https:\/\/es.rops-opole.pl\/wp-content\/uploads\/2024\/06\/20-247x178.png 247w\" sizes=\"auto, (max-width: 2000px) 100vw, 2000px\"><svg aria-hidden=\"true\" class=\"icon-new-window\" viewbox=\"0 0 1792 1792\"><path d=\"M1408 960v-128q0-26-19-45t-45-19h-320v-320q0-26-19-45t-45-19h-128q-26 0-45 19t-19 45v320h-320q-26 0-45 19t-19 45v128q0 26 19 45t45 19h320v320q0 26 19 45t45 19h128q26 0 45-19t19-45v-320h320q26 0 45-19t19-45zm256-544v960q0 119-84.5 203.5t-203.5 84.5h-960q-119 0-203.5-84.5t-84.5-203.5v-960q0-119 84.5-203.5t203.5-84.5h960q119 0 203.5 84.5t84.5 203.5z\"><\/path><\/svg><span class=\"tooltip\">Image to the post titled: VIII Opolskie Targi Ekonomii Spo\u0142ecznej w Grodzisku 22-23.06.2024 r., otworzy si\u0119 w nowym oknie<\/span><\/a><\/figure>\n\n\n\n<figure class=\"wp-block-image size-full\"><a href=\"https:\/\/es.rops-opole.pl\/wp-content\/uploads\/2024\/06\/19.png\" target=\"_blank\" rel=\"noopener\" aria-label=\"Image to the post titled: VIII Opolskie Targi Ekonomii Spo\u0142ecznej w Grodzisku 22-23.06.2024 r., otworzy si\u0119 w nowym oknie\" class=\"attachment-link target-blank use-tooltip\"><img loading=\"lazy\" decoding=\"async\" width=\"2000\" height=\"1444\" data-id=\"888\" src=\"https:\/\/es.rops-opole.pl\/wp-content\/uploads\/2024\/06\/19.png\" alt=\"\" class=\"wp-image-888\" srcset=\"https:\/\/es.rops-opole.pl\/wp-content\/uploads\/2024\/06\/19.png 2000w, https:\/\/es.rops-opole.pl\/wp-content\/uploads\/2024\/06\/19-1536x1109.png 1536w, https:\/\/es.rops-opole.pl\/wp-content\/uploads\/2024\/06\/19-820x592.png 820w, https:\/\/es.rops-opole.pl\/wp-content\/uploads\/2024\/06\/19-247x178.png 247w\" sizes=\"auto, (max-width: 2000px) 100vw, 2000px\"><svg aria-hidden=\"true\" class=\"icon-new-window\" viewbox=\"0 0 1792 1792\"><path d=\"M1408 960v-128q0-26-19-45t-45-19h-320v-320q0-26-19-45t-45-19h-128q-26 0-45 19t-19 45v320h-320q-26 0-45 19t-19 45v128q0 26 19 45t45 19h320v320q0 26 19 45t45 19h128q26 0 45-19t19-45v-320h320q26 0 45-19t19-45zm256-544v960q0 119-84.5 203.5t-203.5 84.5h-960q-119 0-203.5-84.5t-84.5-203.5v-960q0-119 84.5-203.5t203.5-84.5h960q119 0 203.5 84.5t84.5 203.5z\"><\/path><\/svg><span class=\"tooltip\">Image to the post titled: VIII Opolskie Targi Ekonomii Spo\u0142ecznej w Grodzisku 22-23.06.2024 r., otworzy si\u0119 w nowym oknie<\/span><\/a><\/figure>\n\n\n\n<figure class=\"wp-block-image size-full\"><a href=\"https:\/\/es.rops-opole.pl\/wp-content\/uploads\/2024\/06\/18.png\" target=\"_blank\" rel=\"noopener\" aria-label=\"Image to the post titled: VIII Opolskie Targi Ekonomii Spo\u0142ecznej w Grodzisku 22-23.06.2024 r., otworzy si\u0119 w nowym oknie\" class=\"attachment-link target-blank use-tooltip\"><img loading=\"lazy\" decoding=\"async\" width=\"2000\" height=\"1444\" data-id=\"887\" src=\"https:\/\/es.rops-opole.pl\/wp-content\/uploads\/2024\/06\/18.png\" alt=\"\" class=\"wp-image-887\" srcset=\"https:\/\/es.rops-opole.pl\/wp-content\/uploads\/2024\/06\/18.png 2000w, https:\/\/es.rops-opole.pl\/wp-content\/uploads\/2024\/06\/18-1536x1109.png 1536w, https:\/\/es.rops-opole.pl\/wp-content\/uploads\/2024\/06\/18-820x592.png 820w, https:\/\/es.rops-opole.pl\/wp-content\/uploads\/2024\/06\/18-247x178.png 247w\" sizes=\"auto, (max-width: 2000px) 100vw, 2000px\"><svg aria-hidden=\"true\" class=\"icon-new-window\" viewbox=\"0 0 1792 1792\"><path d=\"M1408 960v-128q0-26-19-45t-45-19h-320v-320q0-26-19-45t-45-19h-128q-26 0-45 19t-19 45v320h-320q-26 0-45 19t-19 45v128q0 26 19 45t45 19h320v320q0 26 19 45t45 19h128q26 0 45-19t19-45v-320h320q26 0 45-19t19-45zm256-544v960q0 119-84.5 203.5t-203.5 84.5h-960q-119 0-203.5-84.5t-84.5-203.5v-960q0-119 84.5-203.5t203.5-84.5h960q119 0 203.5 84.5t84.5 203.5z\"><\/path><\/svg><span class=\"tooltip\">Image to the post titled: VIII Opolskie Targi Ekonomii Spo\u0142ecznej w Grodzisku 22-23.06.2024 r., otworzy si\u0119 w nowym oknie<\/span><\/a><\/figure>\n\n\n\n<figure class=\"wp-block-image size-full\"><a href=\"https:\/\/es.rops-opole.pl\/wp-content\/uploads\/2024\/06\/17.png\" target=\"_blank\" rel=\"noopener\" aria-label=\"Image to the post titled: VIII Opolskie Targi Ekonomii Spo\u0142ecznej w Grodzisku 22-23.06.2024 r., otworzy si\u0119 w nowym oknie\" class=\"attachment-link target-blank use-tooltip\"><img loading=\"lazy\" decoding=\"async\" width=\"2000\" height=\"1444\" data-id=\"886\" src=\"https:\/\/es.rops-opole.pl\/wp-content\/uploads\/2024\/06\/17.png\" alt=\"\" class=\"wp-image-886\" srcset=\"https:\/\/es.rops-opole.pl\/wp-content\/uploads\/2024\/06\/17.png 2000w, https:\/\/es.rops-opole.pl\/wp-content\/uploads\/2024\/06\/17-1536x1109.png 1536w, https:\/\/es.rops-opole.pl\/wp-content\/uploads\/2024\/06\/17-820x592.png 820w, https:\/\/es.rops-opole.pl\/wp-content\/uploads\/2024\/06\/17-247x178.png 247w\" sizes=\"auto, (max-width: 2000px) 100vw, 2000px\"><svg aria-hidden=\"true\" class=\"icon-new-window\" viewbox=\"0 0 1792 1792\"><path d=\"M1408 960v-128q0-26-19-45t-45-19h-320v-320q0-26-19-45t-45-19h-128q-26 0-45 19t-19 45v320h-320q-26 0-45 19t-19 45v128q0 26 19 45t45 19h320v320q0 26 19 45t45 19h128q26 0 45-19t19-45v-320h320q26 0 45-19t19-45zm256-544v960q0 119-84.5 203.5t-203.5 84.5h-960q-119 0-203.5-84.5t-84.5-203.5v-960q0-119 84.5-203.5t203.5-84.5h960q119 0 203.5 84.5t84.5 203.5z\"><\/path><\/svg><span class=\"tooltip\">Image to the post titled: VIII Opolskie Targi Ekonomii Spo\u0142ecznej w Grodzisku 22-23.06.2024 r., otworzy si\u0119 w nowym oknie<\/span><\/a><\/figure>\n\n\n\n<figure class=\"wp-block-image size-full\"><a href=\"https:\/\/es.rops-opole.pl\/wp-content\/uploads\/2024\/06\/16.png\" target=\"_blank\" rel=\"noopener\" aria-label=\"Image to the post titled: VIII Opolskie Targi Ekonomii Spo\u0142ecznej w Grodzisku 22-23.06.2024 r., otworzy si\u0119 w nowym oknie\" class=\"attachment-link target-blank use-tooltip\"><img loading=\"lazy\" decoding=\"async\" width=\"2000\" height=\"1444\" data-id=\"885\" src=\"https:\/\/es.rops-opole.pl\/wp-content\/uploads\/2024\/06\/16.png\" alt=\"\" class=\"wp-image-885\" srcset=\"https:\/\/es.rops-opole.pl\/wp-content\/uploads\/2024\/06\/16.png 2000w, https:\/\/es.rops-opole.pl\/wp-content\/uploads\/2024\/06\/16-1536x1109.png 1536w, https:\/\/es.rops-opole.pl\/wp-content\/uploads\/2024\/06\/16-820x592.png 820w, https:\/\/es.rops-opole.pl\/wp-content\/uploads\/2024\/06\/16-247x178.png 247w\" sizes=\"auto, (max-width: 2000px) 100vw, 2000px\"><svg aria-hidden=\"true\" class=\"icon-new-window\" viewbox=\"0 0 1792 1792\"><path d=\"M1408 960v-128q0-26-19-45t-45-19h-320v-320q0-26-19-45t-45-19h-128q-26 0-45 19t-19 45v320h-320q-26 0-45 19t-19 45v128q0 26 19 45t45 19h320v320q0 26 19 45t45 19h128q26 0 45-19t19-45v-320h320q26 0 45-19t19-45zm256-544v960q0 119-84.5 203.5t-203.5 84.5h-960q-119 0-203.5-84.5t-84.5-203.5v-960q0-119 84.5-203.5t203.5-84.5h960q119 0 203.5 84.5t84.5 203.5z\"><\/path><\/svg><span class=\"tooltip\">Image to the post titled: VIII Opolskie Targi Ekonomii Spo\u0142ecznej w Grodzisku 22-23.06.2024 r., otworzy si\u0119 w nowym oknie<\/span><\/a><\/figure>\n\n\n\n<figure class=\"wp-block-image size-full\"><a href=\"https:\/\/es.rops-opole.pl\/wp-content\/uploads\/2024\/06\/15.png\" target=\"_blank\" rel=\"noopener\" aria-label=\"Image to the post titled: VIII Opolskie Targi Ekonomii Spo\u0142ecznej w Grodzisku 22-23.06.2024 r., otworzy si\u0119 w nowym oknie\" class=\"attachment-link target-blank use-tooltip\"><img loading=\"lazy\" decoding=\"async\" width=\"2000\" height=\"1444\" data-id=\"884\" src=\"https:\/\/es.rops-opole.pl\/wp-content\/uploads\/2024\/06\/15.png\" alt=\"\" class=\"wp-image-884\" srcset=\"https:\/\/es.rops-opole.pl\/wp-content\/uploads\/2024\/06\/15.png 2000w, https:\/\/es.rops-opole.pl\/wp-content\/uploads\/2024\/06\/15-1536x1109.png 1536w, https:\/\/es.rops-opole.pl\/wp-content\/uploads\/2024\/06\/15-820x592.png 820w, https:\/\/es.rops-opole.pl\/wp-content\/uploads\/2024\/06\/15-247x178.png 247w\" sizes=\"auto, (max-width: 2000px) 100vw, 2000px\"><svg aria-hidden=\"true\" class=\"icon-new-window\" viewbox=\"0 0 1792 1792\"><path d=\"M1408 960v-128q0-26-19-45t-45-19h-320v-320q0-26-19-45t-45-19h-128q-26 0-45 19t-19 45v320h-320q-26 0-45 19t-19 45v128q0 26 19 45t45 19h320v320q0 26 19 45t45 19h128q26 0 45-19t19-45v-320h320q26 0 45-19t19-45zm256-544v960q0 119-84.5 203.5t-203.5 84.5h-960q-119 0-203.5-84.5t-84.5-203.5v-960q0-119 84.5-203.5t203.5-84.5h960q119 0 203.5 84.5t84.5 203.5z\"><\/path><\/svg><span class=\"tooltip\">Image to the post titled: VIII Opolskie Targi Ekonomii Spo\u0142ecznej w Grodzisku 22-23.06.2024 r., otworzy si\u0119 w nowym oknie<\/span><\/a><\/figure>\n\n\n\n<figure class=\"wp-block-image size-full\"><a href=\"https:\/\/es.rops-opole.pl\/wp-content\/uploads\/2024\/06\/14.png\" target=\"_blank\" rel=\"noopener\" aria-label=\"Image to the post titled: VIII Opolskie Targi Ekonomii Spo\u0142ecznej w Grodzisku 22-23.06.2024 r., otworzy si\u0119 w nowym oknie\" class=\"attachment-link target-blank use-tooltip\"><img loading=\"lazy\" decoding=\"async\" width=\"2000\" height=\"1444\" data-id=\"883\" src=\"https:\/\/es.rops-opole.pl\/wp-content\/uploads\/2024\/06\/14.png\" alt=\"\" class=\"wp-image-883\" srcset=\"https:\/\/es.rops-opole.pl\/wp-content\/uploads\/2024\/06\/14.png 2000w, https:\/\/es.rops-opole.pl\/wp-content\/uploads\/2024\/06\/14-1536x1109.png 1536w, https:\/\/es.rops-opole.pl\/wp-content\/uploads\/2024\/06\/14-820x592.png 820w, https:\/\/es.rops-opole.pl\/wp-content\/uploads\/2024\/06\/14-247x178.png 247w\" sizes=\"auto, (max-width: 2000px) 100vw, 2000px\"><svg aria-hidden=\"true\" class=\"icon-new-window\" viewbox=\"0 0 1792 1792\"><path d=\"M1408 960v-128q0-26-19-45t-45-19h-320v-320q0-26-19-45t-45-19h-128q-26 0-45 19t-19 45v320h-320q-26 0-45 19t-19 45v128q0 26 19 45t45 19h320v320q0 26 19 45t45 19h128q26 0 45-19t19-45v-320h320q26 0 45-19t19-45zm256-544v960q0 119-84.5 203.5t-203.5 84.5h-960q-119 0-203.5-84.5t-84.5-203.5v-960q0-119 84.5-203.5t203.5-84.5h960q119 0 203.5 84.5t84.5 203.5z\"><\/path><\/svg><span class=\"tooltip\">Image to the post titled: VIII Opolskie Targi Ekonomii Spo\u0142ecznej w Grodzisku 22-23.06.2024 r., otworzy si\u0119 w nowym oknie<\/span><\/a><\/figure>\n\n\n\n<figure class=\"wp-block-image size-full\"><a href=\"https:\/\/es.rops-opole.pl\/wp-content\/uploads\/2024\/06\/13.png\" target=\"_blank\" rel=\"noopener\" aria-label=\"Image to the post titled: VIII Opolskie Targi Ekonomii Spo\u0142ecznej w Grodzisku 22-23.06.2024 r., otworzy si\u0119 w nowym oknie\" class=\"attachment-link target-blank use-tooltip\"><img loading=\"lazy\" decoding=\"async\" width=\"2000\" height=\"1444\" data-id=\"882\" src=\"https:\/\/es.rops-opole.pl\/wp-content\/uploads\/2024\/06\/13.png\" alt=\"\" class=\"wp-image-882\" srcset=\"https:\/\/es.rops-opole.pl\/wp-content\/uploads\/2024\/06\/13.png 2000w, https:\/\/es.rops-opole.pl\/wp-content\/uploads\/2024\/06\/13-1536x1109.png 1536w, https:\/\/es.rops-opole.pl\/wp-content\/uploads\/2024\/06\/13-820x592.png 820w, https:\/\/es.rops-opole.pl\/wp-content\/uploads\/2024\/06\/13-247x178.png 247w\" sizes=\"auto, (max-width: 2000px) 100vw, 2000px\"><svg aria-hidden=\"true\" class=\"icon-new-window\" viewbox=\"0 0 1792 1792\"><path d=\"M1408 960v-128q0-26-19-45t-45-19h-320v-320q0-26-19-45t-45-19h-128q-26 0-45 19t-19 45v320h-320q-26 0-45 19t-19 45v128q0 26 19 45t45 19h320v320q0 26 19 45t45 19h128q26 0 45-19t19-45v-320h320q26 0 45-19t19-45zm256-544v960q0 119-84.5 203.5t-203.5 84.5h-960q-119 0-203.5-84.5t-84.5-203.5v-960q0-119 84.5-203.5t203.5-84.5h960q119 0 203.5 84.5t84.5 203.5z\"><\/path><\/svg><span class=\"tooltip\">Image to the post titled: VIII Opolskie Targi Ekonomii Spo\u0142ecznej w Grodzisku 22-23.06.2024 r., otworzy si\u0119 w nowym oknie<\/span><\/a><\/figure>\n\n\n\n<figure class=\"wp-block-image size-full\"><a href=\"https:\/\/es.rops-opole.pl\/wp-content\/uploads\/2024\/06\/12.png\" target=\"_blank\" rel=\"noopener\" aria-label=\"Image to the post titled: VIII Opolskie Targi Ekonomii Spo\u0142ecznej w Grodzisku 22-23.06.2024 r., otworzy si\u0119 w nowym oknie\" class=\"attachment-link target-blank use-tooltip\"><img loading=\"lazy\" decoding=\"async\" width=\"2000\" height=\"1444\" data-id=\"881\" src=\"https:\/\/es.rops-opole.pl\/wp-content\/uploads\/2024\/06\/12.png\" alt=\"\" class=\"wp-image-881\" srcset=\"https:\/\/es.rops-opole.pl\/wp-content\/uploads\/2024\/06\/12.png 2000w, https:\/\/es.rops-opole.pl\/wp-content\/uploads\/2024\/06\/12-1536x1109.png 1536w, https:\/\/es.rops-opole.pl\/wp-content\/uploads\/2024\/06\/12-820x592.png 820w, https:\/\/es.rops-opole.pl\/wp-content\/uploads\/2024\/06\/12-247x178.png 247w\" sizes=\"auto, (max-width: 2000px) 100vw, 2000px\"><svg aria-hidden=\"true\" class=\"icon-new-window\" viewbox=\"0 0 1792 1792\"><path d=\"M1408 960v-128q0-26-19-45t-45-19h-320v-320q0-26-19-45t-45-19h-128q-26 0-45 19t-19 45v320h-320q-26 0-45 19t-19 45v128q0 26 19 45t45 19h320v320q0 26 19 45t45 19h128q26 0 45-19t19-45v-320h320q26 0 45-19t19-45zm256-544v960q0 119-84.5 203.5t-203.5 84.5h-960q-119 0-203.5-84.5t-84.5-203.5v-960q0-119 84.5-203.5t203.5-84.5h960q119 0 203.5 84.5t84.5 203.5z\"><\/path><\/svg><span class=\"tooltip\">Image to the post titled: VIII Opolskie Targi Ekonomii Spo\u0142ecznej w Grodzisku 22-23.06.2024 r., otworzy si\u0119 w nowym oknie<\/span><\/a><\/figure>\n\n\n\n<figure class=\"wp-block-image size-full\"><a href=\"https:\/\/es.rops-opole.pl\/wp-content\/uploads\/2024\/06\/9.png\" target=\"_blank\" rel=\"noopener\" aria-label=\"Image to the post titled: VIII Opolskie Targi Ekonomii Spo\u0142ecznej w Grodzisku 22-23.06.2024 r., otworzy si\u0119 w nowym oknie\" class=\"attachment-link target-blank use-tooltip\"><img loading=\"lazy\" decoding=\"async\" width=\"2000\" height=\"1444\" data-id=\"878\" src=\"https:\/\/es.rops-opole.pl\/wp-content\/uploads\/2024\/06\/9.png\" alt=\"\" class=\"wp-image-878\" srcset=\"https:\/\/es.rops-opole.pl\/wp-content\/uploads\/2024\/06\/9.png 2000w, https:\/\/es.rops-opole.pl\/wp-content\/uploads\/2024\/06\/9-1536x1109.png 1536w, https:\/\/es.rops-opole.pl\/wp-content\/uploads\/2024\/06\/9-820x592.png 820w, https:\/\/es.rops-opole.pl\/wp-content\/uploads\/2024\/06\/9-247x178.png 247w\" sizes=\"auto, (max-width: 2000px) 100vw, 2000px\"><svg aria-hidden=\"true\" class=\"icon-new-window\" viewbox=\"0 0 1792 1792\"><path d=\"M1408 960v-128q0-26-19-45t-45-19h-320v-320q0-26-19-45t-45-19h-128q-26 0-45 19t-19 45v320h-320q-26 0-45 19t-19 45v128q0 26 19 45t45 19h320v320q0 26 19 45t45 19h128q26 0 45-19t19-45v-320h320q26 0 45-19t19-45zm256-544v960q0 119-84.5 203.5t-203.5 84.5h-960q-119 0-203.5-84.5t-84.5-203.5v-960q0-119 84.5-203.5t203.5-84.5h960q119 0 203.5 84.5t84.5 203.5z\"><\/path><\/svg><span class=\"tooltip\">Image to the post titled: VIII Opolskie Targi Ekonomii Spo\u0142ecznej w Grodzisku 22-23.06.2024 r., otworzy si\u0119 w nowym oknie<\/span><\/a><\/figure>\n\n\n\n<figure class=\"wp-block-image size-full\"><a href=\"https:\/\/es.rops-opole.pl\/wp-content\/uploads\/2024\/06\/8.png\" target=\"_blank\" rel=\"noopener\" aria-label=\"Image to the post titled: VIII Opolskie Targi Ekonomii Spo\u0142ecznej w Grodzisku 22-23.06.2024 r., otworzy si\u0119 w nowym oknie\" class=\"attachment-link target-blank use-tooltip\"><img loading=\"lazy\" decoding=\"async\" width=\"2000\" height=\"1444\" data-id=\"877\" src=\"https:\/\/es.rops-opole.pl\/wp-content\/uploads\/2024\/06\/8.png\" alt=\"\" class=\"wp-image-877\" srcset=\"https:\/\/es.rops-opole.pl\/wp-content\/uploads\/2024\/06\/8.png 2000w, https:\/\/es.rops-opole.pl\/wp-content\/uploads\/2024\/06\/8-1536x1109.png 1536w, https:\/\/es.rops-opole.pl\/wp-content\/uploads\/2024\/06\/8-820x592.png 820w, https:\/\/es.rops-opole.pl\/wp-content\/uploads\/2024\/06\/8-247x178.png 247w\" sizes=\"auto, (max-width: 2000px) 100vw, 2000px\"><svg aria-hidden=\"true\" class=\"icon-new-window\" viewbox=\"0 0 1792 1792\"><path d=\"M1408 960v-128q0-26-19-45t-45-19h-320v-320q0-26-19-45t-45-19h-128q-26 0-45 19t-19 45v320h-320q-26 0-45 19t-19 45v128q0 26 19 45t45 19h320v320q0 26 19 45t45 19h128q26 0 45-19t19-45v-320h320q26 0 45-19t19-45zm256-544v960q0 119-84.5 203.5t-203.5 84.5h-960q-119 0-203.5-84.5t-84.5-203.5v-960q0-119 84.5-203.5t203.5-84.5h960q119 0 203.5 84.5t84.5 203.5z\"><\/path><\/svg><span class=\"tooltip\">Image to the post titled: VIII Opolskie Targi Ekonomii Spo\u0142ecznej w Grodzisku 22-23.06.2024 r., otworzy si\u0119 w nowym oknie<\/span><\/a><\/figure>\n\n\n\n<figure class=\"wp-block-image size-full\"><a href=\"https:\/\/es.rops-opole.pl\/wp-content\/uploads\/2024\/06\/7.png\" target=\"_blank\" rel=\"noopener\" aria-label=\"Image to the post titled: VIII Opolskie Targi Ekonomii Spo\u0142ecznej w Grodzisku 22-23.06.2024 r., otworzy si\u0119 w nowym oknie\" class=\"attachment-link target-blank use-tooltip\"><img loading=\"lazy\" decoding=\"async\" width=\"2000\" height=\"1444\" data-id=\"876\" src=\"https:\/\/es.rops-opole.pl\/wp-content\/uploads\/2024\/06\/7.png\" alt=\"\" class=\"wp-image-876\" srcset=\"https:\/\/es.rops-opole.pl\/wp-content\/uploads\/2024\/06\/7.png 2000w, https:\/\/es.rops-opole.pl\/wp-content\/uploads\/2024\/06\/7-1536x1109.png 1536w, https:\/\/es.rops-opole.pl\/wp-content\/uploads\/2024\/06\/7-820x592.png 820w, https:\/\/es.rops-opole.pl\/wp-content\/uploads\/2024\/06\/7-247x178.png 247w\" sizes=\"auto, (max-width: 2000px) 100vw, 2000px\"><svg aria-hidden=\"true\" class=\"icon-new-window\" viewbox=\"0 0 1792 1792\"><path d=\"M1408 960v-128q0-26-19-45t-45-19h-320v-320q0-26-19-45t-45-19h-128q-26 0-45 19t-19 45v320h-320q-26 0-45 19t-19 45v128q0 26 19 45t45 19h320v320q0 26 19 45t45 19h128q26 0 45-19t19-45v-320h320q26 0 45-19t19-45zm256-544v960q0 119-84.5 203.5t-203.5 84.5h-960q-119 0-203.5-84.5t-84.5-203.5v-960q0-119 84.5-203.5t203.5-84.5h960q119 0 203.5 84.5t84.5 203.5z\"><\/path><\/svg><span class=\"tooltip\">Image to the post titled: VIII Opolskie Targi Ekonomii Spo\u0142ecznej w Grodzisku 22-23.06.2024 r., otworzy si\u0119 w nowym oknie<\/span><\/a><\/figure>\n\n\n\n<figure class=\"wp-block-image size-full\"><a href=\"https:\/\/es.rops-opole.pl\/wp-content\/uploads\/2024\/06\/6.png\" target=\"_blank\" rel=\"noopener\" aria-label=\"Image to the post titled: VIII Opolskie Targi Ekonomii Spo\u0142ecznej w Grodzisku 22-23.06.2024 r., otworzy si\u0119 w nowym oknie\" class=\"attachment-link target-blank use-tooltip\"><img loading=\"lazy\" decoding=\"async\" width=\"2000\" height=\"1444\" data-id=\"875\" src=\"https:\/\/es.rops-opole.pl\/wp-content\/uploads\/2024\/06\/6.png\" alt=\"\" class=\"wp-image-875\" srcset=\"https:\/\/es.rops-opole.pl\/wp-content\/uploads\/2024\/06\/6.png 2000w, https:\/\/es.rops-opole.pl\/wp-content\/uploads\/2024\/06\/6-1536x1109.png 1536w, https:\/\/es.rops-opole.pl\/wp-content\/uploads\/2024\/06\/6-820x592.png 820w, https:\/\/es.rops-opole.pl\/wp-content\/uploads\/2024\/06\/6-247x178.png 247w\" sizes=\"auto, (max-width: 2000px) 100vw, 2000px\"><svg aria-hidden=\"true\" class=\"icon-new-window\" viewbox=\"0 0 1792 1792\"><path d=\"M1408 960v-128q0-26-19-45t-45-19h-320v-320q0-26-19-45t-45-19h-128q-26 0-45 19t-19 45v320h-320q-26 0-45 19t-19 45v128q0 26 19 45t45 19h320v320q0 26 19 45t45 19h128q26 0 45-19t19-45v-320h320q26 0 45-19t19-45zm256-544v960q0 119-84.5 203.5t-203.5 84.5h-960q-119 0-203.5-84.5t-84.5-203.5v-960q0-119 84.5-203.5t203.5-84.5h960q119 0 203.5 84.5t84.5 203.5z\"><\/path><\/svg><span class=\"tooltip\">Image to the post titled: VIII Opolskie Targi Ekonomii Spo\u0142ecznej w Grodzisku 22-23.06.2024 r., otworzy si\u0119 w nowym oknie<\/span><\/a><\/figure>\n\n\n\n<figure class=\"wp-block-image size-full\"><a href=\"https:\/\/es.rops-opole.pl\/wp-content\/uploads\/2024\/06\/5.png\" target=\"_blank\" rel=\"noopener\" aria-label=\"Image to the post titled: VIII Opolskie Targi Ekonomii Spo\u0142ecznej w Grodzisku 22-23.06.2024 r., otworzy si\u0119 w nowym oknie\" class=\"attachment-link target-blank use-tooltip\"><img loading=\"lazy\" decoding=\"async\" width=\"2000\" height=\"1444\" data-id=\"874\" src=\"https:\/\/es.rops-opole.pl\/wp-content\/uploads\/2024\/06\/5.png\" alt=\"\" class=\"wp-image-874\" srcset=\"https:\/\/es.rops-opole.pl\/wp-content\/uploads\/2024\/06\/5.png 2000w, https:\/\/es.rops-opole.pl\/wp-content\/uploads\/2024\/06\/5-1536x1109.png 1536w, https:\/\/es.rops-opole.pl\/wp-content\/uploads\/2024\/06\/5-820x592.png 820w, https:\/\/es.rops-opole.pl\/wp-content\/uploads\/2024\/06\/5-247x178.png 247w\" sizes=\"auto, (max-width: 2000px) 100vw, 2000px\"><svg aria-hidden=\"true\" class=\"icon-new-window\" viewbox=\"0 0 1792 1792\"><path d=\"M1408 960v-128q0-26-19-45t-45-19h-320v-320q0-26-19-45t-45-19h-128q-26 0-45 19t-19 45v320h-320q-26 0-45 19t-19 45v128q0 26 19 45t45 19h320v320q0 26 19 45t45 19h128q26 0 45-19t19-45v-320h320q26 0 45-19t19-45zm256-544v960q0 119-84.5 203.5t-203.5 84.5h-960q-119 0-203.5-84.5t-84.5-203.5v-960q0-119 84.5-203.5t203.5-84.5h960q119 0 203.5 84.5t84.5 203.5z\"><\/path><\/svg><span class=\"tooltip\">Image to the post titled: VIII Opolskie Targi Ekonomii Spo\u0142ecznej w Grodzisku 22-23.06.2024 r., otworzy si\u0119 w nowym oknie<\/span><\/a><\/figure>\n\n\n\n<figure class=\"wp-block-image size-full\"><a href=\"https:\/\/es.rops-opole.pl\/wp-content\/uploads\/2024\/06\/4.png\" target=\"_blank\" rel=\"noopener\" aria-label=\"Image to the post titled: VIII Opolskie Targi Ekonomii Spo\u0142ecznej w Grodzisku 22-23.06.2024 r., otworzy si\u0119 w nowym oknie\" class=\"attachment-link target-blank use-tooltip\"><img loading=\"lazy\" decoding=\"async\" width=\"2000\" height=\"1444\" data-id=\"873\" src=\"https:\/\/es.rops-opole.pl\/wp-content\/uploads\/2024\/06\/4.png\" alt=\"\" class=\"wp-image-873\" srcset=\"https:\/\/es.rops-opole.pl\/wp-content\/uploads\/2024\/06\/4.png 2000w, https:\/\/es.rops-opole.pl\/wp-content\/uploads\/2024\/06\/4-1536x1109.png 1536w, https:\/\/es.rops-opole.pl\/wp-content\/uploads\/2024\/06\/4-820x592.png 820w, https:\/\/es.rops-opole.pl\/wp-content\/uploads\/2024\/06\/4-247x178.png 247w\" sizes=\"auto, (max-width: 2000px) 100vw, 2000px\"><svg aria-hidden=\"true\" class=\"icon-new-window\" viewbox=\"0 0 1792 1792\"><path d=\"M1408 960v-128q0-26-19-45t-45-19h-320v-320q0-26-19-45t-45-19h-128q-26 0-45 19t-19 45v320h-320q-26 0-45 19t-19 45v128q0 26 19 45t45 19h320v320q0 26 19 45t45 19h128q26 0 45-19t19-45v-320h320q26 0 45-19t19-45zm256-544v960q0 119-84.5 203.5t-203.5 84.5h-960q-119 0-203.5-84.5t-84.5-203.5v-960q0-119 84.5-203.5t203.5-84.5h960q119 0 203.5 84.5t84.5 203.5z\"><\/path><\/svg><span class=\"tooltip\">Image to the post titled: VIII Opolskie Targi Ekonomii Spo\u0142ecznej w Grodzisku 22-23.06.2024 r., otworzy si\u0119 w nowym oknie<\/span><\/a><\/figure>\n\n\n\n<figure class=\"wp-block-image size-full\"><a href=\"https:\/\/es.rops-opole.pl\/wp-content\/uploads\/2024\/06\/3.png\" target=\"_blank\" rel=\"noopener\" aria-label=\"Image to the post titled: VIII Opolskie Targi Ekonomii Spo\u0142ecznej w Grodzisku 22-23.06.2024 r., otworzy si\u0119 w nowym oknie\" class=\"attachment-link target-blank use-tooltip\"><img loading=\"lazy\" decoding=\"async\" width=\"2000\" height=\"1444\" data-id=\"872\" src=\"https:\/\/es.rops-opole.pl\/wp-content\/uploads\/2024\/06\/3.png\" alt=\"\" class=\"wp-image-872\" srcset=\"https:\/\/es.rops-opole.pl\/wp-content\/uploads\/2024\/06\/3.png 2000w, https:\/\/es.rops-opole.pl\/wp-content\/uploads\/2024\/06\/3-1536x1109.png 1536w, https:\/\/es.rops-opole.pl\/wp-content\/uploads\/2024\/06\/3-820x592.png 820w, https:\/\/es.rops-opole.pl\/wp-content\/uploads\/2024\/06\/3-247x178.png 247w\" sizes=\"auto, (max-width: 2000px) 100vw, 2000px\"><svg aria-hidden=\"true\" class=\"icon-new-window\" viewbox=\"0 0 1792 1792\"><path d=\"M1408 960v-128q0-26-19-45t-45-19h-320v-320q0-26-19-45t-45-19h-128q-26 0-45 19t-19 45v320h-320q-26 0-45 19t-19 45v128q0 26 19 45t45 19h320v320q0 26 19 45t45 19h128q26 0 45-19t19-45v-320h320q26 0 45-19t19-45zm256-544v960q0 119-84.5 203.5t-203.5 84.5h-960q-119 0-203.5-84.5t-84.5-203.5v-960q0-119 84.5-203.5t203.5-84.5h960q119 0 203.5 84.5t84.5 203.5z\"><\/path><\/svg><span class=\"tooltip\">Image to the post titled: VIII Opolskie Targi Ekonomii Spo\u0142ecznej w Grodzisku 22-23.06.2024 r., otworzy si\u0119 w nowym oknie<\/span><\/a><\/figure>\n\n\n\n<figure class=\"wp-block-image size-full\"><a href=\"https:\/\/es.rops-opole.pl\/wp-content\/uploads\/2024\/06\/43.png\" target=\"_blank\" rel=\"noopener\" aria-label=\"Image to the post titled: VIII Opolskie Targi Ekonomii Spo\u0142ecznej w Grodzisku 22-23.06.2024 r., otworzy si\u0119 w nowym oknie\" class=\"attachment-link target-blank use-tooltip\"><img loading=\"lazy\" decoding=\"async\" width=\"2000\" height=\"1444\" data-id=\"870\" src=\"https:\/\/es.rops-opole.pl\/wp-content\/uploads\/2024\/06\/43.png\" alt=\"\" class=\"wp-image-870\" srcset=\"https:\/\/es.rops-opole.pl\/wp-content\/uploads\/2024\/06\/43.png 2000w, https:\/\/es.rops-opole.pl\/wp-content\/uploads\/2024\/06\/43-1536x1109.png 1536w, https:\/\/es.rops-opole.pl\/wp-content\/uploads\/2024\/06\/43-820x592.png 820w, https:\/\/es.rops-opole.pl\/wp-content\/uploads\/2024\/06\/43-247x178.png 247w\" sizes=\"auto, (max-width: 2000px) 100vw, 2000px\"><svg aria-hidden=\"true\" class=\"icon-new-window\" viewbox=\"0 0 1792 1792\"><path d=\"M1408 960v-128q0-26-19-45t-45-19h-320v-320q0-26-19-45t-45-19h-128q-26 0-45 19t-19 45v320h-320q-26 0-45 19t-19 45v128q0 26 19 45t45 19h320v320q0 26 19 45t45 19h128q26 0 45-19t19-45v-320h320q26 0 45-19t19-45zm256-544v960q0 119-84.5 203.5t-203.5 84.5h-960q-119 0-203.5-84.5t-84.5-203.5v-960q0-119 84.5-203.5t203.5-84.5h960q119 0 203.5 84.5t84.5 203.5z\"><\/path><\/svg><span class=\"tooltip\">Image to the post titled: VIII Opolskie Targi Ekonomii Spo\u0142ecznej w Grodzisku 22-23.06.2024 r., otworzy si\u0119 w nowym oknie<\/span><\/a><\/figure>\n\n\n\n<figure class=\"wp-block-image size-full\"><a href=\"https:\/\/es.rops-opole.pl\/wp-content\/uploads\/2024\/06\/42.png\" target=\"_blank\" rel=\"noopener\" aria-label=\"Image to the post titled: VIII Opolskie Targi Ekonomii Spo\u0142ecznej w Grodzisku 22-23.06.2024 r., otworzy si\u0119 w nowym oknie\" class=\"attachment-link target-blank use-tooltip\"><img loading=\"lazy\" decoding=\"async\" width=\"2000\" height=\"1444\" data-id=\"869\" src=\"https:\/\/es.rops-opole.pl\/wp-content\/uploads\/2024\/06\/42.png\" alt=\"\" class=\"wp-image-869\" srcset=\"https:\/\/es.rops-opole.pl\/wp-content\/uploads\/2024\/06\/42.png 2000w, https:\/\/es.rops-opole.pl\/wp-content\/uploads\/2024\/06\/42-1536x1109.png 1536w, https:\/\/es.rops-opole.pl\/wp-content\/uploads\/2024\/06\/42-820x592.png 820w, https:\/\/es.rops-opole.pl\/wp-content\/uploads\/2024\/06\/42-247x178.png 247w\" sizes=\"auto, (max-width: 2000px) 100vw, 2000px\"><svg aria-hidden=\"true\" class=\"icon-new-window\" viewbox=\"0 0 1792 1792\"><path d=\"M1408 960v-128q0-26-19-45t-45-19h-320v-320q0-26-19-45t-45-19h-128q-26 0-45 19t-19 45v320h-320q-26 0-45 19t-19 45v128q0 26 19 45t45 19h320v320q0 26 19 45t45 19h128q26 0 45-19t19-45v-320h320q26 0 45-19t19-45zm256-544v960q0 119-84.5 203.5t-203.5 84.5h-960q-119 0-203.5-84.5t-84.5-203.5v-960q0-119 84.5-203.5t203.5-84.5h960q119 0 203.5 84.5t84.5 203.5z\"><\/path><\/svg><span class=\"tooltip\">Image to the post titled: VIII Opolskie Targi Ekonomii Spo\u0142ecznej w Grodzisku 22-23.06.2024 r., otworzy si\u0119 w nowym oknie<\/span><\/a><\/figure>\n\n\n\n<figure class=\"wp-block-image size-full\"><a href=\"https:\/\/es.rops-opole.pl\/wp-content\/uploads\/2024\/06\/41.png\" target=\"_blank\" rel=\"noopener\" aria-label=\"Image to the post titled: VIII Opolskie Targi Ekonomii Spo\u0142ecznej w Grodzisku 22-23.06.2024 r., otworzy si\u0119 w nowym oknie\" class=\"attachment-link target-blank use-tooltip\"><img loading=\"lazy\" decoding=\"async\" width=\"2000\" height=\"1444\" data-id=\"868\" src=\"https:\/\/es.rops-opole.pl\/wp-content\/uploads\/2024\/06\/41.png\" alt=\"\" class=\"wp-image-868\" srcset=\"https:\/\/es.rops-opole.pl\/wp-content\/uploads\/2024\/06\/41.png 2000w, https:\/\/es.rops-opole.pl\/wp-content\/uploads\/2024\/06\/41-1536x1109.png 1536w, https:\/\/es.rops-opole.pl\/wp-content\/uploads\/2024\/06\/41-820x592.png 820w, https:\/\/es.rops-opole.pl\/wp-content\/uploads\/2024\/06\/41-247x178.png 247w\" sizes=\"auto, (max-width: 2000px) 100vw, 2000px\"><svg aria-hidden=\"true\" class=\"icon-new-window\" viewbox=\"0 0 1792 1792\"><path d=\"M1408 960v-128q0-26-19-45t-45-19h-320v-320q0-26-19-45t-45-19h-128q-26 0-45 19t-19 45v320h-320q-26 0-45 19t-19 45v128q0 26 19 45t45 19h320v320q0 26 19 45t45 19h128q26 0 45-19t19-45v-320h320q26 0 45-19t19-45zm256-544v960q0 119-84.5 203.5t-203.5 84.5h-960q-119 0-203.5-84.5t-84.5-203.5v-960q0-119 84.5-203.5t203.5-84.5h960q119 0 203.5 84.5t84.5 203.5z\"><\/path><\/svg><span class=\"tooltip\">Image to the post titled: VIII Opolskie Targi Ekonomii Spo\u0142ecznej w Grodzisku 22-23.06.2024 r., otworzy si\u0119 w nowym oknie<\/span><\/a><\/figure>\n\n\n\n<figure class=\"wp-block-image size-full\"><a href=\"https:\/\/es.rops-opole.pl\/wp-content\/uploads\/2024\/06\/40.png\" target=\"_blank\" rel=\"noopener\" aria-label=\"Image to the post titled: VIII Opolskie Targi Ekonomii Spo\u0142ecznej w Grodzisku 22-23.06.2024 r., otworzy si\u0119 w nowym oknie\" class=\"attachment-link target-blank use-tooltip\"><img loading=\"lazy\" decoding=\"async\" width=\"2000\" height=\"1444\" data-id=\"867\" src=\"https:\/\/es.rops-opole.pl\/wp-content\/uploads\/2024\/06\/40.png\" alt=\"\" class=\"wp-image-867\"><svg aria-hidden=\"true\" class=\"icon-new-window\" viewbox=\"0 0 1792 1792\"><path d=\"M1408 960v-128q0-26-19-45t-45-19h-320v-320q0-26-19-45t-45-19h-128q-26 0-45 19t-19 45v320h-320q-26 0-45 19t-19 45v128q0 26 19 45t45 19h320v320q0 26 19 45t45 19h128q26 0 45-19t19-45v-320h320q26 0 45-19t19-45zm256-544v960q0 119-84.5 203.5t-203.5 84.5h-960q-119 0-203.5-84.5t-84.5-203.5v-960q0-119 84.5-203.5t203.5-84.5h960q119 0 203.5 84.5t84.5 203.5z\"><\/path><\/svg><span class=\"tooltip\">Image to the post titled: VIII Opolskie Targi Ekonomii Spo\u0142ecznej w Grodzisku 22-23.06.2024 r., otworzy si\u0119 w nowym oknie<\/span><\/a><\/figure>\n\n\n\n<figure class=\"wp-block-image size-full\"><a href=\"https:\/\/es.rops-opole.pl\/wp-content\/uploads\/2024\/06\/38.png\" target=\"_blank\" rel=\"noopener\" aria-label=\"Image to the post titled: VIII Opolskie Targi Ekonomii Spo\u0142ecznej w Grodzisku 22-23.06.2024 r., otworzy si\u0119 w nowym oknie\" class=\"attachment-link target-blank use-tooltip\"><img loading=\"lazy\" decoding=\"async\" width=\"2000\" height=\"1444\" data-id=\"865\" src=\"https:\/\/es.rops-opole.pl\/wp-content\/uploads\/2024\/06\/38.png\" alt=\"\" class=\"wp-image-865\" srcset=\"https:\/\/es.rops-opole.pl\/wp-content\/uploads\/2024\/06\/38.png 2000w, https:\/\/es.rops-opole.pl\/wp-content\/uploads\/2024\/06\/38-1536x1109.png 1536w, https:\/\/es.rops-opole.pl\/wp-content\/uploads\/2024\/06\/38-820x592.png 820w, https:\/\/es.rops-opole.pl\/wp-content\/uploads\/2024\/06\/38-247x178.png 247w\" sizes=\"auto, (max-width: 2000px) 100vw, 2000px\"><svg aria-hidden=\"true\" class=\"icon-new-window\" viewbox=\"0 0 1792 1792\"><path d=\"M1408 960v-128q0-26-19-45t-45-19h-320v-320q0-26-19-45t-45-19h-128q-26 0-45 19t-19 45v320h-320q-26 0-45 19t-19 45v128q0 26 19 45t45 19h320v320q0 26 19 45t45 19h128q26 0 45-19t19-45v-320h320q26 0 45-19t19-45zm256-544v960q0 119-84.5 203.5t-203.5 84.5h-960q-119 0-203.5-84.5t-84.5-203.5v-960q0-119 84.5-203.5t203.5-84.5h960q119 0 203.5 84.5t84.5 203.5z\"><\/path><\/svg><span class=\"tooltip\">Image to the post titled: VIII Opolskie Targi Ekonomii Spo\u0142ecznej w Grodzisku 22-23.06.2024 r., otworzy si\u0119 w nowym oknie<\/span><\/a><\/figure>\n\n\n\n<figure class=\"wp-block-image size-full\"><a href=\"https:\/\/es.rops-opole.pl\/wp-content\/uploads\/2024\/06\/37.png\" target=\"_blank\" rel=\"noopener\" aria-label=\"Image to the post titled: VIII Opolskie Targi Ekonomii Spo\u0142ecznej w Grodzisku 22-23.06.2024 r., otworzy si\u0119 w nowym oknie\" class=\"attachment-link target-blank use-tooltip\"><img loading=\"lazy\" decoding=\"async\" width=\"2000\" height=\"1444\" data-id=\"864\" src=\"https:\/\/es.rops-opole.pl\/wp-content\/uploads\/2024\/06\/37.png\" alt=\"\" class=\"wp-image-864\" srcset=\"https:\/\/es.rops-opole.pl\/wp-content\/uploads\/2024\/06\/37.png 2000w, https:\/\/es.rops-opole.pl\/wp-content\/uploads\/2024\/06\/37-1536x1109.png 1536w, https:\/\/es.rops-opole.pl\/wp-content\/uploads\/2024\/06\/37-820x592.png 820w, https:\/\/es.rops-opole.pl\/wp-content\/uploads\/2024\/06\/37-247x178.png 247w\" sizes=\"auto, (max-width: 2000px) 100vw, 2000px\"><svg aria-hidden=\"true\" class=\"icon-new-window\" viewbox=\"0 0 1792 1792\"><path d=\"M1408 960v-128q0-26-19-45t-45-19h-320v-320q0-26-19-45t-45-19h-128q-26 0-45 19t-19 45v320h-320q-26 0-45 19t-19 45v128q0 26 19 45t45 19h320v320q0 26 19 45t45 19h128q26 0 45-19t19-45v-320h320q26 0 45-19t19-45zm256-544v960q0 119-84.5 203.5t-203.5 84.5h-960q-119 0-203.5-84.5t-84.5-203.5v-960q0-119 84.5-203.5t203.5-84.5h960q119 0 203.5 84.5t84.5 203.5z\"><\/path><\/svg><span class=\"tooltip\">Image to the post titled: VIII Opolskie Targi Ekonomii Spo\u0142ecznej w Grodzisku 22-23.06.2024 r., otworzy si\u0119 w nowym oknie<\/span><\/a><\/figure>\n\n\n\n<figure class=\"wp-block-image size-full\"><a href=\"https:\/\/es.rops-opole.pl\/wp-content\/uploads\/2024\/06\/36.png\" target=\"_blank\" rel=\"noopener\" aria-label=\"Image to the post titled: VIII Opolskie Targi Ekonomii Spo\u0142ecznej w Grodzisku 22-23.06.2024 r., otworzy si\u0119 w nowym oknie\" class=\"attachment-link target-blank use-tooltip\"><img loading=\"lazy\" decoding=\"async\" width=\"2000\" height=\"1444\" data-id=\"863\" src=\"https:\/\/es.rops-opole.pl\/wp-content\/uploads\/2024\/06\/36.png\" alt=\"\" class=\"wp-image-863\" srcset=\"https:\/\/es.rops-opole.pl\/wp-content\/uploads\/2024\/06\/36.png 2000w, https:\/\/es.rops-opole.pl\/wp-content\/uploads\/2024\/06\/36-1536x1109.png 1536w, https:\/\/es.rops-opole.pl\/wp-content\/uploads\/2024\/06\/36-820x592.png 820w, https:\/\/es.rops-opole.pl\/wp-content\/uploads\/2024\/06\/36-247x178.png 247w\" sizes=\"auto, (max-width: 2000px) 100vw, 2000px\"><svg aria-hidden=\"true\" class=\"icon-new-window\" viewbox=\"0 0 1792 1792\"><path d=\"M1408 960v-128q0-26-19-45t-45-19h-320v-320q0-26-19-45t-45-19h-128q-26 0-45 19t-19 45v320h-320q-26 0-45 19t-19 45v128q0 26 19 45t45 19h320v320q0 26 19 45t45 19h128q26 0 45-19t19-45v-320h320q26 0 45-19t19-45zm256-544v960q0 119-84.5 203.5t-203.5 84.5h-960q-119 0-203.5-84.5t-84.5-203.5v-960q0-119 84.5-203.5t203.5-84.5h960q119 0 203.5 84.5t84.5 203.5z\"><\/path><\/svg><span class=\"tooltip\">Image to the post titled: VIII Opolskie Targi Ekonomii Spo\u0142ecznej w Grodzisku 22-23.06.2024 r., otworzy si\u0119 w nowym oknie<\/span><\/a><\/figure>\n\n\n\n<figure class=\"wp-block-image size-full\"><a href=\"https:\/\/es.rops-opole.pl\/wp-content\/uploads\/2024\/06\/35.png\" target=\"_blank\" rel=\"noopener\" aria-label=\"Image to the post titled: VIII Opolskie Targi Ekonomii Spo\u0142ecznej w Grodzisku 22-23.06.2024 r., otworzy si\u0119 w nowym oknie\" class=\"attachment-link target-blank use-tooltip\"><img loading=\"lazy\" decoding=\"async\" width=\"2000\" height=\"1444\" data-id=\"862\" src=\"https:\/\/es.rops-opole.pl\/wp-content\/uploads\/2024\/06\/35.png\" alt=\"\" class=\"wp-image-862\" srcset=\"https:\/\/es.rops-opole.pl\/wp-content\/uploads\/2024\/06\/35.png 2000w, https:\/\/es.rops-opole.pl\/wp-content\/uploads\/2024\/06\/35-1536x1109.png 1536w, https:\/\/es.rops-opole.pl\/wp-content\/uploads\/2024\/06\/35-820x592.png 820w, https:\/\/es.rops-opole.pl\/wp-content\/uploads\/2024\/06\/35-247x178.png 247w\" sizes=\"auto, (max-width: 2000px) 100vw, 2000px\"><svg aria-hidden=\"true\" class=\"icon-new-window\" viewbox=\"0 0 1792 1792\"><path d=\"M1408 960v-128q0-26-19-45t-45-19h-320v-320q0-26-19-45t-45-19h-128q-26 0-45 19t-19 45v320h-320q-26 0-45 19t-19 45v128q0 26 19 45t45 19h320v320q0 26 19 45t45 19h128q26 0 45-19t19-45v-320h320q26 0 45-19t19-45zm256-544v960q0 119-84.5 203.5t-203.5 84.5h-960q-119 0-203.5-84.5t-84.5-203.5v-960q0-119 84.5-203.5t203.5-84.5h960q119 0 203.5 84.5t84.5 203.5z\"><\/path><\/svg><span class=\"tooltip\">Image to the post titled: VIII Opolskie Targi Ekonomii Spo\u0142ecznej w Grodzisku 22-23.06.2024 r., otworzy si\u0119 w nowym oknie<\/span><\/a><\/figure>\n\n\n\n<figure class=\"wp-block-image size-full\"><a href=\"https:\/\/es.rops-opole.pl\/wp-content\/uploads\/2024\/06\/34.png\" target=\"_blank\" rel=\"noopener\" aria-label=\"Image to the post titled: VIII Opolskie Targi Ekonomii Spo\u0142ecznej w Grodzisku 22-23.06.2024 r., otworzy si\u0119 w nowym oknie\" class=\"attachment-link target-blank use-tooltip\"><img loading=\"lazy\" decoding=\"async\" width=\"2000\" height=\"1444\" data-id=\"861\" src=\"https:\/\/es.rops-opole.pl\/wp-content\/uploads\/2024\/06\/34.png\" alt=\"\" class=\"wp-image-861\" srcset=\"https:\/\/es.rops-opole.pl\/wp-content\/uploads\/2024\/06\/34.png 2000w, https:\/\/es.rops-opole.pl\/wp-content\/uploads\/2024\/06\/34-1536x1109.png 1536w, https:\/\/es.rops-opole.pl\/wp-content\/uploads\/2024\/06\/34-820x592.png 820w, https:\/\/es.rops-opole.pl\/wp-content\/uploads\/2024\/06\/34-247x178.png 247w\" sizes=\"auto, (max-width: 2000px) 100vw, 2000px\"><svg aria-hidden=\"true\" class=\"icon-new-window\" viewbox=\"0 0 1792 1792\"><path d=\"M1408 960v-128q0-26-19-45t-45-19h-320v-320q0-26-19-45t-45-19h-128q-26 0-45 19t-19 45v320h-320q-26 0-45 19t-19 45v128q0 26 19 45t45 19h320v320q0 26 19 45t45 19h128q26 0 45-19t19-45v-320h320q26 0 45-19t19-45zm256-544v960q0 119-84.5 203.5t-203.5 84.5h-960q-119 0-203.5-84.5t-84.5-203.5v-960q0-119 84.5-203.5t203.5-84.5h960q119 0 203.5 84.5t84.5 203.5z\"><\/path><\/svg><span class=\"tooltip\">Image to the post titled: VIII Opolskie Targi Ekonomii Spo\u0142ecznej w Grodzisku 22-23.06.2024 r., otworzy si\u0119 w nowym oknie<\/span><\/a><\/figure>\n\n\n\n<figure class=\"wp-block-image size-full\"><a href=\"https:\/\/es.rops-opole.pl\/wp-content\/uploads\/2024\/06\/33.png\" target=\"_blank\" rel=\"noopener\" aria-label=\"Image to the post titled: VIII Opolskie Targi Ekonomii Spo\u0142ecznej w Grodzisku 22-23.06.2024 r., otworzy si\u0119 w nowym oknie\" class=\"attachment-link target-blank use-tooltip\"><img loading=\"lazy\" decoding=\"async\" width=\"2000\" height=\"1444\" data-id=\"860\" src=\"https:\/\/es.rops-opole.pl\/wp-content\/uploads\/2024\/06\/33.png\" alt=\"\" class=\"wp-image-860\" srcset=\"https:\/\/es.rops-opole.pl\/wp-content\/uploads\/2024\/06\/33.png 2000w, https:\/\/es.rops-opole.pl\/wp-content\/uploads\/2024\/06\/33-1536x1109.png 1536w, https:\/\/es.rops-opole.pl\/wp-content\/uploads\/2024\/06\/33-820x592.png 820w, https:\/\/es.rops-opole.pl\/wp-content\/uploads\/2024\/06\/33-247x178.png 247w\" sizes=\"auto, (max-width: 2000px) 100vw, 2000px\"><svg aria-hidden=\"true\" class=\"icon-new-window\" viewbox=\"0 0 1792 1792\"><path d=\"M1408 960v-128q0-26-19-45t-45-19h-320v-320q0-26-19-45t-45-19h-128q-26 0-45 19t-19 45v320h-320q-26 0-45 19t-19 45v128q0 26 19 45t45 19h320v320q0 26 19 45t45 19h128q26 0 45-19t19-45v-320h320q26 0 45-19t19-45zm256-544v960q0 119-84.5 203.5t-203.5 84.5h-960q-119 0-203.5-84.5t-84.5-203.5v-960q0-119 84.5-203.5t203.5-84.5h960q119 0 203.5 84.5t84.5 203.5z\"><\/path><\/svg><span class=\"tooltip\">Image to the post titled: VIII Opolskie Targi Ekonomii Spo\u0142ecznej w Grodzisku 22-23.06.2024 r., otworzy si\u0119 w nowym oknie<\/span><\/a><\/figure>\n\n\n\n<figure class=\"wp-block-image size-full\"><a href=\"https:\/\/es.rops-opole.pl\/wp-content\/uploads\/2024\/06\/32.png\" target=\"_blank\" rel=\"noopener\" aria-label=\"Image to the post titled: VIII Opolskie Targi Ekonomii Spo\u0142ecznej w Grodzisku 22-23.06.2024 r., otworzy si\u0119 w nowym oknie\" class=\"attachment-link target-blank use-tooltip\"><img loading=\"lazy\" decoding=\"async\" width=\"2000\" height=\"1444\" data-id=\"859\" src=\"https:\/\/es.rops-opole.pl\/wp-content\/uploads\/2024\/06\/32.png\" alt=\"\" class=\"wp-image-859\" srcset=\"https:\/\/es.rops-opole.pl\/wp-content\/uploads\/2024\/06\/32.png 2000w, https:\/\/es.rops-opole.pl\/wp-content\/uploads\/2024\/06\/32-1536x1109.png 1536w, https:\/\/es.rops-opole.pl\/wp-content\/uploads\/2024\/06\/32-820x592.png 820w, https:\/\/es.rops-opole.pl\/wp-content\/uploads\/2024\/06\/32-247x178.png 247w\" sizes=\"auto, (max-width: 2000px) 100vw, 2000px\"><svg aria-hidden=\"true\" class=\"icon-new-window\" viewbox=\"0 0 1792 1792\"><path d=\"M1408 960v-128q0-26-19-45t-45-19h-320v-320q0-26-19-45t-45-19h-128q-26 0-45 19t-19 45v320h-320q-26 0-45 19t-19 45v128q0 26 19 45t45 19h320v320q0 26 19 45t45 19h128q26 0 45-19t19-45v-320h320q26 0 45-19t19-45zm256-544v960q0 119-84.5 203.5t-203.5 84.5h-960q-119 0-203.5-84.5t-84.5-203.5v-960q0-119 84.5-203.5t203.5-84.5h960q119 0 203.5 84.5t84.5 203.5z\"><\/path><\/svg><span class=\"tooltip\">Image to the post titled: VIII Opolskie Targi Ekonomii Spo\u0142ecznej w Grodzisku 22-23.06.2024 r., otworzy si\u0119 w nowym oknie<\/span><\/a><\/figure>\n\n\n\n<figure class=\"wp-block-image size-full\"><a href=\"https:\/\/es.rops-opole.pl\/wp-content\/uploads\/2024\/06\/30.png\" target=\"_blank\" rel=\"noopener\" aria-label=\"Image to the post titled: VIII Opolskie Targi Ekonomii Spo\u0142ecznej w Grodzisku 22-23.06.2024 r., otworzy si\u0119 w nowym oknie\" class=\"attachment-link target-blank use-tooltip\"><img loading=\"lazy\" decoding=\"async\" width=\"2000\" height=\"1444\" data-id=\"857\" src=\"https:\/\/es.rops-opole.pl\/wp-content\/uploads\/2024\/06\/30.png\" alt=\"\" class=\"wp-image-857\" srcset=\"https:\/\/es.rops-opole.pl\/wp-content\/uploads\/2024\/06\/30.png 2000w, https:\/\/es.rops-opole.pl\/wp-content\/uploads\/2024\/06\/30-1536x1109.png 1536w, https:\/\/es.rops-opole.pl\/wp-content\/uploads\/2024\/06\/30-820x592.png 820w, https:\/\/es.rops-opole.pl\/wp-content\/uploads\/2024\/06\/30-247x178.png 247w\" sizes=\"auto, (max-width: 2000px) 100vw, 2000px\"><svg aria-hidden=\"true\" class=\"icon-new-window\" viewbox=\"0 0 1792 1792\"><path d=\"M1408 960v-128q0-26-19-45t-45-19h-320v-320q0-26-19-45t-45-19h-128q-26 0-45 19t-19 45v320h-320q-26 0-45 19t-19 45v128q0 26 19 45t45 19h320v320q0 26 19 45t45 19h128q26 0 45-19t19-45v-320h320q26 0 45-19t19-45zm256-544v960q0 119-84.5 203.5t-203.5 84.5h-960q-119 0-203.5-84.5t-84.5-203.5v-960q0-119 84.5-203.5t203.5-84.5h960q119 0 203.5 84.5t84.5 203.5z\"><\/path><\/svg><span class=\"tooltip\">Image to the post titled: VIII Opolskie Targi Ekonomii Spo\u0142ecznej w Grodzisku 22-23.06.2024 r., otworzy si\u0119 w nowym oknie<\/span><\/a><\/figure>\n\n\n\n<figure class=\"wp-block-image size-full\"><a href=\"https:\/\/es.rops-opole.pl\/wp-content\/uploads\/2024\/06\/29.png\" target=\"_blank\" rel=\"noopener\" aria-label=\"Image to the post titled: VIII Opolskie Targi Ekonomii Spo\u0142ecznej w Grodzisku 22-23.06.2024 r., otworzy si\u0119 w nowym oknie\" class=\"attachment-link target-blank use-tooltip\"><img loading=\"lazy\" decoding=\"async\" width=\"2000\" height=\"1444\" data-id=\"856\" src=\"https:\/\/es.rops-opole.pl\/wp-content\/uploads\/2024\/06\/29.png\" alt=\"\" class=\"wp-image-856\" srcset=\"https:\/\/es.rops-opole.pl\/wp-content\/uploads\/2024\/06\/29.png 2000w, https:\/\/es.rops-opole.pl\/wp-content\/uploads\/2024\/06\/29-1536x1109.png 1536w, https:\/\/es.rops-opole.pl\/wp-content\/uploads\/2024\/06\/29-820x592.png 820w, https:\/\/es.rops-opole.pl\/wp-content\/uploads\/2024\/06\/29-247x178.png 247w\" sizes=\"auto, (max-width: 2000px) 100vw, 2000px\"><svg aria-hidden=\"true\" class=\"icon-new-window\" viewbox=\"0 0 1792 1792\"><path d=\"M1408 960v-128q0-26-19-45t-45-19h-320v-320q0-26-19-45t-45-19h-128q-26 0-45 19t-19 45v320h-320q-26 0-45 19t-19 45v128q0 26 19 45t45 19h320v320q0 26 19 45t45 19h128q26 0 45-19t19-45v-320h320q26 0 45-19t19-45zm256-544v960q0 119-84.5 203.5t-203.5 84.5h-960q-119 0-203.5-84.5t-84.5-203.5v-960q0-119 84.5-203.5t203.5-84.5h960q119 0 203.5 84.5t84.5 203.5z\"><\/path><\/svg><span class=\"tooltip\">Image to the post titled: VIII Opolskie Targi Ekonomii Spo\u0142ecznej w Grodzisku 22-23.06.2024 r., otworzy si\u0119 w nowym oknie<\/span><\/a><\/figure>\n\n\n\n<figure class=\"wp-block-image size-full\"><a href=\"https:\/\/es.rops-opole.pl\/wp-content\/uploads\/2024\/06\/28.png\" target=\"_blank\" rel=\"noopener\" aria-label=\"Image to the post titled: VIII Opolskie Targi Ekonomii Spo\u0142ecznej w Grodzisku 22-23.06.2024 r., otworzy si\u0119 w nowym oknie\" class=\"attachment-link target-blank use-tooltip\"><img loading=\"lazy\" decoding=\"async\" width=\"2000\" height=\"1444\" data-id=\"855\" src=\"https:\/\/es.rops-opole.pl\/wp-content\/uploads\/2024\/06\/28.png\" alt=\"\" class=\"wp-image-855\" srcset=\"https:\/\/es.rops-opole.pl\/wp-content\/uploads\/2024\/06\/28.png 2000w, https:\/\/es.rops-opole.pl\/wp-content\/uploads\/2024\/06\/28-1536x1109.png 1536w, https:\/\/es.rops-opole.pl\/wp-content\/uploads\/2024\/06\/28-820x592.png 820w, https:\/\/es.rops-opole.pl\/wp-content\/uploads\/2024\/06\/28-247x178.png 247w\" sizes=\"auto, (max-width: 2000px) 100vw, 2000px\"><svg aria-hidden=\"true\" class=\"icon-new-window\" viewbox=\"0 0 1792 1792\"><path d=\"M1408 960v-128q0-26-19-45t-45-19h-320v-320q0-26-19-45t-45-19h-128q-26 0-45 19t-19 45v320h-320q-26 0-45 19t-19 45v128q0 26 19 45t45 19h320v320q0 26 19 45t45 19h128q26 0 45-19t19-45v-320h320q26 0 45-19t19-45zm256-544v960q0 119-84.5 203.5t-203.5 84.5h-960q-119 0-203.5-84.5t-84.5-203.5v-960q0-119 84.5-203.5t203.5-84.5h960q119 0 203.5 84.5t84.5 203.5z\"><\/path><\/svg><span class=\"tooltip\">Image to the post titled: VIII Opolskie Targi Ekonomii Spo\u0142ecznej w Grodzisku 22-23.06.2024 r., otworzy si\u0119 w nowym oknie<\/span><\/a><\/figure>\n\n\n\n<figure class=\"wp-block-image size-full\"><a href=\"https:\/\/es.rops-opole.pl\/wp-content\/uploads\/2024\/06\/27.png\" target=\"_blank\" rel=\"noopener\" aria-label=\"Image to the post titled: VIII Opolskie Targi Ekonomii Spo\u0142ecznej w Grodzisku 22-23.06.2024 r., otworzy si\u0119 w nowym oknie\" class=\"attachment-link target-blank use-tooltip\"><img loading=\"lazy\" decoding=\"async\" width=\"2000\" height=\"1444\" data-id=\"854\" src=\"https:\/\/es.rops-opole.pl\/wp-content\/uploads\/2024\/06\/27.png\" alt=\"\" class=\"wp-image-854\" srcset=\"https:\/\/es.rops-opole.pl\/wp-content\/uploads\/2024\/06\/27.png 2000w, https:\/\/es.rops-opole.pl\/wp-content\/uploads\/2024\/06\/27-1536x1109.png 1536w, https:\/\/es.rops-opole.pl\/wp-content\/uploads\/2024\/06\/27-820x592.png 820w, https:\/\/es.rops-opole.pl\/wp-content\/uploads\/2024\/06\/27-247x178.png 247w\" sizes=\"auto, (max-width: 2000px) 100vw, 2000px\"><svg aria-hidden=\"true\" class=\"icon-new-window\" viewbox=\"0 0 1792 1792\"><path d=\"M1408 960v-128q0-26-19-45t-45-19h-320v-320q0-26-19-45t-45-19h-128q-26 0-45 19t-19 45v320h-320q-26 0-45 19t-19 45v128q0 26 19 45t45 19h320v320q0 26 19 45t45 19h128q26 0 45-19t19-45v-320h320q26 0 45-19t19-45zm256-544v960q0 119-84.5 203.5t-203.5 84.5h-960q-119 0-203.5-84.5t-84.5-203.5v-960q0-119 84.5-203.5t203.5-84.5h960q119 0 203.5 84.5t84.5 203.5z\"><\/path><\/svg><span class=\"tooltip\">Image to the post titled: VIII Opolskie Targi Ekonomii Spo\u0142ecznej w Grodzisku 22-23.06.2024 r., otworzy si\u0119 w nowym oknie<\/span><\/a><\/figure>\n\n\n\n<figure class=\"wp-block-image size-full\"><a href=\"https:\/\/es.rops-opole.pl\/wp-content\/uploads\/2024\/06\/26.png\" target=\"_blank\" rel=\"noopener\" aria-label=\"Image to the post titled: VIII Opolskie Targi Ekonomii Spo\u0142ecznej w Grodzisku 22-23.06.2024 r., otworzy si\u0119 w nowym oknie\" class=\"attachment-link target-blank use-tooltip\"><img loading=\"lazy\" decoding=\"async\" width=\"2000\" height=\"1444\" data-id=\"853\" src=\"https:\/\/es.rops-opole.pl\/wp-content\/uploads\/2024\/06\/26.png\" alt=\"\" class=\"wp-image-853\" srcset=\"https:\/\/es.rops-opole.pl\/wp-content\/uploads\/2024\/06\/26.png 2000w, https:\/\/es.rops-opole.pl\/wp-content\/uploads\/2024\/06\/26-1536x1109.png 1536w, https:\/\/es.rops-opole.pl\/wp-content\/uploads\/2024\/06\/26-820x592.png 820w, https:\/\/es.rops-opole.pl\/wp-content\/uploads\/2024\/06\/26-247x178.png 247w\" sizes=\"auto, (max-width: 2000px) 100vw, 2000px\"><svg aria-hidden=\"true\" class=\"icon-new-window\" viewbox=\"0 0 1792 1792\"><path d=\"M1408 960v-128q0-26-19-45t-45-19h-320v-320q0-26-19-45t-45-19h-128q-26 0-45 19t-19 45v320h-320q-26 0-45 19t-19 45v128q0 26 19 45t45 19h320v320q0 26 19 45t45 19h128q26 0 45-19t19-45v-320h320q26 0 45-19t19-45zm256-544v960q0 119-84.5 203.5t-203.5 84.5h-960q-119 0-203.5-84.5t-84.5-203.5v-960q0-119 84.5-203.5t203.5-84.5h960q119 0 203.5 84.5t84.5 203.5z\"><\/path><\/svg><span class=\"tooltip\">Image to the post titled: VIII Opolskie Targi Ekonomii Spo\u0142ecznej w Grodzisku 22-23.06.2024 r., otworzy si\u0119 w nowym oknie<\/span><\/a><\/figure>\n\n\n\n<figure class=\"wp-block-image size-full\"><a href=\"https:\/\/es.rops-opole.pl\/wp-content\/uploads\/2024\/06\/25.png\" target=\"_blank\" rel=\"noopener\" aria-label=\"Image to the post titled: VIII Opolskie Targi Ekonomii Spo\u0142ecznej w Grodzisku 22-23.06.2024 r., otworzy si\u0119 w nowym oknie\" class=\"attachment-link target-blank use-tooltip\"><img loading=\"lazy\" decoding=\"async\" width=\"2000\" height=\"1444\" data-id=\"852\" src=\"https:\/\/es.rops-opole.pl\/wp-content\/uploads\/2024\/06\/25.png\" alt=\"\" class=\"wp-image-852\" srcset=\"https:\/\/es.rops-opole.pl\/wp-content\/uploads\/2024\/06\/25.png 2000w, https:\/\/es.rops-opole.pl\/wp-content\/uploads\/2024\/06\/25-1536x1109.png 1536w, https:\/\/es.rops-opole.pl\/wp-content\/uploads\/2024\/06\/25-820x592.png 820w, https:\/\/es.rops-opole.pl\/wp-content\/uploads\/2024\/06\/25-247x178.png 247w\" sizes=\"auto, (max-width: 2000px) 100vw, 2000px\"><svg aria-hidden=\"true\" class=\"icon-new-window\" viewbox=\"0 0 1792 1792\"><path d=\"M1408 960v-128q0-26-19-45t-45-19h-320v-320q0-26-19-45t-45-19h-128q-26 0-45 19t-19 45v320h-320q-26 0-45 19t-19 45v128q0 26 19 45t45 19h320v320q0 26 19 45t45 19h128q26 0 45-19t19-45v-320h320q26 0 45-19t19-45zm256-544v960q0 119-84.5 203.5t-203.5 84.5h-960q-119 0-203.5-84.5t-84.5-203.5v-960q0-119 84.5-203.5t203.5-84.5h960q119 0 203.5 84.5t84.5 203.5z\"><\/path><\/svg><span class=\"tooltip\">Image to the post titled: VIII Opolskie Targi Ekonomii Spo\u0142ecznej w Grodzisku 22-23.06.2024 r., otworzy si\u0119 w nowym oknie<\/span><\/a><\/figure>\n\n\n\n<figure class=\"wp-block-image size-full\"><a href=\"https:\/\/es.rops-opole.pl\/wp-content\/uploads\/2024\/06\/24.png\" target=\"_blank\" rel=\"noopener\" aria-label=\"Image to the post titled: VIII Opolskie Targi Ekonomii Spo\u0142ecznej w Grodzisku 22-23.06.2024 r., otworzy si\u0119 w nowym oknie\" class=\"attachment-link target-blank use-tooltip\"><img loading=\"lazy\" decoding=\"async\" width=\"2000\" height=\"1444\" data-id=\"851\" src=\"https:\/\/es.rops-opole.pl\/wp-content\/uploads\/2024\/06\/24.png\" alt=\"\" class=\"wp-image-851\" srcset=\"https:\/\/es.rops-opole.pl\/wp-content\/uploads\/2024\/06\/24.png 2000w, https:\/\/es.rops-opole.pl\/wp-content\/uploads\/2024\/06\/24-1536x1109.png 1536w, https:\/\/es.rops-opole.pl\/wp-content\/uploads\/2024\/06\/24-820x592.png 820w, https:\/\/es.rops-opole.pl\/wp-content\/uploads\/2024\/06\/24-247x178.png 247w\" sizes=\"auto, (max-width: 2000px) 100vw, 2000px\"><svg aria-hidden=\"true\" class=\"icon-new-window\" viewbox=\"0 0 1792 1792\"><path d=\"M1408 960v-128q0-26-19-45t-45-19h-320v-320q0-26-19-45t-45-19h-128q-26 0-45 19t-19 45v320h-320q-26 0-45 19t-19 45v128q0 26 19 45t45 19h320v320q0 26 19 45t45 19h128q26 0 45-19t19-45v-320h320q26 0 45-19t19-45zm256-544v960q0 119-84.5 203.5t-203.5 84.5h-960q-119 0-203.5-84.5t-84.5-203.5v-960q0-119 84.5-203.5t203.5-84.5h960q119 0 203.5 84.5t84.5 203.5z\"><\/path><\/svg><span class=\"tooltip\">Image to the post titled: VIII Opolskie Targi Ekonomii Spo\u0142ecznej w Grodzisku 22-23.06.2024 r., otworzy si\u0119 w nowym oknie<\/span><\/a><\/figure>\n\n\n\n<figure class=\"wp-block-image size-full\"><a href=\"https:\/\/es.rops-opole.pl\/wp-content\/uploads\/2024\/06\/64.png\" target=\"_blank\" rel=\"noopener\" aria-label=\"Image to the post titled: VIII Opolskie Targi Ekonomii Spo\u0142ecznej w Grodzisku 22-23.06.2024 r., otworzy si\u0119 w nowym oknie\" class=\"attachment-link target-blank use-tooltip\"><img loading=\"lazy\" decoding=\"async\" width=\"2000\" height=\"1444\" data-id=\"850\" src=\"https:\/\/es.rops-opole.pl\/wp-content\/uploads\/2024\/06\/64.png\" alt=\"\" class=\"wp-image-850\" srcset=\"https:\/\/es.rops-opole.pl\/wp-content\/uploads\/2024\/06\/64.png 2000w, https:\/\/es.rops-opole.pl\/wp-content\/uploads\/2024\/06\/64-1536x1109.png 1536w, https:\/\/es.rops-opole.pl\/wp-content\/uploads\/2024\/06\/64-820x592.png 820w, https:\/\/es.rops-opole.pl\/wp-content\/uploads\/2024\/06\/64-247x178.png 247w\" sizes=\"auto, (max-width: 2000px) 100vw, 2000px\"><svg aria-hidden=\"true\" class=\"icon-new-window\" viewbox=\"0 0 1792 1792\"><path d=\"M1408 960v-128q0-26-19-45t-45-19h-320v-320q0-26-19-45t-45-19h-128q-26 0-45 19t-19 45v320h-320q-26 0-45 19t-19 45v128q0 26 19 45t45 19h320v320q0 26 19 45t45 19h128q26 0 45-19t19-45v-320h320q26 0 45-19t19-45zm256-544v960q0 119-84.5 203.5t-203.5 84.5h-960q-119 0-203.5-84.5t-84.5-203.5v-960q0-119 84.5-203.5t203.5-84.5h960q119 0 203.5 84.5t84.5 203.5z\"><\/path><\/svg><span class=\"tooltip\">Image to the post titled: VIII Opolskie Targi Ekonomii Spo\u0142ecznej w Grodzisku 22-23.06.2024 r., otworzy si\u0119 w nowym oknie<\/span><\/a><\/figure>\n\n\n\n<figure class=\"wp-block-image size-full\"><a href=\"https:\/\/es.rops-opole.pl\/wp-content\/uploads\/2024\/06\/63.png\" target=\"_blank\" rel=\"noopener\" aria-label=\"Image to the post titled: VIII Opolskie Targi Ekonomii Spo\u0142ecznej w Grodzisku 22-23.06.2024 r., otworzy si\u0119 w nowym oknie\" class=\"attachment-link target-blank use-tooltip\"><img loading=\"lazy\" decoding=\"async\" width=\"2000\" height=\"1444\" data-id=\"849\" src=\"https:\/\/es.rops-opole.pl\/wp-content\/uploads\/2024\/06\/63.png\" alt=\"\" class=\"wp-image-849\" srcset=\"https:\/\/es.rops-opole.pl\/wp-content\/uploads\/2024\/06\/63.png 2000w, https:\/\/es.rops-opole.pl\/wp-content\/uploads\/2024\/06\/63-1536x1109.png 1536w, https:\/\/es.rops-opole.pl\/wp-content\/uploads\/2024\/06\/63-820x592.png 820w, https:\/\/es.rops-opole.pl\/wp-content\/uploads\/2024\/06\/63-247x178.png 247w\" sizes=\"auto, (max-width: 2000px) 100vw, 2000px\"><svg aria-hidden=\"true\" class=\"icon-new-window\" viewbox=\"0 0 1792 1792\"><path d=\"M1408 960v-128q0-26-19-45t-45-19h-320v-320q0-26-19-45t-45-19h-128q-26 0-45 19t-19 45v320h-320q-26 0-45 19t-19 45v128q0 26 19 45t45 19h320v320q0 26 19 45t45 19h128q26 0 45-19t19-45v-320h320q26 0 45-19t19-45zm256-544v960q0 119-84.5 203.5t-203.5 84.5h-960q-119 0-203.5-84.5t-84.5-203.5v-960q0-119 84.5-203.5t203.5-84.5h960q119 0 203.5 84.5t84.5 203.5z\"><\/path><\/svg><span class=\"tooltip\">Image to the post titled: VIII Opolskie Targi Ekonomii Spo\u0142ecznej w Grodzisku 22-23.06.2024 r., otworzy si\u0119 w nowym oknie<\/span><\/a><\/figure>\n\n\n\n<figure class=\"wp-block-image size-full\"><a href=\"https:\/\/es.rops-opole.pl\/wp-content\/uploads\/2024\/06\/62.png\" target=\"_blank\" rel=\"noopener\" aria-label=\"Image to the post titled: VIII Opolskie Targi Ekonomii Spo\u0142ecznej w Grodzisku 22-23.06.2024 r., otworzy si\u0119 w nowym oknie\" class=\"attachment-link target-blank use-tooltip\"><img loading=\"lazy\" decoding=\"async\" width=\"2000\" height=\"1444\" data-id=\"848\" src=\"https:\/\/es.rops-opole.pl\/wp-content\/uploads\/2024\/06\/62.png\" alt=\"\" class=\"wp-image-848\" srcset=\"https:\/\/es.rops-opole.pl\/wp-content\/uploads\/2024\/06\/62.png 2000w, https:\/\/es.rops-opole.pl\/wp-content\/uploads\/2024\/06\/62-1536x1109.png 1536w, https:\/\/es.rops-opole.pl\/wp-content\/uploads\/2024\/06\/62-820x592.png 820w, https:\/\/es.rops-opole.pl\/wp-content\/uploads\/2024\/06\/62-247x178.png 247w\" sizes=\"auto, (max-width: 2000px) 100vw, 2000px\"><svg aria-hidden=\"true\" class=\"icon-new-window\" viewbox=\"0 0 1792 1792\"><path d=\"M1408 960v-128q0-26-19-45t-45-19h-320v-320q0-26-19-45t-45-19h-128q-26 0-45 19t-19 45v320h-320q-26 0-45 19t-19 45v128q0 26 19 45t45 19h320v320q0 26 19 45t45 19h128q26 0 45-19t19-45v-320h320q26 0 45-19t19-45zm256-544v960q0 119-84.5 203.5t-203.5 84.5h-960q-119 0-203.5-84.5t-84.5-203.5v-960q0-119 84.5-203.5t203.5-84.5h960q119 0 203.5 84.5t84.5 203.5z\"><\/path><\/svg><span class=\"tooltip\">Image to the post titled: VIII Opolskie Targi Ekonomii Spo\u0142ecznej w Grodzisku 22-23.06.2024 r., otworzy si\u0119 w nowym oknie<\/span><\/a><\/figure>\n\n\n\n<figure class=\"wp-block-image size-full\"><a href=\"https:\/\/es.rops-opole.pl\/wp-content\/uploads\/2024\/06\/61.png\" target=\"_blank\" rel=\"noopener\" aria-label=\"Image to the post titled: VIII Opolskie Targi Ekonomii Spo\u0142ecznej w Grodzisku 22-23.06.2024 r., otworzy si\u0119 w nowym oknie\" class=\"attachment-link target-blank use-tooltip\"><img loading=\"lazy\" decoding=\"async\" width=\"2000\" height=\"1444\" data-id=\"847\" src=\"https:\/\/es.rops-opole.pl\/wp-content\/uploads\/2024\/06\/61.png\" alt=\"\" class=\"wp-image-847\" srcset=\"https:\/\/es.rops-opole.pl\/wp-content\/uploads\/2024\/06\/61.png 2000w, https:\/\/es.rops-opole.pl\/wp-content\/uploads\/2024\/06\/61-1536x1109.png 1536w, https:\/\/es.rops-opole.pl\/wp-content\/uploads\/2024\/06\/61-820x592.png 820w, https:\/\/es.rops-opole.pl\/wp-content\/uploads\/2024\/06\/61-247x178.png 247w\" sizes=\"auto, (max-width: 2000px) 100vw, 2000px\"><svg aria-hidden=\"true\" class=\"icon-new-window\" viewbox=\"0 0 1792 1792\"><path d=\"M1408 960v-128q0-26-19-45t-45-19h-320v-320q0-26-19-45t-45-19h-128q-26 0-45 19t-19 45v320h-320q-26 0-45 19t-19 45v128q0 26 19 45t45 19h320v320q0 26 19 45t45 19h128q26 0 45-19t19-45v-320h320q26 0 45-19t19-45zm256-544v960q0 119-84.5 203.5t-203.5 84.5h-960q-119 0-203.5-84.5t-84.5-203.5v-960q0-119 84.5-203.5t203.5-84.5h960q119 0 203.5 84.5t84.5 203.5z\"><\/path><\/svg><span class=\"tooltip\">Image to the post titled: VIII Opolskie Targi Ekonomii Spo\u0142ecznej w Grodzisku 22-23.06.2024 r., otworzy si\u0119 w nowym oknie<\/span><\/a><\/figure>\n\n\n\n<figure class=\"wp-block-image size-full\"><a href=\"https:\/\/es.rops-opole.pl\/wp-content\/uploads\/2024\/06\/60.png\" target=\"_blank\" rel=\"noopener\" aria-label=\"Image to the post titled: VIII Opolskie Targi Ekonomii Spo\u0142ecznej w Grodzisku 22-23.06.2024 r., otworzy si\u0119 w nowym oknie\" class=\"attachment-link target-blank use-tooltip\"><img loading=\"lazy\" decoding=\"async\" width=\"2000\" height=\"1444\" data-id=\"846\" src=\"https:\/\/es.rops-opole.pl\/wp-content\/uploads\/2024\/06\/60.png\" alt=\"\" class=\"wp-image-846\" srcset=\"https:\/\/es.rops-opole.pl\/wp-content\/uploads\/2024\/06\/60.png 2000w, https:\/\/es.rops-opole.pl\/wp-content\/uploads\/2024\/06\/60-1536x1109.png 1536w, https:\/\/es.rops-opole.pl\/wp-content\/uploads\/2024\/06\/60-820x592.png 820w, https:\/\/es.rops-opole.pl\/wp-content\/uploads\/2024\/06\/60-247x178.png 247w\" sizes=\"auto, (max-width: 2000px) 100vw, 2000px\"><svg aria-hidden=\"true\" class=\"icon-new-window\" viewbox=\"0 0 1792 1792\"><path d=\"M1408 960v-128q0-26-19-45t-45-19h-320v-320q0-26-19-45t-45-19h-128q-26 0-45 19t-19 45v320h-320q-26 0-45 19t-19 45v128q0 26 19 45t45 19h320v320q0 26 19 45t45 19h128q26 0 45-19t19-45v-320h320q26 0 45-19t19-45zm256-544v960q0 119-84.5 203.5t-203.5 84.5h-960q-119 0-203.5-84.5t-84.5-203.5v-960q0-119 84.5-203.5t203.5-84.5h960q119 0 203.5 84.5t84.5 203.5z\"><\/path><\/svg><span class=\"tooltip\">Image to the post titled: VIII Opolskie Targi Ekonomii Spo\u0142ecznej w Grodzisku 22-23.06.2024 r., otworzy si\u0119 w nowym oknie<\/span><\/a><\/figure>\n\n\n\n<figure class=\"wp-block-image size-full\"><a href=\"https:\/\/es.rops-opole.pl\/wp-content\/uploads\/2024\/06\/59.png\" target=\"_blank\" rel=\"noopener\" aria-label=\"Image to the post titled: VIII Opolskie Targi Ekonomii Spo\u0142ecznej w Grodzisku 22-23.06.2024 r., otworzy si\u0119 w nowym oknie\" class=\"attachment-link target-blank use-tooltip\"><img loading=\"lazy\" decoding=\"async\" width=\"2000\" height=\"1444\" data-id=\"845\" src=\"https:\/\/es.rops-opole.pl\/wp-content\/uploads\/2024\/06\/59.png\" alt=\"\" class=\"wp-image-845\" srcset=\"https:\/\/es.rops-opole.pl\/wp-content\/uploads\/2024\/06\/59.png 2000w, https:\/\/es.rops-opole.pl\/wp-content\/uploads\/2024\/06\/59-1536x1109.png 1536w, https:\/\/es.rops-opole.pl\/wp-content\/uploads\/2024\/06\/59-820x592.png 820w, https:\/\/es.rops-opole.pl\/wp-content\/uploads\/2024\/06\/59-247x178.png 247w\" sizes=\"auto, (max-width: 2000px) 100vw, 2000px\"><svg aria-hidden=\"true\" class=\"icon-new-window\" viewbox=\"0 0 1792 1792\"><path d=\"M1408 960v-128q0-26-19-45t-45-19h-320v-320q0-26-19-45t-45-19h-128q-26 0-45 19t-19 45v320h-320q-26 0-45 19t-19 45v128q0 26 19 45t45 19h320v320q0 26 19 45t45 19h128q26 0 45-19t19-45v-320h320q26 0 45-19t19-45zm256-544v960q0 119-84.5 203.5t-203.5 84.5h-960q-119 0-203.5-84.5t-84.5-203.5v-960q0-119 84.5-203.5t203.5-84.5h960q119 0 203.5 84.5t84.5 203.5z\"><\/path><\/svg><span class=\"tooltip\">Image to the post titled: VIII Opolskie Targi Ekonomii Spo\u0142ecznej w Grodzisku 22-23.06.2024 r., otworzy si\u0119 w nowym oknie<\/span><\/a><\/figure>\n\n\n\n<figure class=\"wp-block-image size-full\"><a href=\"https:\/\/es.rops-opole.pl\/wp-content\/uploads\/2024\/06\/58.png\" target=\"_blank\" rel=\"noopener\" aria-label=\"Image to the post titled: VIII Opolskie Targi Ekonomii Spo\u0142ecznej w Grodzisku 22-23.06.2024 r., otworzy si\u0119 w nowym oknie\" class=\"attachment-link target-blank use-tooltip\"><img loading=\"lazy\" decoding=\"async\" width=\"2000\" height=\"1444\" data-id=\"844\" src=\"https:\/\/es.rops-opole.pl\/wp-content\/uploads\/2024\/06\/58.png\" alt=\"\" class=\"wp-image-844\" srcset=\"https:\/\/es.rops-opole.pl\/wp-content\/uploads\/2024\/06\/58.png 2000w, https:\/\/es.rops-opole.pl\/wp-content\/uploads\/2024\/06\/58-1536x1109.png 1536w, https:\/\/es.rops-opole.pl\/wp-content\/uploads\/2024\/06\/58-820x592.png 820w, https:\/\/es.rops-opole.pl\/wp-content\/uploads\/2024\/06\/58-247x178.png 247w\" sizes=\"auto, (max-width: 2000px) 100vw, 2000px\"><svg aria-hidden=\"true\" class=\"icon-new-window\" viewbox=\"0 0 1792 1792\"><path d=\"M1408 960v-128q0-26-19-45t-45-19h-320v-320q0-26-19-45t-45-19h-128q-26 0-45 19t-19 45v320h-320q-26 0-45 19t-19 45v128q0 26 19 45t45 19h320v320q0 26 19 45t45 19h128q26 0 45-19t19-45v-320h320q26 0 45-19t19-45zm256-544v960q0 119-84.5 203.5t-203.5 84.5h-960q-119 0-203.5-84.5t-84.5-203.5v-960q0-119 84.5-203.5t203.5-84.5h960q119 0 203.5 84.5t84.5 203.5z\"><\/path><\/svg><span class=\"tooltip\">Image to the post titled: VIII Opolskie Targi Ekonomii Spo\u0142ecznej w Grodzisku 22-23.06.2024 r., otworzy si\u0119 w nowym oknie<\/span><\/a><\/figure>\n\n\n\n<figure class=\"wp-block-image size-full\"><a href=\"https:\/\/es.rops-opole.pl\/wp-content\/uploads\/2024\/06\/57.png\" target=\"_blank\" rel=\"noopener\" aria-label=\"Image to the post titled: VIII Opolskie Targi Ekonomii Spo\u0142ecznej w Grodzisku 22-23.06.2024 r., otworzy si\u0119 w nowym oknie\" class=\"attachment-link target-blank use-tooltip\"><img loading=\"lazy\" decoding=\"async\" width=\"2000\" height=\"1444\" data-id=\"843\" src=\"https:\/\/es.rops-opole.pl\/wp-content\/uploads\/2024\/06\/57.png\" alt=\"\" class=\"wp-image-843\" srcset=\"https:\/\/es.rops-opole.pl\/wp-content\/uploads\/2024\/06\/57.png 2000w, https:\/\/es.rops-opole.pl\/wp-content\/uploads\/2024\/06\/57-1536x1109.png 1536w, https:\/\/es.rops-opole.pl\/wp-content\/uploads\/2024\/06\/57-820x592.png 820w, https:\/\/es.rops-opole.pl\/wp-content\/uploads\/2024\/06\/57-247x178.png 247w\" sizes=\"auto, (max-width: 2000px) 100vw, 2000px\"><svg aria-hidden=\"true\" class=\"icon-new-window\" viewbox=\"0 0 1792 1792\"><path d=\"M1408 960v-128q0-26-19-45t-45-19h-320v-320q0-26-19-45t-45-19h-128q-26 0-45 19t-19 45v320h-320q-26 0-45 19t-19 45v128q0 26 19 45t45 19h320v320q0 26 19 45t45 19h128q26 0 45-19t19-45v-320h320q26 0 45-19t19-45zm256-544v960q0 119-84.5 203.5t-203.5 84.5h-960q-119 0-203.5-84.5t-84.5-203.5v-960q0-119 84.5-203.5t203.5-84.5h960q119 0 203.5 84.5t84.5 203.5z\"><\/path><\/svg><span class=\"tooltip\">Image to the post titled: VIII Opolskie Targi Ekonomii Spo\u0142ecznej w Grodzisku 22-23.06.2024 r., otworzy si\u0119 w nowym oknie<\/span><\/a><\/figure>\n\n\n\n<figure class=\"wp-block-image size-full\"><a href=\"https:\/\/es.rops-opole.pl\/wp-content\/uploads\/2024\/06\/56.png\" target=\"_blank\" rel=\"noopener\" aria-label=\"Image to the post titled: VIII Opolskie Targi Ekonomii Spo\u0142ecznej w Grodzisku 22-23.06.2024 r., otworzy si\u0119 w nowym oknie\" class=\"attachment-link target-blank use-tooltip\"><img loading=\"lazy\" decoding=\"async\" width=\"2000\" height=\"1444\" data-id=\"842\" src=\"https:\/\/es.rops-opole.pl\/wp-content\/uploads\/2024\/06\/56.png\" alt=\"\" class=\"wp-image-842\" srcset=\"https:\/\/es.rops-opole.pl\/wp-content\/uploads\/2024\/06\/56.png 2000w, https:\/\/es.rops-opole.pl\/wp-content\/uploads\/2024\/06\/56-1536x1109.png 1536w, https:\/\/es.rops-opole.pl\/wp-content\/uploads\/2024\/06\/56-820x592.png 820w, https:\/\/es.rops-opole.pl\/wp-content\/uploads\/2024\/06\/56-247x178.png 247w\" sizes=\"auto, (max-width: 2000px) 100vw, 2000px\"><svg aria-hidden=\"true\" class=\"icon-new-window\" viewbox=\"0 0 1792 1792\"><path d=\"M1408 960v-128q0-26-19-45t-45-19h-320v-320q0-26-19-45t-45-19h-128q-26 0-45 19t-19 45v320h-320q-26 0-45 19t-19 45v128q0 26 19 45t45 19h320v320q0 26 19 45t45 19h128q26 0 45-19t19-45v-320h320q26 0 45-19t19-45zm256-544v960q0 119-84.5 203.5t-203.5 84.5h-960q-119 0-203.5-84.5t-84.5-203.5v-960q0-119 84.5-203.5t203.5-84.5h960q119 0 203.5 84.5t84.5 203.5z\"><\/path><\/svg><span class=\"tooltip\">Image to the post titled: VIII Opolskie Targi Ekonomii Spo\u0142ecznej w Grodzisku 22-23.06.2024 r., otworzy si\u0119 w nowym oknie<\/span><\/a><\/figure>\n\n\n\n<figure class=\"wp-block-image size-full\"><a href=\"https:\/\/es.rops-opole.pl\/wp-content\/uploads\/2024\/06\/53.png\" target=\"_blank\" rel=\"noopener\" aria-label=\"Image to the post titled: VIII Opolskie Targi Ekonomii Spo\u0142ecznej w Grodzisku 22-23.06.2024 r., otworzy si\u0119 w nowym oknie\" class=\"attachment-link target-blank use-tooltip\"><img loading=\"lazy\" decoding=\"async\" width=\"2000\" height=\"1444\" data-id=\"839\" src=\"https:\/\/es.rops-opole.pl\/wp-content\/uploads\/2024\/06\/53.png\" alt=\"\" class=\"wp-image-839\" srcset=\"https:\/\/es.rops-opole.pl\/wp-content\/uploads\/2024\/06\/53.png 2000w, https:\/\/es.rops-opole.pl\/wp-content\/uploads\/2024\/06\/53-1536x1109.png 1536w, https:\/\/es.rops-opole.pl\/wp-content\/uploads\/2024\/06\/53-820x592.png 820w, https:\/\/es.rops-opole.pl\/wp-content\/uploads\/2024\/06\/53-247x178.png 247w\" sizes=\"auto, (max-width: 2000px) 100vw, 2000px\"><svg aria-hidden=\"true\" class=\"icon-new-window\" viewbox=\"0 0 1792 1792\"><path d=\"M1408 960v-128q0-26-19-45t-45-19h-320v-320q0-26-19-45t-45-19h-128q-26 0-45 19t-19 45v320h-320q-26 0-45 19t-19 45v128q0 26 19 45t45 19h320v320q0 26 19 45t45 19h128q26 0 45-19t19-45v-320h320q26 0 45-19t19-45zm256-544v960q0 119-84.5 203.5t-203.5 84.5h-960q-119 0-203.5-84.5t-84.5-203.5v-960q0-119 84.5-203.5t203.5-84.5h960q119 0 203.5 84.5t84.5 203.5z\"><\/path><\/svg><span class=\"tooltip\">Image to the post titled: VIII Opolskie Targi Ekonomii Spo\u0142ecznej w Grodzisku 22-23.06.2024 r., otworzy si\u0119 w nowym oknie<\/span><\/a><\/figure>\n\n\n\n<figure class=\"wp-block-image size-full\"><a href=\"https:\/\/es.rops-opole.pl\/wp-content\/uploads\/2024\/06\/52.png\" target=\"_blank\" rel=\"noopener\" aria-label=\"Image to the post titled: VIII Opolskie Targi Ekonomii Spo\u0142ecznej w Grodzisku 22-23.06.2024 r., otworzy si\u0119 w nowym oknie\" class=\"attachment-link target-blank use-tooltip\"><img loading=\"lazy\" decoding=\"async\" width=\"2000\" height=\"1444\" data-id=\"838\" src=\"https:\/\/es.rops-opole.pl\/wp-content\/uploads\/2024\/06\/52.png\" alt=\"\" class=\"wp-image-838\" srcset=\"https:\/\/es.rops-opole.pl\/wp-content\/uploads\/2024\/06\/52.png 2000w, https:\/\/es.rops-opole.pl\/wp-content\/uploads\/2024\/06\/52-1536x1109.png 1536w, https:\/\/es.rops-opole.pl\/wp-content\/uploads\/2024\/06\/52-820x592.png 820w, https:\/\/es.rops-opole.pl\/wp-content\/uploads\/2024\/06\/52-247x178.png 247w\" sizes=\"auto, (max-width: 2000px) 100vw, 2000px\"><svg aria-hidden=\"true\" class=\"icon-new-window\" viewbox=\"0 0 1792 1792\"><path d=\"M1408 960v-128q0-26-19-45t-45-19h-320v-320q0-26-19-45t-45-19h-128q-26 0-45 19t-19 45v320h-320q-26 0-45 19t-19 45v128q0 26 19 45t45 19h320v320q0 26 19 45t45 19h128q26 0 45-19t19-45v-320h320q26 0 45-19t19-45zm256-544v960q0 119-84.5 203.5t-203.5 84.5h-960q-119 0-203.5-84.5t-84.5-203.5v-960q0-119 84.5-203.5t203.5-84.5h960q119 0 203.5 84.5t84.5 203.5z\"><\/path><\/svg><span class=\"tooltip\">Image to the post titled: VIII Opolskie Targi Ekonomii Spo\u0142ecznej w Grodzisku 22-23.06.2024 r., otworzy si\u0119 w nowym oknie<\/span><\/a><\/figure>\n\n\n\n<figure class=\"wp-block-image size-full\"><a href=\"https:\/\/es.rops-opole.pl\/wp-content\/uploads\/2024\/06\/51.png\" target=\"_blank\" rel=\"noopener\" aria-label=\"Image to the post titled: VIII Opolskie Targi Ekonomii Spo\u0142ecznej w Grodzisku 22-23.06.2024 r., otworzy si\u0119 w nowym oknie\" class=\"attachment-link target-blank use-tooltip\"><img loading=\"lazy\" decoding=\"async\" width=\"2000\" height=\"1444\" data-id=\"837\" src=\"https:\/\/es.rops-opole.pl\/wp-content\/uploads\/2024\/06\/51.png\" alt=\"\" class=\"wp-image-837\" srcset=\"https:\/\/es.rops-opole.pl\/wp-content\/uploads\/2024\/06\/51.png 2000w, https:\/\/es.rops-opole.pl\/wp-content\/uploads\/2024\/06\/51-1536x1109.png 1536w, https:\/\/es.rops-opole.pl\/wp-content\/uploads\/2024\/06\/51-820x592.png 820w, https:\/\/es.rops-opole.pl\/wp-content\/uploads\/2024\/06\/51-247x178.png 247w\" sizes=\"auto, (max-width: 2000px) 100vw, 2000px\"><svg aria-hidden=\"true\" class=\"icon-new-window\" viewbox=\"0 0 1792 1792\"><path d=\"M1408 960v-128q0-26-19-45t-45-19h-320v-320q0-26-19-45t-45-19h-128q-26 0-45 19t-19 45v320h-320q-26 0-45 19t-19 45v128q0 26 19 45t45 19h320v320q0 26 19 45t45 19h128q26 0 45-19t19-45v-320h320q26 0 45-19t19-45zm256-544v960q0 119-84.5 203.5t-203.5 84.5h-960q-119 0-203.5-84.5t-84.5-203.5v-960q0-119 84.5-203.5t203.5-84.5h960q119 0 203.5 84.5t84.5 203.5z\"><\/path><\/svg><span class=\"tooltip\">Image to the post titled: VIII Opolskie Targi Ekonomii Spo\u0142ecznej w Grodzisku 22-23.06.2024 r., otworzy si\u0119 w nowym oknie<\/span><\/a><\/figure>\n\n\n\n<figure class=\"wp-block-image size-full\"><a href=\"https:\/\/es.rops-opole.pl\/wp-content\/uploads\/2024\/06\/50.png\" target=\"_blank\" rel=\"noopener\" aria-label=\"Image to the post titled: VIII Opolskie Targi Ekonomii Spo\u0142ecznej w Grodzisku 22-23.06.2024 r., otworzy si\u0119 w nowym oknie\" class=\"attachment-link target-blank use-tooltip\"><img loading=\"lazy\" decoding=\"async\" width=\"2000\" height=\"1444\" data-id=\"836\" src=\"https:\/\/es.rops-opole.pl\/wp-content\/uploads\/2024\/06\/50.png\" alt=\"\" class=\"wp-image-836\" srcset=\"https:\/\/es.rops-opole.pl\/wp-content\/uploads\/2024\/06\/50.png 2000w, https:\/\/es.rops-opole.pl\/wp-content\/uploads\/2024\/06\/50-1536x1109.png 1536w, https:\/\/es.rops-opole.pl\/wp-content\/uploads\/2024\/06\/50-820x592.png 820w, https:\/\/es.rops-opole.pl\/wp-content\/uploads\/2024\/06\/50-247x178.png 247w\" sizes=\"auto, (max-width: 2000px) 100vw, 2000px\"><svg aria-hidden=\"true\" class=\"icon-new-window\" viewbox=\"0 0 1792 1792\"><path d=\"M1408 960v-128q0-26-19-45t-45-19h-320v-320q0-26-19-45t-45-19h-128q-26 0-45 19t-19 45v320h-320q-26 0-45 19t-19 45v128q0 26 19 45t45 19h320v320q0 26 19 45t45 19h128q26 0 45-19t19-45v-320h320q26 0 45-19t19-45zm256-544v960q0 119-84.5 203.5t-203.5 84.5h-960q-119 0-203.5-84.5t-84.5-203.5v-960q0-119 84.5-203.5t203.5-84.5h960q119 0 203.5 84.5t84.5 203.5z\"><\/path><\/svg><span class=\"tooltip\">Image to the post titled: VIII Opolskie Targi Ekonomii Spo\u0142ecznej w Grodzisku 22-23.06.2024 r., otworzy si\u0119 w nowym oknie<\/span><\/a><\/figure>\n\n\n\n<figure class=\"wp-block-image size-full\"><a href=\"https:\/\/es.rops-opole.pl\/wp-content\/uploads\/2024\/06\/49.png\" target=\"_blank\" rel=\"noopener\" aria-label=\"Image to the post titled: VIII Opolskie Targi Ekonomii Spo\u0142ecznej w Grodzisku 22-23.06.2024 r., otworzy si\u0119 w nowym oknie\" class=\"attachment-link target-blank use-tooltip\"><img loading=\"lazy\" decoding=\"async\" width=\"2000\" height=\"1444\" data-id=\"835\" src=\"https:\/\/es.rops-opole.pl\/wp-content\/uploads\/2024\/06\/49.png\" alt=\"\" class=\"wp-image-835\" srcset=\"https:\/\/es.rops-opole.pl\/wp-content\/uploads\/2024\/06\/49.png 2000w, https:\/\/es.rops-opole.pl\/wp-content\/uploads\/2024\/06\/49-1536x1109.png 1536w\" sizes=\"auto, (max-width: 2000px) 100vw, 2000px\"><svg aria-hidden=\"true\" class=\"icon-new-window\" viewbox=\"0 0 1792 1792\"><path d=\"M1408 960v-128q0-26-19-45t-45-19h-320v-320q0-26-19-45t-45-19h-128q-26 0-45 19t-19 45v320h-320q-26 0-45 19t-19 45v128q0 26 19 45t45 19h320v320q0 26 19 45t45 19h128q26 0 45-19t19-45v-320h320q26 0 45-19t19-45zm256-544v960q0 119-84.5 203.5t-203.5 84.5h-960q-119 0-203.5-84.5t-84.5-203.5v-960q0-119 84.5-203.5t203.5-84.5h960q119 0 203.5 84.5t84.5 203.5z\"><\/path><\/svg><span class=\"tooltip\">Image to the post titled: VIII Opolskie Targi Ekonomii Spo\u0142ecznej w Grodzisku 22-23.06.2024 r., otworzy si\u0119 w nowym oknie<\/span><\/a><\/figure>\n\n\n\n<figure class=\"wp-block-image size-full\"><a href=\"https:\/\/es.rops-opole.pl\/wp-content\/uploads\/2024\/06\/48.png\" target=\"_blank\" rel=\"noopener\" aria-label=\"Image to the post titled: VIII Opolskie Targi Ekonomii Spo\u0142ecznej w Grodzisku 22-23.06.2024 r., otworzy si\u0119 w nowym oknie\" class=\"attachment-link target-blank use-tooltip\"><img loading=\"lazy\" decoding=\"async\" width=\"2000\" height=\"1444\" data-id=\"834\" src=\"https:\/\/es.rops-opole.pl\/wp-content\/uploads\/2024\/06\/48.png\" alt=\"\" class=\"wp-image-834\" srcset=\"https:\/\/es.rops-opole.pl\/wp-content\/uploads\/2024\/06\/48.png 2000w, https:\/\/es.rops-opole.pl\/wp-content\/uploads\/2024\/06\/48-1536x1109.png 1536w, https:\/\/es.rops-opole.pl\/wp-content\/uploads\/2024\/06\/48-820x592.png 820w, https:\/\/es.rops-opole.pl\/wp-content\/uploads\/2024\/06\/48-247x178.png 247w\" sizes=\"auto, (max-width: 2000px) 100vw, 2000px\"><svg aria-hidden=\"true\" class=\"icon-new-window\" viewbox=\"0 0 1792 1792\"><path d=\"M1408 960v-128q0-26-19-45t-45-19h-320v-320q0-26-19-45t-45-19h-128q-26 0-45 19t-19 45v320h-320q-26 0-45 19t-19 45v128q0 26 19 45t45 19h320v320q0 26 19 45t45 19h128q26 0 45-19t19-45v-320h320q26 0 45-19t19-45zm256-544v960q0 119-84.5 203.5t-203.5 84.5h-960q-119 0-203.5-84.5t-84.5-203.5v-960q0-119 84.5-203.5t203.5-84.5h960q119 0 203.5 84.5t84.5 203.5z\"><\/path><\/svg><span class=\"tooltip\">Image to the post titled: VIII Opolskie Targi Ekonomii Spo\u0142ecznej w Grodzisku 22-23.06.2024 r., otworzy si\u0119 w nowym oknie<\/span><\/a><\/figure>\n\n\n\n<figure class=\"wp-block-image size-full\"><a href=\"https:\/\/es.rops-opole.pl\/wp-content\/uploads\/2024\/06\/47.png\" target=\"_blank\" rel=\"noopener\" aria-label=\"Image to the post titled: VIII Opolskie Targi Ekonomii Spo\u0142ecznej w Grodzisku 22-23.06.2024 r., otworzy si\u0119 w nowym oknie\" class=\"attachment-link target-blank use-tooltip\"><img loading=\"lazy\" decoding=\"async\" width=\"2000\" height=\"1444\" data-id=\"833\" src=\"https:\/\/es.rops-opole.pl\/wp-content\/uploads\/2024\/06\/47.png\" alt=\"\" class=\"wp-image-833\" srcset=\"https:\/\/es.rops-opole.pl\/wp-content\/uploads\/2024\/06\/47.png 2000w, https:\/\/es.rops-opole.pl\/wp-content\/uploads\/2024\/06\/47-1536x1109.png 1536w, https:\/\/es.rops-opole.pl\/wp-content\/uploads\/2024\/06\/47-820x592.png 820w, https:\/\/es.rops-opole.pl\/wp-content\/uploads\/2024\/06\/47-247x178.png 247w\" sizes=\"auto, (max-width: 2000px) 100vw, 2000px\"><svg aria-hidden=\"true\" class=\"icon-new-window\" viewbox=\"0 0 1792 1792\"><path d=\"M1408 960v-128q0-26-19-45t-45-19h-320v-320q0-26-19-45t-45-19h-128q-26 0-45 19t-19 45v320h-320q-26 0-45 19t-19 45v128q0 26 19 45t45 19h320v320q0 26 19 45t45 19h128q26 0 45-19t19-45v-320h320q26 0 45-19t19-45zm256-544v960q0 119-84.5 203.5t-203.5 84.5h-960q-119 0-203.5-84.5t-84.5-203.5v-960q0-119 84.5-203.5t203.5-84.5h960q119 0 203.5 84.5t84.5 203.5z\"><\/path><\/svg><span class=\"tooltip\">Image to the post titled: VIII Opolskie Targi Ekonomii Spo\u0142ecznej w Grodzisku 22-23.06.2024 r., otworzy si\u0119 w nowym oknie<\/span><\/a><\/figure>\n\n\n\n<figure class=\"wp-block-image size-full\"><a href=\"https:\/\/es.rops-opole.pl\/wp-content\/uploads\/2024\/06\/46.png\" target=\"_blank\" rel=\"noopener\" aria-label=\"Image to the post titled: VIII Opolskie Targi Ekonomii Spo\u0142ecznej w Grodzisku 22-23.06.2024 r., otworzy si\u0119 w nowym oknie\" class=\"attachment-link target-blank use-tooltip\"><img loading=\"lazy\" decoding=\"async\" width=\"2000\" height=\"1444\" data-id=\"832\" src=\"https:\/\/es.rops-opole.pl\/wp-content\/uploads\/2024\/06\/46.png\" alt=\"\" class=\"wp-image-832\" srcset=\"https:\/\/es.rops-opole.pl\/wp-content\/uploads\/2024\/06\/46.png 2000w, https:\/\/es.rops-opole.pl\/wp-content\/uploads\/2024\/06\/46-1536x1109.png 1536w, https:\/\/es.rops-opole.pl\/wp-content\/uploads\/2024\/06\/46-820x592.png 820w, https:\/\/es.rops-opole.pl\/wp-content\/uploads\/2024\/06\/46-247x178.png 247w\" sizes=\"auto, (max-width: 2000px) 100vw, 2000px\"><svg aria-hidden=\"true\" class=\"icon-new-window\" viewbox=\"0 0 1792 1792\"><path d=\"M1408 960v-128q0-26-19-45t-45-19h-320v-320q0-26-19-45t-45-19h-128q-26 0-45 19t-19 45v320h-320q-26 0-45 19t-19 45v128q0 26 19 45t45 19h320v320q0 26 19 45t45 19h128q26 0 45-19t19-45v-320h320q26 0 45-19t19-45zm256-544v960q0 119-84.5 203.5t-203.5 84.5h-960q-119 0-203.5-84.5t-84.5-203.5v-960q0-119 84.5-203.5t203.5-84.5h960q119 0 203.5 84.5t84.5 203.5z\"><\/path><\/svg><span class=\"tooltip\">Image to the post titled: VIII Opolskie Targi Ekonomii Spo\u0142ecznej w Grodzisku 22-23.06.2024 r., otworzy si\u0119 w nowym oknie<\/span><\/a><\/figure>\n\n\n\n<figure class=\"wp-block-image size-full\"><a href=\"https:\/\/es.rops-opole.pl\/wp-content\/uploads\/2024\/06\/45.png\" target=\"_blank\" rel=\"noopener\" aria-label=\"Image to the post titled: VIII Opolskie Targi Ekonomii Spo\u0142ecznej w Grodzisku 22-23.06.2024 r., otworzy si\u0119 w nowym oknie\" class=\"attachment-link target-blank use-tooltip\"><img loading=\"lazy\" decoding=\"async\" width=\"2000\" height=\"1444\" data-id=\"831\" src=\"https:\/\/es.rops-opole.pl\/wp-content\/uploads\/2024\/06\/45.png\" alt=\"\" class=\"wp-image-831\" srcset=\"https:\/\/es.rops-opole.pl\/wp-content\/uploads\/2024\/06\/45.png 2000w, https:\/\/es.rops-opole.pl\/wp-content\/uploads\/2024\/06\/45-1536x1109.png 1536w, https:\/\/es.rops-opole.pl\/wp-content\/uploads\/2024\/06\/45-820x592.png 820w, https:\/\/es.rops-opole.pl\/wp-content\/uploads\/2024\/06\/45-247x178.png 247w\" sizes=\"auto, (max-width: 2000px) 100vw, 2000px\"><svg aria-hidden=\"true\" class=\"icon-new-window\" viewbox=\"0 0 1792 1792\"><path d=\"M1408 960v-128q0-26-19-45t-45-19h-320v-320q0-26-19-45t-45-19h-128q-26 0-45 19t-19 45v320h-320q-26 0-45 19t-19 45v128q0 26 19 45t45 19h320v320q0 26 19 45t45 19h128q26 0 45-19t19-45v-320h320q26 0 45-19t19-45zm256-544v960q0 119-84.5 203.5t-203.5 84.5h-960q-119 0-203.5-84.5t-84.5-203.5v-960q0-119 84.5-203.5t203.5-84.5h960q119 0 203.5 84.5t84.5 203.5z\"><\/path><\/svg><span class=\"tooltip\">Image to the post titled: VIII Opolskie Targi Ekonomii Spo\u0142ecznej w Grodzisku 22-23.06.2024 r., otworzy si\u0119 w nowym oknie<\/span><\/a><\/figure>\n\n\n\n<figure class=\"wp-block-image size-full\"><a href=\"https:\/\/es.rops-opole.pl\/wp-content\/uploads\/2024\/06\/80.png\" target=\"_blank\" rel=\"noopener\" aria-label=\"Image to the post titled: VIII Opolskie Targi Ekonomii Spo\u0142ecznej w Grodzisku 22-23.06.2024 r., otworzy si\u0119 w nowym oknie\" class=\"attachment-link target-blank use-tooltip\"><img loading=\"lazy\" decoding=\"async\" width=\"2000\" height=\"1444\" data-id=\"828\" src=\"https:\/\/es.rops-opole.pl\/wp-content\/uploads\/2024\/06\/80.png\" alt=\"\" class=\"wp-image-828\" srcset=\"https:\/\/es.rops-opole.pl\/wp-content\/uploads\/2024\/06\/80.png 2000w, https:\/\/es.rops-opole.pl\/wp-content\/uploads\/2024\/06\/80-1536x1109.png 1536w, https:\/\/es.rops-opole.pl\/wp-content\/uploads\/2024\/06\/80-820x592.png 820w, https:\/\/es.rops-opole.pl\/wp-content\/uploads\/2024\/06\/80-247x178.png 247w\" sizes=\"auto, (max-width: 2000px) 100vw, 2000px\"><svg aria-hidden=\"true\" class=\"icon-new-window\" viewbox=\"0 0 1792 1792\"><path d=\"M1408 960v-128q0-26-19-45t-45-19h-320v-320q0-26-19-45t-45-19h-128q-26 0-45 19t-19 45v320h-320q-26 0-45 19t-19 45v128q0 26 19 45t45 19h320v320q0 26 19 45t45 19h128q26 0 45-19t19-45v-320h320q26 0 45-19t19-45zm256-544v960q0 119-84.5 203.5t-203.5 84.5h-960q-119 0-203.5-84.5t-84.5-203.5v-960q0-119 84.5-203.5t203.5-84.5h960q119 0 203.5 84.5t84.5 203.5z\"><\/path><\/svg><span class=\"tooltip\">Image to the post titled: VIII Opolskie Targi Ekonomii Spo\u0142ecznej w Grodzisku 22-23.06.2024 r., otworzy si\u0119 w nowym oknie<\/span><\/a><\/figure>\n\n\n\n<figure class=\"wp-block-image size-full\"><a href=\"https:\/\/es.rops-opole.pl\/wp-content\/uploads\/2024\/06\/79.png\" target=\"_blank\" rel=\"noopener\" aria-label=\"Image to the post titled: VIII Opolskie Targi Ekonomii Spo\u0142ecznej w Grodzisku 22-23.06.2024 r., otworzy si\u0119 w nowym oknie\" class=\"attachment-link target-blank use-tooltip\"><img loading=\"lazy\" decoding=\"async\" width=\"2000\" height=\"1444\" data-id=\"827\" src=\"https:\/\/es.rops-opole.pl\/wp-content\/uploads\/2024\/06\/79.png\" alt=\"\" class=\"wp-image-827\" srcset=\"https:\/\/es.rops-opole.pl\/wp-content\/uploads\/2024\/06\/79.png 2000w, https:\/\/es.rops-opole.pl\/wp-content\/uploads\/2024\/06\/79-1536x1109.png 1536w, https:\/\/es.rops-opole.pl\/wp-content\/uploads\/2024\/06\/79-820x592.png 820w, https:\/\/es.rops-opole.pl\/wp-content\/uploads\/2024\/06\/79-247x178.png 247w\" sizes=\"auto, (max-width: 2000px) 100vw, 2000px\"><svg aria-hidden=\"true\" class=\"icon-new-window\" viewbox=\"0 0 1792 1792\"><path d=\"M1408 960v-128q0-26-19-45t-45-19h-320v-320q0-26-19-45t-45-19h-128q-26 0-45 19t-19 45v320h-320q-26 0-45 19t-19 45v128q0 26 19 45t45 19h320v320q0 26 19 45t45 19h128q26 0 45-19t19-45v-320h320q26 0 45-19t19-45zm256-544v960q0 119-84.5 203.5t-203.5 84.5h-960q-119 0-203.5-84.5t-84.5-203.5v-960q0-119 84.5-203.5t203.5-84.5h960q119 0 203.5 84.5t84.5 203.5z\"><\/path><\/svg><span class=\"tooltip\">Image to the post titled: VIII Opolskie Targi Ekonomii Spo\u0142ecznej w Grodzisku 22-23.06.2024 r., otworzy si\u0119 w nowym oknie<\/span><\/a><\/figure>\n\n\n\n<figure class=\"wp-block-image size-full\"><a href=\"https:\/\/es.rops-opole.pl\/wp-content\/uploads\/2024\/06\/78.png\" target=\"_blank\" rel=\"noopener\" aria-label=\"Image to the post titled: VIII Opolskie Targi Ekonomii Spo\u0142ecznej w Grodzisku 22-23.06.2024 r., otworzy si\u0119 w nowym oknie\" class=\"attachment-link target-blank use-tooltip\"><img loading=\"lazy\" decoding=\"async\" width=\"2000\" height=\"1444\" data-id=\"826\" src=\"https:\/\/es.rops-opole.pl\/wp-content\/uploads\/2024\/06\/78.png\" alt=\"\" class=\"wp-image-826\" srcset=\"https:\/\/es.rops-opole.pl\/wp-content\/uploads\/2024\/06\/78.png 2000w, https:\/\/es.rops-opole.pl\/wp-content\/uploads\/2024\/06\/78-1536x1109.png 1536w, https:\/\/es.rops-opole.pl\/wp-content\/uploads\/2024\/06\/78-820x592.png 820w, https:\/\/es.rops-opole.pl\/wp-content\/uploads\/2024\/06\/78-247x178.png 247w\" sizes=\"auto, (max-width: 2000px) 100vw, 2000px\"><svg aria-hidden=\"true\" class=\"icon-new-window\" viewbox=\"0 0 1792 1792\"><path d=\"M1408 960v-128q0-26-19-45t-45-19h-320v-320q0-26-19-45t-45-19h-128q-26 0-45 19t-19 45v320h-320q-26 0-45 19t-19 45v128q0 26 19 45t45 19h320v320q0 26 19 45t45 19h128q26 0 45-19t19-45v-320h320q26 0 45-19t19-45zm256-544v960q0 119-84.5 203.5t-203.5 84.5h-960q-119 0-203.5-84.5t-84.5-203.5v-960q0-119 84.5-203.5t203.5-84.5h960q119 0 203.5 84.5t84.5 203.5z\"><\/path><\/svg><span class=\"tooltip\">Image to the post titled: VIII Opolskie Targi Ekonomii Spo\u0142ecznej w Grodzisku 22-23.06.2024 r., otworzy si\u0119 w nowym oknie<\/span><\/a><\/figure>\n\n\n\n<figure class=\"wp-block-image size-full\"><a href=\"https:\/\/es.rops-opole.pl\/wp-content\/uploads\/2024\/06\/77-1.png\" target=\"_blank\" rel=\"noopener\" aria-label=\"Image to the post titled: VIII Opolskie Targi Ekonomii Spo\u0142ecznej w Grodzisku 22-23.06.2024 r., otworzy si\u0119 w nowym oknie\" class=\"attachment-link target-blank use-tooltip\"><img loading=\"lazy\" decoding=\"async\" width=\"2000\" height=\"1444\" data-id=\"825\" src=\"https:\/\/es.rops-opole.pl\/wp-content\/uploads\/2024\/06\/77-1.png\" alt=\"\" class=\"wp-image-825\" srcset=\"https:\/\/es.rops-opole.pl\/wp-content\/uploads\/2024\/06\/77-1.png 2000w, https:\/\/es.rops-opole.pl\/wp-content\/uploads\/2024\/06\/77-1-1536x1109.png 1536w, https:\/\/es.rops-opole.pl\/wp-content\/uploads\/2024\/06\/77-1-820x592.png 820w, https:\/\/es.rops-opole.pl\/wp-content\/uploads\/2024\/06\/77-1-247x178.png 247w\" sizes=\"auto, (max-width: 2000px) 100vw, 2000px\"><svg aria-hidden=\"true\" class=\"icon-new-window\" viewbox=\"0 0 1792 1792\"><path d=\"M1408 960v-128q0-26-19-45t-45-19h-320v-320q0-26-19-45t-45-19h-128q-26 0-45 19t-19 45v320h-320q-26 0-45 19t-19 45v128q0 26 19 45t45 19h320v320q0 26 19 45t45 19h128q26 0 45-19t19-45v-320h320q26 0 45-19t19-45zm256-544v960q0 119-84.5 203.5t-203.5 84.5h-960q-119 0-203.5-84.5t-84.5-203.5v-960q0-119 84.5-203.5t203.5-84.5h960q119 0 203.5 84.5t84.5 203.5z\"><\/path><\/svg><span class=\"tooltip\">Image to the post titled: VIII Opolskie Targi Ekonomii Spo\u0142ecznej w Grodzisku 22-23.06.2024 r., otworzy si\u0119 w nowym oknie<\/span><\/a><\/figure>\n\n\n\n<figure class=\"wp-block-image size-full\"><a href=\"https:\/\/es.rops-opole.pl\/wp-content\/uploads\/2024\/06\/76.png\" target=\"_blank\" rel=\"noopener\" aria-label=\"Image to the post titled: VIII Opolskie Targi Ekonomii Spo\u0142ecznej w Grodzisku 22-23.06.2024 r., otworzy si\u0119 w nowym oknie\" class=\"attachment-link target-blank use-tooltip\"><img loading=\"lazy\" decoding=\"async\" width=\"2000\" height=\"1444\" data-id=\"824\" src=\"https:\/\/es.rops-opole.pl\/wp-content\/uploads\/2024\/06\/76.png\" alt=\"\" class=\"wp-image-824\" srcset=\"https:\/\/es.rops-opole.pl\/wp-content\/uploads\/2024\/06\/76.png 2000w, https:\/\/es.rops-opole.pl\/wp-content\/uploads\/2024\/06\/76-1536x1109.png 1536w, https:\/\/es.rops-opole.pl\/wp-content\/uploads\/2024\/06\/76-820x592.png 820w, https:\/\/es.rops-opole.pl\/wp-content\/uploads\/2024\/06\/76-247x178.png 247w\" sizes=\"auto, (max-width: 2000px) 100vw, 2000px\"><svg aria-hidden=\"true\" class=\"icon-new-window\" viewbox=\"0 0 1792 1792\"><path d=\"M1408 960v-128q0-26-19-45t-45-19h-320v-320q0-26-19-45t-45-19h-128q-26 0-45 19t-19 45v320h-320q-26 0-45 19t-19 45v128q0 26 19 45t45 19h320v320q0 26 19 45t45 19h128q26 0 45-19t19-45v-320h320q26 0 45-19t19-45zm256-544v960q0 119-84.5 203.5t-203.5 84.5h-960q-119 0-203.5-84.5t-84.5-203.5v-960q0-119 84.5-203.5t203.5-84.5h960q119 0 203.5 84.5t84.5 203.5z\"><\/path><\/svg><span class=\"tooltip\">Image to the post titled: VIII Opolskie Targi Ekonomii Spo\u0142ecznej w Grodzisku 22-23.06.2024 r., otworzy si\u0119 w nowym oknie<\/span><\/a><\/figure>\n\n\n\n<figure class=\"wp-block-image size-full\"><a href=\"https:\/\/es.rops-opole.pl\/wp-content\/uploads\/2024\/06\/75.png\" target=\"_blank\" rel=\"noopener\" aria-label=\"Image to the post titled: VIII Opolskie Targi Ekonomii Spo\u0142ecznej w Grodzisku 22-23.06.2024 r., otworzy si\u0119 w nowym oknie\" class=\"attachment-link target-blank use-tooltip\"><img loading=\"lazy\" decoding=\"async\" width=\"2000\" height=\"1444\" data-id=\"823\" src=\"https:\/\/es.rops-opole.pl\/wp-content\/uploads\/2024\/06\/75.png\" alt=\"\" class=\"wp-image-823\" srcset=\"https:\/\/es.rops-opole.pl\/wp-content\/uploads\/2024\/06\/75.png 2000w, https:\/\/es.rops-opole.pl\/wp-content\/uploads\/2024\/06\/75-1536x1109.png 1536w, https:\/\/es.rops-opole.pl\/wp-content\/uploads\/2024\/06\/75-820x592.png 820w, https:\/\/es.rops-opole.pl\/wp-content\/uploads\/2024\/06\/75-247x178.png 247w\" sizes=\"auto, (max-width: 2000px) 100vw, 2000px\"><svg aria-hidden=\"true\" class=\"icon-new-window\" viewbox=\"0 0 1792 1792\"><path d=\"M1408 960v-128q0-26-19-45t-45-19h-320v-320q0-26-19-45t-45-19h-128q-26 0-45 19t-19 45v320h-320q-26 0-45 19t-19 45v128q0 26 19 45t45 19h320v320q0 26 19 45t45 19h128q26 0 45-19t19-45v-320h320q26 0 45-19t19-45zm256-544v960q0 119-84.5 203.5t-203.5 84.5h-960q-119 0-203.5-84.5t-84.5-203.5v-960q0-119 84.5-203.5t203.5-84.5h960q119 0 203.5 84.5t84.5 203.5z\"><\/path><\/svg><span class=\"tooltip\">Image to the post titled: VIII Opolskie Targi Ekonomii Spo\u0142ecznej w Grodzisku 22-23.06.2024 r., otworzy si\u0119 w nowym oknie<\/span><\/a><\/figure>\n\n\n\n<figure class=\"wp-block-image size-full\"><a href=\"https:\/\/es.rops-opole.pl\/wp-content\/uploads\/2024\/06\/74.png\" target=\"_blank\" rel=\"noopener\" aria-label=\"Image to the post titled: VIII Opolskie Targi Ekonomii Spo\u0142ecznej w Grodzisku 22-23.06.2024 r., otworzy si\u0119 w nowym oknie\" class=\"attachment-link target-blank use-tooltip\"><img loading=\"lazy\" decoding=\"async\" width=\"2000\" height=\"1444\" data-id=\"822\" src=\"https:\/\/es.rops-opole.pl\/wp-content\/uploads\/2024\/06\/74.png\" alt=\"\" class=\"wp-image-822\" srcset=\"https:\/\/es.rops-opole.pl\/wp-content\/uploads\/2024\/06\/74.png 2000w, https:\/\/es.rops-opole.pl\/wp-content\/uploads\/2024\/06\/74-1536x1109.png 1536w, https:\/\/es.rops-opole.pl\/wp-content\/uploads\/2024\/06\/74-820x592.png 820w, https:\/\/es.rops-opole.pl\/wp-content\/uploads\/2024\/06\/74-247x178.png 247w\" sizes=\"auto, (max-width: 2000px) 100vw, 2000px\"><svg aria-hidden=\"true\" class=\"icon-new-window\" viewbox=\"0 0 1792 1792\"><path d=\"M1408 960v-128q0-26-19-45t-45-19h-320v-320q0-26-19-45t-45-19h-128q-26 0-45 19t-19 45v320h-320q-26 0-45 19t-19 45v128q0 26 19 45t45 19h320v320q0 26 19 45t45 19h128q26 0 45-19t19-45v-320h320q26 0 45-19t19-45zm256-544v960q0 119-84.5 203.5t-203.5 84.5h-960q-119 0-203.5-84.5t-84.5-203.5v-960q0-119 84.5-203.5t203.5-84.5h960q119 0 203.5 84.5t84.5 203.5z\"><\/path><\/svg><span class=\"tooltip\">Image to the post titled: VIII Opolskie Targi Ekonomii Spo\u0142ecznej w Grodzisku 22-23.06.2024 r., otworzy si\u0119 w nowym oknie<\/span><\/a><\/figure>\n\n\n\n<figure class=\"wp-block-image size-full\"><a href=\"https:\/\/es.rops-opole.pl\/wp-content\/uploads\/2024\/06\/73.png\" target=\"_blank\" rel=\"noopener\" aria-label=\"Image to the post titled: VIII Opolskie Targi Ekonomii Spo\u0142ecznej w Grodzisku 22-23.06.2024 r., otworzy si\u0119 w nowym oknie\" class=\"attachment-link target-blank use-tooltip\"><img loading=\"lazy\" decoding=\"async\" width=\"2000\" height=\"1444\" data-id=\"821\" src=\"https:\/\/es.rops-opole.pl\/wp-content\/uploads\/2024\/06\/73.png\" alt=\"\" class=\"wp-image-821\" srcset=\"https:\/\/es.rops-opole.pl\/wp-content\/uploads\/2024\/06\/73.png 2000w, https:\/\/es.rops-opole.pl\/wp-content\/uploads\/2024\/06\/73-1536x1109.png 1536w, https:\/\/es.rops-opole.pl\/wp-content\/uploads\/2024\/06\/73-820x592.png 820w, https:\/\/es.rops-opole.pl\/wp-content\/uploads\/2024\/06\/73-247x178.png 247w\" sizes=\"auto, (max-width: 2000px) 100vw, 2000px\"><svg aria-hidden=\"true\" class=\"icon-new-window\" viewbox=\"0 0 1792 1792\"><path d=\"M1408 960v-128q0-26-19-45t-45-19h-320v-320q0-26-19-45t-45-19h-128q-26 0-45 19t-19 45v320h-320q-26 0-45 19t-19 45v128q0 26 19 45t45 19h320v320q0 26 19 45t45 19h128q26 0 45-19t19-45v-320h320q26 0 45-19t19-45zm256-544v960q0 119-84.5 203.5t-203.5 84.5h-960q-119 0-203.5-84.5t-84.5-203.5v-960q0-119 84.5-203.5t203.5-84.5h960q119 0 203.5 84.5t84.5 203.5z\"><\/path><\/svg><span class=\"tooltip\">Image to the post titled: VIII Opolskie Targi Ekonomii Spo\u0142ecznej w Grodzisku 22-23.06.2024 r., otworzy si\u0119 w nowym oknie<\/span><\/a><\/figure>\n\n\n\n<figure class=\"wp-block-image size-full\"><a href=\"https:\/\/es.rops-opole.pl\/wp-content\/uploads\/2024\/06\/72.png\" target=\"_blank\" rel=\"noopener\" aria-label=\"Image to the post titled: VIII Opolskie Targi Ekonomii Spo\u0142ecznej w Grodzisku 22-23.06.2024 r., otworzy si\u0119 w nowym oknie\" class=\"attachment-link target-blank use-tooltip\"><img loading=\"lazy\" decoding=\"async\" width=\"2000\" height=\"1444\" data-id=\"820\" src=\"https:\/\/es.rops-opole.pl\/wp-content\/uploads\/2024\/06\/72.png\" alt=\"\" class=\"wp-image-820\" srcset=\"https:\/\/es.rops-opole.pl\/wp-content\/uploads\/2024\/06\/72.png 2000w, https:\/\/es.rops-opole.pl\/wp-content\/uploads\/2024\/06\/72-1536x1109.png 1536w, https:\/\/es.rops-opole.pl\/wp-content\/uploads\/2024\/06\/72-820x592.png 820w, https:\/\/es.rops-opole.pl\/wp-content\/uploads\/2024\/06\/72-247x178.png 247w\" sizes=\"auto, (max-width: 2000px) 100vw, 2000px\"><svg aria-hidden=\"true\" class=\"icon-new-window\" viewbox=\"0 0 1792 1792\"><path d=\"M1408 960v-128q0-26-19-45t-45-19h-320v-320q0-26-19-45t-45-19h-128q-26 0-45 19t-19 45v320h-320q-26 0-45 19t-19 45v128q0 26 19 45t45 19h320v320q0 26 19 45t45 19h128q26 0 45-19t19-45v-320h320q26 0 45-19t19-45zm256-544v960q0 119-84.5 203.5t-203.5 84.5h-960q-119 0-203.5-84.5t-84.5-203.5v-960q0-119 84.5-203.5t203.5-84.5h960q119 0 203.5 84.5t84.5 203.5z\"><\/path><\/svg><span class=\"tooltip\">Image to the post titled: VIII Opolskie Targi Ekonomii Spo\u0142ecznej w Grodzisku 22-23.06.2024 r., otworzy si\u0119 w nowym oknie<\/span><\/a><\/figure>\n\n\n\n<figure class=\"wp-block-image size-full\"><a href=\"https:\/\/es.rops-opole.pl\/wp-content\/uploads\/2024\/06\/71.png\" target=\"_blank\" rel=\"noopener\" aria-label=\"Image to the post titled: VIII Opolskie Targi Ekonomii Spo\u0142ecznej w Grodzisku 22-23.06.2024 r., otworzy si\u0119 w nowym oknie\" class=\"attachment-link target-blank use-tooltip\"><img loading=\"lazy\" decoding=\"async\" width=\"2000\" height=\"1444\" data-id=\"819\" src=\"https:\/\/es.rops-opole.pl\/wp-content\/uploads\/2024\/06\/71.png\" alt=\"\" class=\"wp-image-819\"><svg aria-hidden=\"true\" class=\"icon-new-window\" viewbox=\"0 0 1792 1792\"><path d=\"M1408 960v-128q0-26-19-45t-45-19h-320v-320q0-26-19-45t-45-19h-128q-26 0-45 19t-19 45v320h-320q-26 0-45 19t-19 45v128q0 26 19 45t45 19h320v320q0 26 19 45t45 19h128q26 0 45-19t19-45v-320h320q26 0 45-19t19-45zm256-544v960q0 119-84.5 203.5t-203.5 84.5h-960q-119 0-203.5-84.5t-84.5-203.5v-960q0-119 84.5-203.5t203.5-84.5h960q119 0 203.5 84.5t84.5 203.5z\"><\/path><\/svg><span class=\"tooltip\">Image to the post titled: VIII Opolskie Targi Ekonomii Spo\u0142ecznej w Grodzisku 22-23.06.2024 r., otworzy si\u0119 w nowym oknie<\/span><\/a><\/figure>\n\n\n\n<figure class=\"wp-block-image size-full\"><a href=\"https:\/\/es.rops-opole.pl\/wp-content\/uploads\/2024\/06\/70.png\" target=\"_blank\" rel=\"noopener\" aria-label=\"Image to the post titled: VIII Opolskie Targi Ekonomii Spo\u0142ecznej w Grodzisku 22-23.06.2024 r., otworzy si\u0119 w nowym oknie\" class=\"attachment-link target-blank use-tooltip\"><img loading=\"lazy\" decoding=\"async\" width=\"2000\" height=\"1444\" data-id=\"818\" src=\"https:\/\/es.rops-opole.pl\/wp-content\/uploads\/2024\/06\/70.png\" alt=\"\" class=\"wp-image-818\" srcset=\"https:\/\/es.rops-opole.pl\/wp-content\/uploads\/2024\/06\/70.png 2000w, https:\/\/es.rops-opole.pl\/wp-content\/uploads\/2024\/06\/70-1536x1109.png 1536w, https:\/\/es.rops-opole.pl\/wp-content\/uploads\/2024\/06\/70-820x592.png 820w, https:\/\/es.rops-opole.pl\/wp-content\/uploads\/2024\/06\/70-247x178.png 247w\" sizes=\"auto, (max-width: 2000px) 100vw, 2000px\"><svg aria-hidden=\"true\" class=\"icon-new-window\" viewbox=\"0 0 1792 1792\"><path d=\"M1408 960v-128q0-26-19-45t-45-19h-320v-320q0-26-19-45t-45-19h-128q-26 0-45 19t-19 45v320h-320q-26 0-45 19t-19 45v128q0 26 19 45t45 19h320v320q0 26 19 45t45 19h128q26 0 45-19t19-45v-320h320q26 0 45-19t19-45zm256-544v960q0 119-84.5 203.5t-203.5 84.5h-960q-119 0-203.5-84.5t-84.5-203.5v-960q0-119 84.5-203.5t203.5-84.5h960q119 0 203.5 84.5t84.5 203.5z\"><\/path><\/svg><span class=\"tooltip\">Image to the post titled: VIII Opolskie Targi Ekonomii Spo\u0142ecznej w Grodzisku 22-23.06.2024 r., otworzy si\u0119 w nowym oknie<\/span><\/a><\/figure>\n\n\n\n<figure class=\"wp-block-image size-full\"><a href=\"https:\/\/es.rops-opole.pl\/wp-content\/uploads\/2024\/06\/69.png\" target=\"_blank\" rel=\"noopener\" aria-label=\"Image to the post titled: VIII Opolskie Targi Ekonomii Spo\u0142ecznej w Grodzisku 22-23.06.2024 r., otworzy si\u0119 w nowym oknie\" class=\"attachment-link target-blank use-tooltip\"><img loading=\"lazy\" decoding=\"async\" width=\"2000\" height=\"1444\" data-id=\"817\" src=\"https:\/\/es.rops-opole.pl\/wp-content\/uploads\/2024\/06\/69.png\" alt=\"\" class=\"wp-image-817\" srcset=\"https:\/\/es.rops-opole.pl\/wp-content\/uploads\/2024\/06\/69.png 2000w, https:\/\/es.rops-opole.pl\/wp-content\/uploads\/2024\/06\/69-1536x1109.png 1536w, https:\/\/es.rops-opole.pl\/wp-content\/uploads\/2024\/06\/69-820x592.png 820w, https:\/\/es.rops-opole.pl\/wp-content\/uploads\/2024\/06\/69-247x178.png 247w\" sizes=\"auto, (max-width: 2000px) 100vw, 2000px\"><svg aria-hidden=\"true\" class=\"icon-new-window\" viewbox=\"0 0 1792 1792\"><path d=\"M1408 960v-128q0-26-19-45t-45-19h-320v-320q0-26-19-45t-45-19h-128q-26 0-45 19t-19 45v320h-320q-26 0-45 19t-19 45v128q0 26 19 45t45 19h320v320q0 26 19 45t45 19h128q26 0 45-19t19-45v-320h320q26 0 45-19t19-45zm256-544v960q0 119-84.5 203.5t-203.5 84.5h-960q-119 0-203.5-84.5t-84.5-203.5v-960q0-119 84.5-203.5t203.5-84.5h960q119 0 203.5 84.5t84.5 203.5z\"><\/path><\/svg><span class=\"tooltip\">Image to the post titled: VIII Opolskie Targi Ekonomii Spo\u0142ecznej w Grodzisku 22-23.06.2024 r., otworzy si\u0119 w nowym oknie<\/span><\/a><\/figure>\n\n\n\n<figure class=\"wp-block-image size-full\"><a href=\"https:\/\/es.rops-opole.pl\/wp-content\/uploads\/2024\/06\/68.png\" target=\"_blank\" rel=\"noopener\" aria-label=\"Image to the post titled: VIII Opolskie Targi Ekonomii Spo\u0142ecznej w Grodzisku 22-23.06.2024 r., otworzy si\u0119 w nowym oknie\" class=\"attachment-link target-blank use-tooltip\"><img loading=\"lazy\" decoding=\"async\" width=\"2000\" height=\"1444\" data-id=\"816\" src=\"https:\/\/es.rops-opole.pl\/wp-content\/uploads\/2024\/06\/68.png\" alt=\"\" class=\"wp-image-816\" srcset=\"https:\/\/es.rops-opole.pl\/wp-content\/uploads\/2024\/06\/68.png 2000w, https:\/\/es.rops-opole.pl\/wp-content\/uploads\/2024\/06\/68-1536x1109.png 1536w, https:\/\/es.rops-opole.pl\/wp-content\/uploads\/2024\/06\/68-820x592.png 820w, https:\/\/es.rops-opole.pl\/wp-content\/uploads\/2024\/06\/68-247x178.png 247w\" sizes=\"auto, (max-width: 2000px) 100vw, 2000px\"><svg aria-hidden=\"true\" class=\"icon-new-window\" viewbox=\"0 0 1792 1792\"><path d=\"M1408 960v-128q0-26-19-45t-45-19h-320v-320q0-26-19-45t-45-19h-128q-26 0-45 19t-19 45v320h-320q-26 0-45 19t-19 45v128q0 26 19 45t45 19h320v320q0 26 19 45t45 19h128q26 0 45-19t19-45v-320h320q26 0 45-19t19-45zm256-544v960q0 119-84.5 203.5t-203.5 84.5h-960q-119 0-203.5-84.5t-84.5-203.5v-960q0-119 84.5-203.5t203.5-84.5h960q119 0 203.5 84.5t84.5 203.5z\"><\/path><\/svg><span class=\"tooltip\">Image to the post titled: VIII Opolskie Targi Ekonomii Spo\u0142ecznej w Grodzisku 22-23.06.2024 r., otworzy si\u0119 w nowym oknie<\/span><\/a><\/figure>\n\n\n\n<figure class=\"wp-block-image size-full\"><a href=\"https:\/\/es.rops-opole.pl\/wp-content\/uploads\/2024\/06\/67.png\" target=\"_blank\" rel=\"noopener\" aria-label=\"Image to the post titled: VIII Opolskie Targi Ekonomii Spo\u0142ecznej w Grodzisku 22-23.06.2024 r., otworzy si\u0119 w nowym oknie\" class=\"attachment-link target-blank use-tooltip\"><img loading=\"lazy\" decoding=\"async\" width=\"2000\" height=\"1444\" data-id=\"815\" src=\"https:\/\/es.rops-opole.pl\/wp-content\/uploads\/2024\/06\/67.png\" alt=\"\" class=\"wp-image-815\" srcset=\"https:\/\/es.rops-opole.pl\/wp-content\/uploads\/2024\/06\/67.png 2000w, https:\/\/es.rops-opole.pl\/wp-content\/uploads\/2024\/06\/67-1536x1109.png 1536w, https:\/\/es.rops-opole.pl\/wp-content\/uploads\/2024\/06\/67-820x592.png 820w, https:\/\/es.rops-opole.pl\/wp-content\/uploads\/2024\/06\/67-247x178.png 247w\" sizes=\"auto, (max-width: 2000px) 100vw, 2000px\"><svg aria-hidden=\"true\" class=\"icon-new-window\" viewbox=\"0 0 1792 1792\"><path d=\"M1408 960v-128q0-26-19-45t-45-19h-320v-320q0-26-19-45t-45-19h-128q-26 0-45 19t-19 45v320h-320q-26 0-45 19t-19 45v128q0 26 19 45t45 19h320v320q0 26 19 45t45 19h128q26 0 45-19t19-45v-320h320q26 0 45-19t19-45zm256-544v960q0 119-84.5 203.5t-203.5 84.5h-960q-119 0-203.5-84.5t-84.5-203.5v-960q0-119 84.5-203.5t203.5-84.5h960q119 0 203.5 84.5t84.5 203.5z\"><\/path><\/svg><span class=\"tooltip\">Image to the post titled: VIII Opolskie Targi Ekonomii Spo\u0142ecznej w Grodzisku 22-23.06.2024 r., otworzy si\u0119 w nowym oknie<\/span><\/a><\/figure>\n\n\n\n<figure class=\"wp-block-image size-full\"><a href=\"https:\/\/es.rops-opole.pl\/wp-content\/uploads\/2024\/06\/66.png\" target=\"_blank\" rel=\"noopener\" aria-label=\"Image to the post titled: VIII Opolskie Targi Ekonomii Spo\u0142ecznej w Grodzisku 22-23.06.2024 r., otworzy si\u0119 w nowym oknie\" class=\"attachment-link target-blank use-tooltip\"><img loading=\"lazy\" decoding=\"async\" width=\"2000\" height=\"1444\" data-id=\"814\" src=\"https:\/\/es.rops-opole.pl\/wp-content\/uploads\/2024\/06\/66.png\" alt=\"\" class=\"wp-image-814\" srcset=\"https:\/\/es.rops-opole.pl\/wp-content\/uploads\/2024\/06\/66.png 2000w, https:\/\/es.rops-opole.pl\/wp-content\/uploads\/2024\/06\/66-1536x1109.png 1536w, https:\/\/es.rops-opole.pl\/wp-content\/uploads\/2024\/06\/66-820x592.png 820w, https:\/\/es.rops-opole.pl\/wp-content\/uploads\/2024\/06\/66-247x178.png 247w\" sizes=\"auto, (max-width: 2000px) 100vw, 2000px\"><svg aria-hidden=\"true\" class=\"icon-new-window\" viewbox=\"0 0 1792 1792\"><path d=\"M1408 960v-128q0-26-19-45t-45-19h-320v-320q0-26-19-45t-45-19h-128q-26 0-45 19t-19 45v320h-320q-26 0-45 19t-19 45v128q0 26 19 45t45 19h320v320q0 26 19 45t45 19h128q26 0 45-19t19-45v-320h320q26 0 45-19t19-45zm256-544v960q0 119-84.5 203.5t-203.5 84.5h-960q-119 0-203.5-84.5t-84.5-203.5v-960q0-119 84.5-203.5t203.5-84.5h960q119 0 203.5 84.5t84.5 203.5z\"><\/path><\/svg><span class=\"tooltip\">Image to the post titled: VIII Opolskie Targi Ekonomii Spo\u0142ecznej w Grodzisku 22-23.06.2024 r., otworzy si\u0119 w nowym oknie<\/span><\/a><\/figure>\n\n\n\n<figure class=\"wp-block-image size-full\"><a href=\"https:\/\/es.rops-opole.pl\/wp-content\/uploads\/2024\/06\/102.png\" target=\"_blank\" rel=\"noopener\" aria-label=\"Image to the post titled: VIII Opolskie Targi Ekonomii Spo\u0142ecznej w Grodzisku 22-23.06.2024 r., otworzy si\u0119 w nowym oknie\" class=\"attachment-link target-blank use-tooltip\"><img loading=\"lazy\" decoding=\"async\" width=\"2000\" height=\"1444\" data-id=\"812\" src=\"https:\/\/es.rops-opole.pl\/wp-content\/uploads\/2024\/06\/102.png\" alt=\"\" class=\"wp-image-812\" srcset=\"https:\/\/es.rops-opole.pl\/wp-content\/uploads\/2024\/06\/102.png 2000w, https:\/\/es.rops-opole.pl\/wp-content\/uploads\/2024\/06\/102-1536x1109.png 1536w, https:\/\/es.rops-opole.pl\/wp-content\/uploads\/2024\/06\/102-820x592.png 820w, https:\/\/es.rops-opole.pl\/wp-content\/uploads\/2024\/06\/102-247x178.png 247w\" sizes=\"auto, (max-width: 2000px) 100vw, 2000px\"><svg aria-hidden=\"true\" class=\"icon-new-window\" viewbox=\"0 0 1792 1792\"><path d=\"M1408 960v-128q0-26-19-45t-45-19h-320v-320q0-26-19-45t-45-19h-128q-26 0-45 19t-19 45v320h-320q-26 0-45 19t-19 45v128q0 26 19 45t45 19h320v320q0 26 19 45t45 19h128q26 0 45-19t19-45v-320h320q26 0 45-19t19-45zm256-544v960q0 119-84.5 203.5t-203.5 84.5h-960q-119 0-203.5-84.5t-84.5-203.5v-960q0-119 84.5-203.5t203.5-84.5h960q119 0 203.5 84.5t84.5 203.5z\"><\/path><\/svg><span class=\"tooltip\">Image to the post titled: VIII Opolskie Targi Ekonomii Spo\u0142ecznej w Grodzisku 22-23.06.2024 r., otworzy si\u0119 w nowym oknie<\/span><\/a><\/figure>\n\n\n\n<figure class=\"wp-block-image size-full\"><a href=\"https:\/\/es.rops-opole.pl\/wp-content\/uploads\/2024\/06\/101.png\" target=\"_blank\" rel=\"noopener\" aria-label=\"Image to the post titled: VIII Opolskie Targi Ekonomii Spo\u0142ecznej w Grodzisku 22-23.06.2024 r., otworzy si\u0119 w nowym oknie\" class=\"attachment-link target-blank use-tooltip\"><img loading=\"lazy\" decoding=\"async\" width=\"2000\" height=\"1444\" data-id=\"811\" src=\"https:\/\/es.rops-opole.pl\/wp-content\/uploads\/2024\/06\/101.png\" alt=\"\" class=\"wp-image-811\" srcset=\"https:\/\/es.rops-opole.pl\/wp-content\/uploads\/2024\/06\/101.png 2000w, https:\/\/es.rops-opole.pl\/wp-content\/uploads\/2024\/06\/101-1536x1109.png 1536w, https:\/\/es.rops-opole.pl\/wp-content\/uploads\/2024\/06\/101-820x592.png 820w, https:\/\/es.rops-opole.pl\/wp-content\/uploads\/2024\/06\/101-247x178.png 247w\" sizes=\"auto, (max-width: 2000px) 100vw, 2000px\"><svg aria-hidden=\"true\" class=\"icon-new-window\" viewbox=\"0 0 1792 1792\"><path d=\"M1408 960v-128q0-26-19-45t-45-19h-320v-320q0-26-19-45t-45-19h-128q-26 0-45 19t-19 45v320h-320q-26 0-45 19t-19 45v128q0 26 19 45t45 19h320v320q0 26 19 45t45 19h128q26 0 45-19t19-45v-320h320q26 0 45-19t19-45zm256-544v960q0 119-84.5 203.5t-203.5 84.5h-960q-119 0-203.5-84.5t-84.5-203.5v-960q0-119 84.5-203.5t203.5-84.5h960q119 0 203.5 84.5t84.5 203.5z\"><\/path><\/svg><span class=\"tooltip\">Image to the post titled: VIII Opolskie Targi Ekonomii Spo\u0142ecznej w Grodzisku 22-23.06.2024 r., otworzy si\u0119 w nowym oknie<\/span><\/a><\/figure>\n\n\n\n<figure class=\"wp-block-image size-full\"><a href=\"https:\/\/es.rops-opole.pl\/wp-content\/uploads\/2024\/06\/100.png\" target=\"_blank\" rel=\"noopener\" aria-label=\"Image to the post titled: VIII Opolskie Targi Ekonomii Spo\u0142ecznej w Grodzisku 22-23.06.2024 r., otworzy si\u0119 w nowym oknie\" class=\"attachment-link target-blank use-tooltip\"><img loading=\"lazy\" decoding=\"async\" width=\"2000\" height=\"1444\" data-id=\"810\" src=\"https:\/\/es.rops-opole.pl\/wp-content\/uploads\/2024\/06\/100.png\" alt=\"\" class=\"wp-image-810\" srcset=\"https:\/\/es.rops-opole.pl\/wp-content\/uploads\/2024\/06\/100.png 2000w, https:\/\/es.rops-opole.pl\/wp-content\/uploads\/2024\/06\/100-1536x1109.png 1536w, https:\/\/es.rops-opole.pl\/wp-content\/uploads\/2024\/06\/100-820x592.png 820w, https:\/\/es.rops-opole.pl\/wp-content\/uploads\/2024\/06\/100-247x178.png 247w\" sizes=\"auto, (max-width: 2000px) 100vw, 2000px\"><svg aria-hidden=\"true\" class=\"icon-new-window\" viewbox=\"0 0 1792 1792\"><path d=\"M1408 960v-128q0-26-19-45t-45-19h-320v-320q0-26-19-45t-45-19h-128q-26 0-45 19t-19 45v320h-320q-26 0-45 19t-19 45v128q0 26 19 45t45 19h320v320q0 26 19 45t45 19h128q26 0 45-19t19-45v-320h320q26 0 45-19t19-45zm256-544v960q0 119-84.5 203.5t-203.5 84.5h-960q-119 0-203.5-84.5t-84.5-203.5v-960q0-119 84.5-203.5t203.5-84.5h960q119 0 203.5 84.5t84.5 203.5z\"><\/path><\/svg><span class=\"tooltip\">Image to the post titled: VIII Opolskie Targi Ekonomii Spo\u0142ecznej w Grodzisku 22-23.06.2024 r., otworzy si\u0119 w nowym oknie<\/span><\/a><\/figure>\n\n\n\n<figure class=\"wp-block-image size-full\"><a href=\"https:\/\/es.rops-opole.pl\/wp-content\/uploads\/2024\/06\/99.png\" target=\"_blank\" rel=\"noopener\" aria-label=\"Image to the post titled: VIII Opolskie Targi Ekonomii Spo\u0142ecznej w Grodzisku 22-23.06.2024 r., otworzy si\u0119 w nowym oknie\" class=\"attachment-link target-blank use-tooltip\"><img loading=\"lazy\" decoding=\"async\" width=\"2000\" height=\"1444\" data-id=\"809\" src=\"https:\/\/es.rops-opole.pl\/wp-content\/uploads\/2024\/06\/99.png\" alt=\"\" class=\"wp-image-809\" srcset=\"https:\/\/es.rops-opole.pl\/wp-content\/uploads\/2024\/06\/99.png 2000w, https:\/\/es.rops-opole.pl\/wp-content\/uploads\/2024\/06\/99-1536x1109.png 1536w, https:\/\/es.rops-opole.pl\/wp-content\/uploads\/2024\/06\/99-820x592.png 820w, https:\/\/es.rops-opole.pl\/wp-content\/uploads\/2024\/06\/99-247x178.png 247w\" sizes=\"auto, (max-width: 2000px) 100vw, 2000px\"><svg aria-hidden=\"true\" class=\"icon-new-window\" viewbox=\"0 0 1792 1792\"><path d=\"M1408 960v-128q0-26-19-45t-45-19h-320v-320q0-26-19-45t-45-19h-128q-26 0-45 19t-19 45v320h-320q-26 0-45 19t-19 45v128q0 26 19 45t45 19h320v320q0 26 19 45t45 19h128q26 0 45-19t19-45v-320h320q26 0 45-19t19-45zm256-544v960q0 119-84.5 203.5t-203.5 84.5h-960q-119 0-203.5-84.5t-84.5-203.5v-960q0-119 84.5-203.5t203.5-84.5h960q119 0 203.5 84.5t84.5 203.5z\"><\/path><\/svg><span class=\"tooltip\">Image to the post titled: VIII Opolskie Targi Ekonomii Spo\u0142ecznej w Grodzisku 22-23.06.2024 r., otworzy si\u0119 w nowym oknie<\/span><\/a><\/figure>\n\n\n\n<figure class=\"wp-block-image size-full\"><a href=\"https:\/\/es.rops-opole.pl\/wp-content\/uploads\/2024\/06\/98.png\" target=\"_blank\" rel=\"noopener\" aria-label=\"Image to the post titled: VIII Opolskie Targi Ekonomii Spo\u0142ecznej w Grodzisku 22-23.06.2024 r., otworzy si\u0119 w nowym oknie\" class=\"attachment-link target-blank use-tooltip\"><img loading=\"lazy\" decoding=\"async\" width=\"2000\" height=\"1444\" data-id=\"808\" src=\"https:\/\/es.rops-opole.pl\/wp-content\/uploads\/2024\/06\/98.png\" alt=\"\" class=\"wp-image-808\" srcset=\"https:\/\/es.rops-opole.pl\/wp-content\/uploads\/2024\/06\/98.png 2000w, https:\/\/es.rops-opole.pl\/wp-content\/uploads\/2024\/06\/98-1536x1109.png 1536w, https:\/\/es.rops-opole.pl\/wp-content\/uploads\/2024\/06\/98-820x592.png 820w, https:\/\/es.rops-opole.pl\/wp-content\/uploads\/2024\/06\/98-247x178.png 247w\" sizes=\"auto, (max-width: 2000px) 100vw, 2000px\"><svg aria-hidden=\"true\" class=\"icon-new-window\" viewbox=\"0 0 1792 1792\"><path d=\"M1408 960v-128q0-26-19-45t-45-19h-320v-320q0-26-19-45t-45-19h-128q-26 0-45 19t-19 45v320h-320q-26 0-45 19t-19 45v128q0 26 19 45t45 19h320v320q0 26 19 45t45 19h128q26 0 45-19t19-45v-320h320q26 0 45-19t19-45zm256-544v960q0 119-84.5 203.5t-203.5 84.5h-960q-119 0-203.5-84.5t-84.5-203.5v-960q0-119 84.5-203.5t203.5-84.5h960q119 0 203.5 84.5t84.5 203.5z\"><\/path><\/svg><span class=\"tooltip\">Image to the post titled: VIII Opolskie Targi Ekonomii Spo\u0142ecznej w Grodzisku 22-23.06.2024 r., otworzy si\u0119 w nowym oknie<\/span><\/a><\/figure>\n\n\n\n<figure class=\"wp-block-image size-full\"><a href=\"https:\/\/es.rops-opole.pl\/wp-content\/uploads\/2024\/06\/96.png\" target=\"_blank\" rel=\"noopener\" aria-label=\"Image to the post titled: VIII Opolskie Targi Ekonomii Spo\u0142ecznej w Grodzisku 22-23.06.2024 r., otworzy si\u0119 w nowym oknie\" class=\"attachment-link target-blank use-tooltip\"><img loading=\"lazy\" decoding=\"async\" width=\"2000\" height=\"1444\" data-id=\"806\" src=\"https:\/\/es.rops-opole.pl\/wp-content\/uploads\/2024\/06\/96.png\" alt=\"\" class=\"wp-image-806\" srcset=\"https:\/\/es.rops-opole.pl\/wp-content\/uploads\/2024\/06\/96.png 2000w, https:\/\/es.rops-opole.pl\/wp-content\/uploads\/2024\/06\/96-1536x1109.png 1536w, https:\/\/es.rops-opole.pl\/wp-content\/uploads\/2024\/06\/96-820x592.png 820w, https:\/\/es.rops-opole.pl\/wp-content\/uploads\/2024\/06\/96-247x178.png 247w\" sizes=\"auto, (max-width: 2000px) 100vw, 2000px\"><svg aria-hidden=\"true\" class=\"icon-new-window\" viewbox=\"0 0 1792 1792\"><path d=\"M1408 960v-128q0-26-19-45t-45-19h-320v-320q0-26-19-45t-45-19h-128q-26 0-45 19t-19 45v320h-320q-26 0-45 19t-19 45v128q0 26 19 45t45 19h320v320q0 26 19 45t45 19h128q26 0 45-19t19-45v-320h320q26 0 45-19t19-45zm256-544v960q0 119-84.5 203.5t-203.5 84.5h-960q-119 0-203.5-84.5t-84.5-203.5v-960q0-119 84.5-203.5t203.5-84.5h960q119 0 203.5 84.5t84.5 203.5z\"><\/path><\/svg><span class=\"tooltip\">Image to the post titled: VIII Opolskie Targi Ekonomii Spo\u0142ecznej w Grodzisku 22-23.06.2024 r., otworzy si\u0119 w nowym oknie<\/span><\/a><\/figure>\n\n\n\n<figure class=\"wp-block-image size-full\"><a href=\"https:\/\/es.rops-opole.pl\/wp-content\/uploads\/2024\/06\/95.png\" target=\"_blank\" rel=\"noopener\" aria-label=\"Image to the post titled: VIII Opolskie Targi Ekonomii Spo\u0142ecznej w Grodzisku 22-23.06.2024 r., otworzy si\u0119 w nowym oknie\" class=\"attachment-link target-blank use-tooltip\"><img loading=\"lazy\" decoding=\"async\" width=\"2000\" height=\"1444\" data-id=\"805\" src=\"https:\/\/es.rops-opole.pl\/wp-content\/uploads\/2024\/06\/95.png\" alt=\"\" class=\"wp-image-805\" srcset=\"https:\/\/es.rops-opole.pl\/wp-content\/uploads\/2024\/06\/95.png 2000w, https:\/\/es.rops-opole.pl\/wp-content\/uploads\/2024\/06\/95-1536x1109.png 1536w, https:\/\/es.rops-opole.pl\/wp-content\/uploads\/2024\/06\/95-820x592.png 820w, https:\/\/es.rops-opole.pl\/wp-content\/uploads\/2024\/06\/95-247x178.png 247w\" sizes=\"auto, (max-width: 2000px) 100vw, 2000px\"><svg aria-hidden=\"true\" class=\"icon-new-window\" viewbox=\"0 0 1792 1792\"><path d=\"M1408 960v-128q0-26-19-45t-45-19h-320v-320q0-26-19-45t-45-19h-128q-26 0-45 19t-19 45v320h-320q-26 0-45 19t-19 45v128q0 26 19 45t45 19h320v320q0 26 19 45t45 19h128q26 0 45-19t19-45v-320h320q26 0 45-19t19-45zm256-544v960q0 119-84.5 203.5t-203.5 84.5h-960q-119 0-203.5-84.5t-84.5-203.5v-960q0-119 84.5-203.5t203.5-84.5h960q119 0 203.5 84.5t84.5 203.5z\"><\/path><\/svg><span class=\"tooltip\">Image to the post titled: VIII Opolskie Targi Ekonomii Spo\u0142ecznej w Grodzisku 22-23.06.2024 r., otworzy si\u0119 w nowym oknie<\/span><\/a><\/figure>\n\n\n\n<figure class=\"wp-block-image size-full\"><a href=\"https:\/\/es.rops-opole.pl\/wp-content\/uploads\/2024\/06\/94.png\" target=\"_blank\" rel=\"noopener\" aria-label=\"Image to the post titled: VIII Opolskie Targi Ekonomii Spo\u0142ecznej w Grodzisku 22-23.06.2024 r., otworzy si\u0119 w nowym oknie\" class=\"attachment-link target-blank use-tooltip\"><img loading=\"lazy\" decoding=\"async\" width=\"2000\" height=\"1444\" data-id=\"804\" src=\"https:\/\/es.rops-opole.pl\/wp-content\/uploads\/2024\/06\/94.png\" alt=\"\" class=\"wp-image-804\" srcset=\"https:\/\/es.rops-opole.pl\/wp-content\/uploads\/2024\/06\/94.png 2000w, https:\/\/es.rops-opole.pl\/wp-content\/uploads\/2024\/06\/94-1536x1109.png 1536w, https:\/\/es.rops-opole.pl\/wp-content\/uploads\/2024\/06\/94-820x592.png 820w, https:\/\/es.rops-opole.pl\/wp-content\/uploads\/2024\/06\/94-247x178.png 247w\" sizes=\"auto, (max-width: 2000px) 100vw, 2000px\"><svg aria-hidden=\"true\" class=\"icon-new-window\" viewbox=\"0 0 1792 1792\"><path d=\"M1408 960v-128q0-26-19-45t-45-19h-320v-320q0-26-19-45t-45-19h-128q-26 0-45 19t-19 45v320h-320q-26 0-45 19t-19 45v128q0 26 19 45t45 19h320v320q0 26 19 45t45 19h128q26 0 45-19t19-45v-320h320q26 0 45-19t19-45zm256-544v960q0 119-84.5 203.5t-203.5 84.5h-960q-119 0-203.5-84.5t-84.5-203.5v-960q0-119 84.5-203.5t203.5-84.5h960q119 0 203.5 84.5t84.5 203.5z\"><\/path><\/svg><span class=\"tooltip\">Image to the post titled: VIII Opolskie Targi Ekonomii Spo\u0142ecznej w Grodzisku 22-23.06.2024 r., otworzy si\u0119 w nowym oknie<\/span><\/a><\/figure>\n\n\n\n<figure class=\"wp-block-image size-full\"><a href=\"https:\/\/es.rops-opole.pl\/wp-content\/uploads\/2024\/06\/92.png\" target=\"_blank\" rel=\"noopener\" aria-label=\"Image to the post titled: VIII Opolskie Targi Ekonomii Spo\u0142ecznej w Grodzisku 22-23.06.2024 r., otworzy si\u0119 w nowym oknie\" class=\"attachment-link target-blank use-tooltip\"><img loading=\"lazy\" decoding=\"async\" width=\"2000\" height=\"1444\" data-id=\"802\" src=\"https:\/\/es.rops-opole.pl\/wp-content\/uploads\/2024\/06\/92.png\" alt=\"\" class=\"wp-image-802\" srcset=\"https:\/\/es.rops-opole.pl\/wp-content\/uploads\/2024\/06\/92.png 2000w, https:\/\/es.rops-opole.pl\/wp-content\/uploads\/2024\/06\/92-1536x1109.png 1536w, https:\/\/es.rops-opole.pl\/wp-content\/uploads\/2024\/06\/92-820x592.png 820w, https:\/\/es.rops-opole.pl\/wp-content\/uploads\/2024\/06\/92-247x178.png 247w\" sizes=\"auto, (max-width: 2000px) 100vw, 2000px\"><svg aria-hidden=\"true\" class=\"icon-new-window\" viewbox=\"0 0 1792 1792\"><path d=\"M1408 960v-128q0-26-19-45t-45-19h-320v-320q0-26-19-45t-45-19h-128q-26 0-45 19t-19 45v320h-320q-26 0-45 19t-19 45v128q0 26 19 45t45 19h320v320q0 26 19 45t45 19h128q26 0 45-19t19-45v-320h320q26 0 45-19t19-45zm256-544v960q0 119-84.5 203.5t-203.5 84.5h-960q-119 0-203.5-84.5t-84.5-203.5v-960q0-119 84.5-203.5t203.5-84.5h960q119 0 203.5 84.5t84.5 203.5z\"><\/path><\/svg><span class=\"tooltip\">Image to the post titled: VIII Opolskie Targi Ekonomii Spo\u0142ecznej w Grodzisku 22-23.06.2024 r., otworzy si\u0119 w nowym oknie<\/span><\/a><\/figure>\n\n\n\n<figure class=\"wp-block-image size-full\"><a href=\"https:\/\/es.rops-opole.pl\/wp-content\/uploads\/2024\/06\/90.png\" target=\"_blank\" rel=\"noopener\" aria-label=\"Image to the post titled: VIII Opolskie Targi Ekonomii Spo\u0142ecznej w Grodzisku 22-23.06.2024 r., otworzy si\u0119 w nowym oknie\" class=\"attachment-link target-blank use-tooltip\"><img loading=\"lazy\" decoding=\"async\" width=\"2000\" height=\"1444\" data-id=\"800\" src=\"https:\/\/es.rops-opole.pl\/wp-content\/uploads\/2024\/06\/90.png\" alt=\"\" class=\"wp-image-800\" srcset=\"https:\/\/es.rops-opole.pl\/wp-content\/uploads\/2024\/06\/90.png 2000w, https:\/\/es.rops-opole.pl\/wp-content\/uploads\/2024\/06\/90-1536x1109.png 1536w, https:\/\/es.rops-opole.pl\/wp-content\/uploads\/2024\/06\/90-820x592.png 820w, https:\/\/es.rops-opole.pl\/wp-content\/uploads\/2024\/06\/90-247x178.png 247w\" sizes=\"auto, (max-width: 2000px) 100vw, 2000px\"><svg aria-hidden=\"true\" class=\"icon-new-window\" viewbox=\"0 0 1792 1792\"><path d=\"M1408 960v-128q0-26-19-45t-45-19h-320v-320q0-26-19-45t-45-19h-128q-26 0-45 19t-19 45v320h-320q-26 0-45 19t-19 45v128q0 26 19 45t45 19h320v320q0 26 19 45t45 19h128q26 0 45-19t19-45v-320h320q26 0 45-19t19-45zm256-544v960q0 119-84.5 203.5t-203.5 84.5h-960q-119 0-203.5-84.5t-84.5-203.5v-960q0-119 84.5-203.5t203.5-84.5h960q119 0 203.5 84.5t84.5 203.5z\"><\/path><\/svg><span class=\"tooltip\">Image to the post titled: VIII Opolskie Targi Ekonomii Spo\u0142ecznej w Grodzisku 22-23.06.2024 r., otworzy si\u0119 w nowym oknie<\/span><\/a><\/figure>\n\n\n\n<figure class=\"wp-block-image size-full\"><a href=\"https:\/\/es.rops-opole.pl\/wp-content\/uploads\/2024\/06\/89.png\" target=\"_blank\" rel=\"noopener\" aria-label=\"Image to the post titled: VIII Opolskie Targi Ekonomii Spo\u0142ecznej w Grodzisku 22-23.06.2024 r., otworzy si\u0119 w nowym oknie\" class=\"attachment-link target-blank use-tooltip\"><img loading=\"lazy\" decoding=\"async\" width=\"2000\" height=\"1444\" data-id=\"799\" src=\"https:\/\/es.rops-opole.pl\/wp-content\/uploads\/2024\/06\/89.png\" alt=\"\" class=\"wp-image-799\" srcset=\"https:\/\/es.rops-opole.pl\/wp-content\/uploads\/2024\/06\/89.png 2000w, https:\/\/es.rops-opole.pl\/wp-content\/uploads\/2024\/06\/89-1536x1109.png 1536w, https:\/\/es.rops-opole.pl\/wp-content\/uploads\/2024\/06\/89-820x592.png 820w, https:\/\/es.rops-opole.pl\/wp-content\/uploads\/2024\/06\/89-247x178.png 247w\" sizes=\"auto, (max-width: 2000px) 100vw, 2000px\"><svg aria-hidden=\"true\" class=\"icon-new-window\" viewbox=\"0 0 1792 1792\"><path d=\"M1408 960v-128q0-26-19-45t-45-19h-320v-320q0-26-19-45t-45-19h-128q-26 0-45 19t-19 45v320h-320q-26 0-45 19t-19 45v128q0 26 19 45t45 19h320v320q0 26 19 45t45 19h128q26 0 45-19t19-45v-320h320q26 0 45-19t19-45zm256-544v960q0 119-84.5 203.5t-203.5 84.5h-960q-119 0-203.5-84.5t-84.5-203.5v-960q0-119 84.5-203.5t203.5-84.5h960q119 0 203.5 84.5t84.5 203.5z\"><\/path><\/svg><span class=\"tooltip\">Image to the post titled: VIII Opolskie Targi Ekonomii Spo\u0142ecznej w Grodzisku 22-23.06.2024 r., otworzy si\u0119 w nowym oknie<\/span><\/a><\/figure>\n\n\n\n<figure class=\"wp-block-image size-full\"><a href=\"https:\/\/es.rops-opole.pl\/wp-content\/uploads\/2024\/06\/88.png\" target=\"_blank\" rel=\"noopener\" aria-label=\"Image to the post titled: VIII Opolskie Targi Ekonomii Spo\u0142ecznej w Grodzisku 22-23.06.2024 r., otworzy si\u0119 w nowym oknie\" class=\"attachment-link target-blank use-tooltip\"><img loading=\"lazy\" decoding=\"async\" width=\"2000\" height=\"1444\" data-id=\"798\" src=\"https:\/\/es.rops-opole.pl\/wp-content\/uploads\/2024\/06\/88.png\" alt=\"\" class=\"wp-image-798\" srcset=\"https:\/\/es.rops-opole.pl\/wp-content\/uploads\/2024\/06\/88.png 2000w, https:\/\/es.rops-opole.pl\/wp-content\/uploads\/2024\/06\/88-1536x1109.png 1536w, https:\/\/es.rops-opole.pl\/wp-content\/uploads\/2024\/06\/88-820x592.png 820w, https:\/\/es.rops-opole.pl\/wp-content\/uploads\/2024\/06\/88-247x178.png 247w\" sizes=\"auto, (max-width: 2000px) 100vw, 2000px\"><svg aria-hidden=\"true\" class=\"icon-new-window\" viewbox=\"0 0 1792 1792\"><path d=\"M1408 960v-128q0-26-19-45t-45-19h-320v-320q0-26-19-45t-45-19h-128q-26 0-45 19t-19 45v320h-320q-26 0-45 19t-19 45v128q0 26 19 45t45 19h320v320q0 26 19 45t45 19h128q26 0 45-19t19-45v-320h320q26 0 45-19t19-45zm256-544v960q0 119-84.5 203.5t-203.5 84.5h-960q-119 0-203.5-84.5t-84.5-203.5v-960q0-119 84.5-203.5t203.5-84.5h960q119 0 203.5 84.5t84.5 203.5z\"><\/path><\/svg><span class=\"tooltip\">Image to the post titled: VIII Opolskie Targi Ekonomii Spo\u0142ecznej w Grodzisku 22-23.06.2024 r., otworzy si\u0119 w nowym oknie<\/span><\/a><\/figure>\n\n\n\n<figure class=\"wp-block-image size-full\"><a href=\"https:\/\/es.rops-opole.pl\/wp-content\/uploads\/2024\/06\/87.png\" target=\"_blank\" rel=\"noopener\" aria-label=\"Image to the post titled: VIII Opolskie Targi Ekonomii Spo\u0142ecznej w Grodzisku 22-23.06.2024 r., otworzy si\u0119 w nowym oknie\" class=\"attachment-link target-blank use-tooltip\"><img loading=\"lazy\" decoding=\"async\" width=\"2000\" height=\"1444\" data-id=\"797\" src=\"https:\/\/es.rops-opole.pl\/wp-content\/uploads\/2024\/06\/87.png\" alt=\"\" class=\"wp-image-797\" srcset=\"https:\/\/es.rops-opole.pl\/wp-content\/uploads\/2024\/06\/87.png 2000w, https:\/\/es.rops-opole.pl\/wp-content\/uploads\/2024\/06\/87-1536x1109.png 1536w, https:\/\/es.rops-opole.pl\/wp-content\/uploads\/2024\/06\/87-820x592.png 820w, https:\/\/es.rops-opole.pl\/wp-content\/uploads\/2024\/06\/87-247x178.png 247w\" sizes=\"auto, (max-width: 2000px) 100vw, 2000px\"><svg aria-hidden=\"true\" class=\"icon-new-window\" viewbox=\"0 0 1792 1792\"><path d=\"M1408 960v-128q0-26-19-45t-45-19h-320v-320q0-26-19-45t-45-19h-128q-26 0-45 19t-19 45v320h-320q-26 0-45 19t-19 45v128q0 26 19 45t45 19h320v320q0 26 19 45t45 19h128q26 0 45-19t19-45v-320h320q26 0 45-19t19-45zm256-544v960q0 119-84.5 203.5t-203.5 84.5h-960q-119 0-203.5-84.5t-84.5-203.5v-960q0-119 84.5-203.5t203.5-84.5h960q119 0 203.5 84.5t84.5 203.5z\"><\/path><\/svg><span class=\"tooltip\">Image to the post titled: VIII Opolskie Targi Ekonomii Spo\u0142ecznej w Grodzisku 22-23.06.2024 r., otworzy si\u0119 w nowym oknie<\/span><\/a><\/figure>\n\n\n\n<figure class=\"wp-block-image size-full\"><a href=\"https:\/\/es.rops-opole.pl\/wp-content\/uploads\/2024\/06\/86.png\" target=\"_blank\" rel=\"noopener\" aria-label=\"Image to the post titled: VIII Opolskie Targi Ekonomii Spo\u0142ecznej w Grodzisku 22-23.06.2024 r., otworzy si\u0119 w nowym oknie\" class=\"attachment-link target-blank use-tooltip\"><img loading=\"lazy\" decoding=\"async\" width=\"2000\" height=\"1444\" data-id=\"796\" src=\"https:\/\/es.rops-opole.pl\/wp-content\/uploads\/2024\/06\/86.png\" alt=\"\" class=\"wp-image-796\" srcset=\"https:\/\/es.rops-opole.pl\/wp-content\/uploads\/2024\/06\/86.png 2000w, https:\/\/es.rops-opole.pl\/wp-content\/uploads\/2024\/06\/86-1536x1109.png 1536w, https:\/\/es.rops-opole.pl\/wp-content\/uploads\/2024\/06\/86-820x592.png 820w, https:\/\/es.rops-opole.pl\/wp-content\/uploads\/2024\/06\/86-247x178.png 247w\" sizes=\"auto, (max-width: 2000px) 100vw, 2000px\"><svg aria-hidden=\"true\" class=\"icon-new-window\" viewbox=\"0 0 1792 1792\"><path d=\"M1408 960v-128q0-26-19-45t-45-19h-320v-320q0-26-19-45t-45-19h-128q-26 0-45 19t-19 45v320h-320q-26 0-45 19t-19 45v128q0 26 19 45t45 19h320v320q0 26 19 45t45 19h128q26 0 45-19t19-45v-320h320q26 0 45-19t19-45zm256-544v960q0 119-84.5 203.5t-203.5 84.5h-960q-119 0-203.5-84.5t-84.5-203.5v-960q0-119 84.5-203.5t203.5-84.5h960q119 0 203.5 84.5t84.5 203.5z\"><\/path><\/svg><span class=\"tooltip\">Image to the post titled: VIII Opolskie Targi Ekonomii Spo\u0142ecznej w Grodzisku 22-23.06.2024 r., otworzy si\u0119 w nowym oknie<\/span><\/a><\/figure>\n\n\n\n<figure class=\"wp-block-image size-full\"><a href=\"https:\/\/es.rops-opole.pl\/wp-content\/uploads\/2024\/06\/85.png\" target=\"_blank\" rel=\"noopener\" aria-label=\"Image to the post titled: VIII Opolskie Targi Ekonomii Spo\u0142ecznej w Grodzisku 22-23.06.2024 r., otworzy si\u0119 w nowym oknie\" class=\"attachment-link target-blank use-tooltip\"><img loading=\"lazy\" decoding=\"async\" width=\"2000\" height=\"1444\" data-id=\"795\" src=\"https:\/\/es.rops-opole.pl\/wp-content\/uploads\/2024\/06\/85.png\" alt=\"\" class=\"wp-image-795\" srcset=\"https:\/\/es.rops-opole.pl\/wp-content\/uploads\/2024\/06\/85.png 2000w, https:\/\/es.rops-opole.pl\/wp-content\/uploads\/2024\/06\/85-1536x1109.png 1536w, https:\/\/es.rops-opole.pl\/wp-content\/uploads\/2024\/06\/85-820x592.png 820w, https:\/\/es.rops-opole.pl\/wp-content\/uploads\/2024\/06\/85-247x178.png 247w\" sizes=\"auto, (max-width: 2000px) 100vw, 2000px\"><svg aria-hidden=\"true\" class=\"icon-new-window\" viewbox=\"0 0 1792 1792\"><path d=\"M1408 960v-128q0-26-19-45t-45-19h-320v-320q0-26-19-45t-45-19h-128q-26 0-45 19t-19 45v320h-320q-26 0-45 19t-19 45v128q0 26 19 45t45 19h320v320q0 26 19 45t45 19h128q26 0 45-19t19-45v-320h320q26 0 45-19t19-45zm256-544v960q0 119-84.5 203.5t-203.5 84.5h-960q-119 0-203.5-84.5t-84.5-203.5v-960q0-119 84.5-203.5t203.5-84.5h960q119 0 203.5 84.5t84.5 203.5z\"><\/path><\/svg><span class=\"tooltip\">Image to the post titled: VIII Opolskie Targi Ekonomii Spo\u0142ecznej w Grodzisku 22-23.06.2024 r., otworzy si\u0119 w nowym oknie<\/span><\/a><\/figure>\n\n\n\n<figure class=\"wp-block-image size-full\"><a href=\"https:\/\/es.rops-opole.pl\/wp-content\/uploads\/2024\/06\/84.png\" target=\"_blank\" rel=\"noopener\" aria-label=\"Image to the post titled: VIII Opolskie Targi Ekonomii Spo\u0142ecznej w Grodzisku 22-23.06.2024 r., otworzy si\u0119 w nowym oknie\" class=\"attachment-link target-blank use-tooltip\"><img loading=\"lazy\" decoding=\"async\" width=\"2000\" height=\"1444\" data-id=\"794\" src=\"https:\/\/es.rops-opole.pl\/wp-content\/uploads\/2024\/06\/84.png\" alt=\"\" class=\"wp-image-794\" srcset=\"https:\/\/es.rops-opole.pl\/wp-content\/uploads\/2024\/06\/84.png 2000w, https:\/\/es.rops-opole.pl\/wp-content\/uploads\/2024\/06\/84-1536x1109.png 1536w, https:\/\/es.rops-opole.pl\/wp-content\/uploads\/2024\/06\/84-820x592.png 820w, https:\/\/es.rops-opole.pl\/wp-content\/uploads\/2024\/06\/84-247x178.png 247w\" sizes=\"auto, (max-width: 2000px) 100vw, 2000px\"><svg aria-hidden=\"true\" class=\"icon-new-window\" viewbox=\"0 0 1792 1792\"><path d=\"M1408 960v-128q0-26-19-45t-45-19h-320v-320q0-26-19-45t-45-19h-128q-26 0-45 19t-19 45v320h-320q-26 0-45 19t-19 45v128q0 26 19 45t45 19h320v320q0 26 19 45t45 19h128q26 0 45-19t19-45v-320h320q26 0 45-19t19-45zm256-544v960q0 119-84.5 203.5t-203.5 84.5h-960q-119 0-203.5-84.5t-84.5-203.5v-960q0-119 84.5-203.5t203.5-84.5h960q119 0 203.5 84.5t84.5 203.5z\"><\/path><\/svg><span class=\"tooltip\">Image to the post titled: VIII Opolskie Targi Ekonomii Spo\u0142ecznej w Grodzisku 22-23.06.2024 r., otworzy si\u0119 w nowym oknie<\/span><\/a><\/figure>\n\n\n\n<figure class=\"wp-block-image size-full\"><a href=\"https:\/\/es.rops-opole.pl\/wp-content\/uploads\/2024\/06\/83.png\" target=\"_blank\" rel=\"noopener\" aria-label=\"Image to the post titled: VIII Opolskie Targi Ekonomii Spo\u0142ecznej w Grodzisku 22-23.06.2024 r., otworzy si\u0119 w nowym oknie\" class=\"attachment-link target-blank use-tooltip\"><img loading=\"lazy\" decoding=\"async\" width=\"2000\" height=\"1444\" data-id=\"793\" src=\"https:\/\/es.rops-opole.pl\/wp-content\/uploads\/2024\/06\/83.png\" alt=\"\" class=\"wp-image-793\" srcset=\"https:\/\/es.rops-opole.pl\/wp-content\/uploads\/2024\/06\/83.png 2000w, https:\/\/es.rops-opole.pl\/wp-content\/uploads\/2024\/06\/83-1536x1109.png 1536w, https:\/\/es.rops-opole.pl\/wp-content\/uploads\/2024\/06\/83-820x592.png 820w, https:\/\/es.rops-opole.pl\/wp-content\/uploads\/2024\/06\/83-247x178.png 247w\" sizes=\"auto, (max-width: 2000px) 100vw, 2000px\"><svg aria-hidden=\"true\" class=\"icon-new-window\" viewbox=\"0 0 1792 1792\"><path d=\"M1408 960v-128q0-26-19-45t-45-19h-320v-320q0-26-19-45t-45-19h-128q-26 0-45 19t-19 45v320h-320q-26 0-45 19t-19 45v128q0 26 19 45t45 19h320v320q0 26 19 45t45 19h128q26 0 45-19t19-45v-320h320q26 0 45-19t19-45zm256-544v960q0 119-84.5 203.5t-203.5 84.5h-960q-119 0-203.5-84.5t-84.5-203.5v-960q0-119 84.5-203.5t203.5-84.5h960q119 0 203.5 84.5t84.5 203.5z\"><\/path><\/svg><span class=\"tooltip\">Image to the post titled: VIII Opolskie Targi Ekonomii Spo\u0142ecznej w Grodzisku 22-23.06.2024 r., otworzy si\u0119 w nowym oknie<\/span><\/a><\/figure>\n\n\n\n<figure class=\"wp-block-image size-full\"><a href=\"https:\/\/es.rops-opole.pl\/wp-content\/uploads\/2024\/06\/123.png\" target=\"_blank\" rel=\"noopener\" aria-label=\"Image to the post titled: VIII Opolskie Targi Ekonomii Spo\u0142ecznej w Grodzisku 22-23.06.2024 r., otworzy si\u0119 w nowym oknie\" class=\"attachment-link target-blank use-tooltip\"><img loading=\"lazy\" decoding=\"async\" width=\"2000\" height=\"1444\" data-id=\"792\" src=\"https:\/\/es.rops-opole.pl\/wp-content\/uploads\/2024\/06\/123.png\" alt=\"\" class=\"wp-image-792\" srcset=\"https:\/\/es.rops-opole.pl\/wp-content\/uploads\/2024\/06\/123.png 2000w, https:\/\/es.rops-opole.pl\/wp-content\/uploads\/2024\/06\/123-1536x1109.png 1536w, https:\/\/es.rops-opole.pl\/wp-content\/uploads\/2024\/06\/123-820x592.png 820w, https:\/\/es.rops-opole.pl\/wp-content\/uploads\/2024\/06\/123-247x178.png 247w\" sizes=\"auto, (max-width: 2000px) 100vw, 2000px\"><svg aria-hidden=\"true\" class=\"icon-new-window\" viewbox=\"0 0 1792 1792\"><path d=\"M1408 960v-128q0-26-19-45t-45-19h-320v-320q0-26-19-45t-45-19h-128q-26 0-45 19t-19 45v320h-320q-26 0-45 19t-19 45v128q0 26 19 45t45 19h320v320q0 26 19 45t45 19h128q26 0 45-19t19-45v-320h320q26 0 45-19t19-45zm256-544v960q0 119-84.5 203.5t-203.5 84.5h-960q-119 0-203.5-84.5t-84.5-203.5v-960q0-119 84.5-203.5t203.5-84.5h960q119 0 203.5 84.5t84.5 203.5z\"><\/path><\/svg><span class=\"tooltip\">Image to the post titled: VIII Opolskie Targi Ekonomii Spo\u0142ecznej w Grodzisku 22-23.06.2024 r., otworzy si\u0119 w nowym oknie<\/span><\/a><\/figure>\n\n\n\n<figure class=\"wp-block-image size-full\"><a href=\"https:\/\/es.rops-opole.pl\/wp-content\/uploads\/2024\/06\/122.png\" target=\"_blank\" rel=\"noopener\" aria-label=\"Image to the post titled: VIII Opolskie Targi Ekonomii Spo\u0142ecznej w Grodzisku 22-23.06.2024 r., otworzy si\u0119 w nowym oknie\" class=\"attachment-link target-blank use-tooltip\"><img loading=\"lazy\" decoding=\"async\" width=\"2000\" height=\"1444\" data-id=\"791\" src=\"https:\/\/es.rops-opole.pl\/wp-content\/uploads\/2024\/06\/122.png\" alt=\"\" class=\"wp-image-791\" srcset=\"https:\/\/es.rops-opole.pl\/wp-content\/uploads\/2024\/06\/122.png 2000w, https:\/\/es.rops-opole.pl\/wp-content\/uploads\/2024\/06\/122-1536x1109.png 1536w, https:\/\/es.rops-opole.pl\/wp-content\/uploads\/2024\/06\/122-820x592.png 820w, https:\/\/es.rops-opole.pl\/wp-content\/uploads\/2024\/06\/122-247x178.png 247w\" sizes=\"auto, (max-width: 2000px) 100vw, 2000px\"><svg aria-hidden=\"true\" class=\"icon-new-window\" viewbox=\"0 0 1792 1792\"><path d=\"M1408 960v-128q0-26-19-45t-45-19h-320v-320q0-26-19-45t-45-19h-128q-26 0-45 19t-19 45v320h-320q-26 0-45 19t-19 45v128q0 26 19 45t45 19h320v320q0 26 19 45t45 19h128q26 0 45-19t19-45v-320h320q26 0 45-19t19-45zm256-544v960q0 119-84.5 203.5t-203.5 84.5h-960q-119 0-203.5-84.5t-84.5-203.5v-960q0-119 84.5-203.5t203.5-84.5h960q119 0 203.5 84.5t84.5 203.5z\"><\/path><\/svg><span class=\"tooltip\">Image to the post titled: VIII Opolskie Targi Ekonomii Spo\u0142ecznej w Grodzisku 22-23.06.2024 r., otworzy si\u0119 w nowym oknie<\/span><\/a><\/figure>\n\n\n\n<figure class=\"wp-block-image size-full\"><a href=\"https:\/\/es.rops-opole.pl\/wp-content\/uploads\/2024\/06\/121-1.png\" target=\"_blank\" rel=\"noopener\" aria-label=\"Image to the post titled: VIII Opolskie Targi Ekonomii Spo\u0142ecznej w Grodzisku 22-23.06.2024 r., otworzy si\u0119 w nowym oknie\" class=\"attachment-link target-blank use-tooltip\"><img loading=\"lazy\" decoding=\"async\" width=\"2000\" height=\"1444\" data-id=\"790\" src=\"https:\/\/es.rops-opole.pl\/wp-content\/uploads\/2024\/06\/121-1.png\" alt=\"\" class=\"wp-image-790\" srcset=\"https:\/\/es.rops-opole.pl\/wp-content\/uploads\/2024\/06\/121-1.png 2000w, https:\/\/es.rops-opole.pl\/wp-content\/uploads\/2024\/06\/121-1-1536x1109.png 1536w, https:\/\/es.rops-opole.pl\/wp-content\/uploads\/2024\/06\/121-1-820x592.png 820w, https:\/\/es.rops-opole.pl\/wp-content\/uploads\/2024\/06\/121-1-247x178.png 247w\" sizes=\"auto, (max-width: 2000px) 100vw, 2000px\"><svg aria-hidden=\"true\" class=\"icon-new-window\" viewbox=\"0 0 1792 1792\"><path d=\"M1408 960v-128q0-26-19-45t-45-19h-320v-320q0-26-19-45t-45-19h-128q-26 0-45 19t-19 45v320h-320q-26 0-45 19t-19 45v128q0 26 19 45t45 19h320v320q0 26 19 45t45 19h128q26 0 45-19t19-45v-320h320q26 0 45-19t19-45zm256-544v960q0 119-84.5 203.5t-203.5 84.5h-960q-119 0-203.5-84.5t-84.5-203.5v-960q0-119 84.5-203.5t203.5-84.5h960q119 0 203.5 84.5t84.5 203.5z\"><\/path><\/svg><span class=\"tooltip\">Image to the post titled: VIII Opolskie Targi Ekonomii Spo\u0142ecznej w Grodzisku 22-23.06.2024 r., otworzy si\u0119 w nowym oknie<\/span><\/a><\/figure>\n\n\n\n<figure class=\"wp-block-image size-full\"><a href=\"https:\/\/es.rops-opole.pl\/wp-content\/uploads\/2024\/06\/120.png\" target=\"_blank\" rel=\"noopener\" aria-label=\"Image to the post titled: VIII Opolskie Targi Ekonomii Spo\u0142ecznej w Grodzisku 22-23.06.2024 r., otworzy si\u0119 w nowym oknie\" class=\"attachment-link target-blank use-tooltip\"><img loading=\"lazy\" decoding=\"async\" width=\"2000\" height=\"1444\" data-id=\"789\" src=\"https:\/\/es.rops-opole.pl\/wp-content\/uploads\/2024\/06\/120.png\" alt=\"\" class=\"wp-image-789\" srcset=\"https:\/\/es.rops-opole.pl\/wp-content\/uploads\/2024\/06\/120.png 2000w, https:\/\/es.rops-opole.pl\/wp-content\/uploads\/2024\/06\/120-1536x1109.png 1536w, https:\/\/es.rops-opole.pl\/wp-content\/uploads\/2024\/06\/120-820x592.png 820w, https:\/\/es.rops-opole.pl\/wp-content\/uploads\/2024\/06\/120-247x178.png 247w\" sizes=\"auto, (max-width: 2000px) 100vw, 2000px\"><svg aria-hidden=\"true\" class=\"icon-new-window\" viewbox=\"0 0 1792 1792\"><path d=\"M1408 960v-128q0-26-19-45t-45-19h-320v-320q0-26-19-45t-45-19h-128q-26 0-45 19t-19 45v320h-320q-26 0-45 19t-19 45v128q0 26 19 45t45 19h320v320q0 26 19 45t45 19h128q26 0 45-19t19-45v-320h320q26 0 45-19t19-45zm256-544v960q0 119-84.5 203.5t-203.5 84.5h-960q-119 0-203.5-84.5t-84.5-203.5v-960q0-119 84.5-203.5t203.5-84.5h960q119 0 203.5 84.5t84.5 203.5z\"><\/path><\/svg><span class=\"tooltip\">Image to the post titled: VIII Opolskie Targi Ekonomii Spo\u0142ecznej w Grodzisku 22-23.06.2024 r., otworzy si\u0119 w nowym oknie<\/span><\/a><\/figure>\n\n\n\n<figure class=\"wp-block-image size-full\"><a href=\"https:\/\/es.rops-opole.pl\/wp-content\/uploads\/2024\/06\/119.png\" target=\"_blank\" rel=\"noopener\" aria-label=\"Image to the post titled: VIII Opolskie Targi Ekonomii Spo\u0142ecznej w Grodzisku 22-23.06.2024 r., otworzy si\u0119 w nowym oknie\" class=\"attachment-link target-blank use-tooltip\"><img loading=\"lazy\" decoding=\"async\" width=\"2000\" height=\"1444\" data-id=\"788\" src=\"https:\/\/es.rops-opole.pl\/wp-content\/uploads\/2024\/06\/119.png\" alt=\"\" class=\"wp-image-788\" srcset=\"https:\/\/es.rops-opole.pl\/wp-content\/uploads\/2024\/06\/119.png 2000w, https:\/\/es.rops-opole.pl\/wp-content\/uploads\/2024\/06\/119-1536x1109.png 1536w, https:\/\/es.rops-opole.pl\/wp-content\/uploads\/2024\/06\/119-820x592.png 820w, https:\/\/es.rops-opole.pl\/wp-content\/uploads\/2024\/06\/119-247x178.png 247w\" sizes=\"auto, (max-width: 2000px) 100vw, 2000px\"><svg aria-hidden=\"true\" class=\"icon-new-window\" viewbox=\"0 0 1792 1792\"><path d=\"M1408 960v-128q0-26-19-45t-45-19h-320v-320q0-26-19-45t-45-19h-128q-26 0-45 19t-19 45v320h-320q-26 0-45 19t-19 45v128q0 26 19 45t45 19h320v320q0 26 19 45t45 19h128q26 0 45-19t19-45v-320h320q26 0 45-19t19-45zm256-544v960q0 119-84.5 203.5t-203.5 84.5h-960q-119 0-203.5-84.5t-84.5-203.5v-960q0-119 84.5-203.5t203.5-84.5h960q119 0 203.5 84.5t84.5 203.5z\"><\/path><\/svg><span class=\"tooltip\">Image to the post titled: VIII Opolskie Targi Ekonomii Spo\u0142ecznej w Grodzisku 22-23.06.2024 r., otworzy si\u0119 w nowym oknie<\/span><\/a><\/figure>\n\n\n\n<figure class=\"wp-block-image size-full\"><a href=\"https:\/\/es.rops-opole.pl\/wp-content\/uploads\/2024\/06\/117.png\" target=\"_blank\" rel=\"noopener\" aria-label=\"Image to the post titled: VIII Opolskie Targi Ekonomii Spo\u0142ecznej w Grodzisku 22-23.06.2024 r., otworzy si\u0119 w nowym oknie\" class=\"attachment-link target-blank use-tooltip\"><img loading=\"lazy\" decoding=\"async\" width=\"2000\" height=\"1444\" data-id=\"786\" src=\"https:\/\/es.rops-opole.pl\/wp-content\/uploads\/2024\/06\/117.png\" alt=\"\" class=\"wp-image-786\" srcset=\"https:\/\/es.rops-opole.pl\/wp-content\/uploads\/2024\/06\/117.png 2000w, https:\/\/es.rops-opole.pl\/wp-content\/uploads\/2024\/06\/117-1536x1109.png 1536w, https:\/\/es.rops-opole.pl\/wp-content\/uploads\/2024\/06\/117-820x592.png 820w, https:\/\/es.rops-opole.pl\/wp-content\/uploads\/2024\/06\/117-247x178.png 247w\" sizes=\"auto, (max-width: 2000px) 100vw, 2000px\"><svg aria-hidden=\"true\" class=\"icon-new-window\" viewbox=\"0 0 1792 1792\"><path d=\"M1408 960v-128q0-26-19-45t-45-19h-320v-320q0-26-19-45t-45-19h-128q-26 0-45 19t-19 45v320h-320q-26 0-45 19t-19 45v128q0 26 19 45t45 19h320v320q0 26 19 45t45 19h128q26 0 45-19t19-45v-320h320q26 0 45-19t19-45zm256-544v960q0 119-84.5 203.5t-203.5 84.5h-960q-119 0-203.5-84.5t-84.5-203.5v-960q0-119 84.5-203.5t203.5-84.5h960q119 0 203.5 84.5t84.5 203.5z\"><\/path><\/svg><span class=\"tooltip\">Image to the post titled: VIII Opolskie Targi Ekonomii Spo\u0142ecznej w Grodzisku 22-23.06.2024 r., otworzy si\u0119 w nowym oknie<\/span><\/a><\/figure>\n\n\n\n<figure class=\"wp-block-image size-full\"><a href=\"https:\/\/es.rops-opole.pl\/wp-content\/uploads\/2024\/06\/116.png\" target=\"_blank\" rel=\"noopener\" aria-label=\"Image to the post titled: VIII Opolskie Targi Ekonomii Spo\u0142ecznej w Grodzisku 22-23.06.2024 r., otworzy si\u0119 w nowym oknie\" class=\"attachment-link target-blank use-tooltip\"><img loading=\"lazy\" decoding=\"async\" width=\"2000\" height=\"1444\" data-id=\"785\" src=\"https:\/\/es.rops-opole.pl\/wp-content\/uploads\/2024\/06\/116.png\" alt=\"\" class=\"wp-image-785\" srcset=\"https:\/\/es.rops-opole.pl\/wp-content\/uploads\/2024\/06\/116.png 2000w, https:\/\/es.rops-opole.pl\/wp-content\/uploads\/2024\/06\/116-1536x1109.png 1536w, https:\/\/es.rops-opole.pl\/wp-content\/uploads\/2024\/06\/116-820x592.png 820w, https:\/\/es.rops-opole.pl\/wp-content\/uploads\/2024\/06\/116-247x178.png 247w\" sizes=\"auto, (max-width: 2000px) 100vw, 2000px\"><svg aria-hidden=\"true\" class=\"icon-new-window\" viewbox=\"0 0 1792 1792\"><path d=\"M1408 960v-128q0-26-19-45t-45-19h-320v-320q0-26-19-45t-45-19h-128q-26 0-45 19t-19 45v320h-320q-26 0-45 19t-19 45v128q0 26 19 45t45 19h320v320q0 26 19 45t45 19h128q26 0 45-19t19-45v-320h320q26 0 45-19t19-45zm256-544v960q0 119-84.5 203.5t-203.5 84.5h-960q-119 0-203.5-84.5t-84.5-203.5v-960q0-119 84.5-203.5t203.5-84.5h960q119 0 203.5 84.5t84.5 203.5z\"><\/path><\/svg><span class=\"tooltip\">Image to the post titled: VIII Opolskie Targi Ekonomii Spo\u0142ecznej w Grodzisku 22-23.06.2024 r., otworzy si\u0119 w nowym oknie<\/span><\/a><\/figure>\n\n\n\n<figure class=\"wp-block-image size-full\"><a href=\"https:\/\/es.rops-opole.pl\/wp-content\/uploads\/2024\/06\/115.png\" target=\"_blank\" rel=\"noopener\" aria-label=\"Image to the post titled: VIII Opolskie Targi Ekonomii Spo\u0142ecznej w Grodzisku 22-23.06.2024 r., otworzy si\u0119 w nowym oknie\" class=\"attachment-link target-blank use-tooltip\"><img loading=\"lazy\" decoding=\"async\" width=\"2000\" height=\"1444\" data-id=\"784\" src=\"https:\/\/es.rops-opole.pl\/wp-content\/uploads\/2024\/06\/115.png\" alt=\"\" class=\"wp-image-784\" srcset=\"https:\/\/es.rops-opole.pl\/wp-content\/uploads\/2024\/06\/115.png 2000w, https:\/\/es.rops-opole.pl\/wp-content\/uploads\/2024\/06\/115-1536x1109.png 1536w, https:\/\/es.rops-opole.pl\/wp-content\/uploads\/2024\/06\/115-820x592.png 820w, https:\/\/es.rops-opole.pl\/wp-content\/uploads\/2024\/06\/115-247x178.png 247w\" sizes=\"auto, (max-width: 2000px) 100vw, 2000px\"><svg aria-hidden=\"true\" class=\"icon-new-window\" viewbox=\"0 0 1792 1792\"><path d=\"M1408 960v-128q0-26-19-45t-45-19h-320v-320q0-26-19-45t-45-19h-128q-26 0-45 19t-19 45v320h-320q-26 0-45 19t-19 45v128q0 26 19 45t45 19h320v320q0 26 19 45t45 19h128q26 0 45-19t19-45v-320h320q26 0 45-19t19-45zm256-544v960q0 119-84.5 203.5t-203.5 84.5h-960q-119 0-203.5-84.5t-84.5-203.5v-960q0-119 84.5-203.5t203.5-84.5h960q119 0 203.5 84.5t84.5 203.5z\"><\/path><\/svg><span class=\"tooltip\">Image to the post titled: VIII Opolskie Targi Ekonomii Spo\u0142ecznej w Grodzisku 22-23.06.2024 r., otworzy si\u0119 w nowym oknie<\/span><\/a><\/figure>\n\n\n\n<figure class=\"wp-block-image size-full\"><a href=\"https:\/\/es.rops-opole.pl\/wp-content\/uploads\/2024\/06\/114.png\" target=\"_blank\" rel=\"noopener\" aria-label=\"Image to the post titled: VIII Opolskie Targi Ekonomii Spo\u0142ecznej w Grodzisku 22-23.06.2024 r., otworzy si\u0119 w nowym oknie\" class=\"attachment-link target-blank use-tooltip\"><img loading=\"lazy\" decoding=\"async\" width=\"2000\" height=\"1444\" data-id=\"783\" src=\"https:\/\/es.rops-opole.pl\/wp-content\/uploads\/2024\/06\/114.png\" alt=\"\" class=\"wp-image-783\" srcset=\"https:\/\/es.rops-opole.pl\/wp-content\/uploads\/2024\/06\/114.png 2000w, https:\/\/es.rops-opole.pl\/wp-content\/uploads\/2024\/06\/114-1536x1109.png 1536w, https:\/\/es.rops-opole.pl\/wp-content\/uploads\/2024\/06\/114-820x592.png 820w, https:\/\/es.rops-opole.pl\/wp-content\/uploads\/2024\/06\/114-247x178.png 247w\" sizes=\"auto, (max-width: 2000px) 100vw, 2000px\"><svg aria-hidden=\"true\" class=\"icon-new-window\" viewbox=\"0 0 1792 1792\"><path d=\"M1408 960v-128q0-26-19-45t-45-19h-320v-320q0-26-19-45t-45-19h-128q-26 0-45 19t-19 45v320h-320q-26 0-45 19t-19 45v128q0 26 19 45t45 19h320v320q0 26 19 45t45 19h128q26 0 45-19t19-45v-320h320q26 0 45-19t19-45zm256-544v960q0 119-84.5 203.5t-203.5 84.5h-960q-119 0-203.5-84.5t-84.5-203.5v-960q0-119 84.5-203.5t203.5-84.5h960q119 0 203.5 84.5t84.5 203.5z\"><\/path><\/svg><span class=\"tooltip\">Image to the post titled: VIII Opolskie Targi Ekonomii Spo\u0142ecznej w Grodzisku 22-23.06.2024 r., otworzy si\u0119 w nowym oknie<\/span><\/a><\/figure>\n\n\n\n<figure class=\"wp-block-image size-full\"><a href=\"https:\/\/es.rops-opole.pl\/wp-content\/uploads\/2024\/06\/113.png\" target=\"_blank\" rel=\"noopener\" aria-label=\"Image to the post titled: VIII Opolskie Targi Ekonomii Spo\u0142ecznej w Grodzisku 22-23.06.2024 r., otworzy si\u0119 w nowym oknie\" class=\"attachment-link target-blank use-tooltip\"><img loading=\"lazy\" decoding=\"async\" width=\"2000\" height=\"1444\" data-id=\"782\" src=\"https:\/\/es.rops-opole.pl\/wp-content\/uploads\/2024\/06\/113.png\" alt=\"\" class=\"wp-image-782\" srcset=\"https:\/\/es.rops-opole.pl\/wp-content\/uploads\/2024\/06\/113.png 2000w, https:\/\/es.rops-opole.pl\/wp-content\/uploads\/2024\/06\/113-1536x1109.png 1536w, https:\/\/es.rops-opole.pl\/wp-content\/uploads\/2024\/06\/113-820x592.png 820w, https:\/\/es.rops-opole.pl\/wp-content\/uploads\/2024\/06\/113-247x178.png 247w\" sizes=\"auto, (max-width: 2000px) 100vw, 2000px\"><svg aria-hidden=\"true\" class=\"icon-new-window\" viewbox=\"0 0 1792 1792\"><path d=\"M1408 960v-128q0-26-19-45t-45-19h-320v-320q0-26-19-45t-45-19h-128q-26 0-45 19t-19 45v320h-320q-26 0-45 19t-19 45v128q0 26 19 45t45 19h320v320q0 26 19 45t45 19h128q26 0 45-19t19-45v-320h320q26 0 45-19t19-45zm256-544v960q0 119-84.5 203.5t-203.5 84.5h-960q-119 0-203.5-84.5t-84.5-203.5v-960q0-119 84.5-203.5t203.5-84.5h960q119 0 203.5 84.5t84.5 203.5z\"><\/path><\/svg><span class=\"tooltip\">Image to the post titled: VIII Opolskie Targi Ekonomii Spo\u0142ecznej w Grodzisku 22-23.06.2024 r., otworzy si\u0119 w nowym oknie<\/span><\/a><\/figure>\n\n\n\n<figure class=\"wp-block-image size-full\"><a href=\"https:\/\/es.rops-opole.pl\/wp-content\/uploads\/2024\/06\/112.png\" target=\"_blank\" rel=\"noopener\" aria-label=\"Image to the post titled: VIII Opolskie Targi Ekonomii Spo\u0142ecznej w Grodzisku 22-23.06.2024 r., otworzy si\u0119 w nowym oknie\" class=\"attachment-link target-blank use-tooltip\"><img loading=\"lazy\" decoding=\"async\" width=\"2000\" height=\"1444\" data-id=\"781\" src=\"https:\/\/es.rops-opole.pl\/wp-content\/uploads\/2024\/06\/112.png\" alt=\"\" class=\"wp-image-781\" srcset=\"https:\/\/es.rops-opole.pl\/wp-content\/uploads\/2024\/06\/112.png 2000w, https:\/\/es.rops-opole.pl\/wp-content\/uploads\/2024\/06\/112-1536x1109.png 1536w, https:\/\/es.rops-opole.pl\/wp-content\/uploads\/2024\/06\/112-820x592.png 820w, https:\/\/es.rops-opole.pl\/wp-content\/uploads\/2024\/06\/112-247x178.png 247w\" sizes=\"auto, (max-width: 2000px) 100vw, 2000px\"><svg aria-hidden=\"true\" class=\"icon-new-window\" viewbox=\"0 0 1792 1792\"><path d=\"M1408 960v-128q0-26-19-45t-45-19h-320v-320q0-26-19-45t-45-19h-128q-26 0-45 19t-19 45v320h-320q-26 0-45 19t-19 45v128q0 26 19 45t45 19h320v320q0 26 19 45t45 19h128q26 0 45-19t19-45v-320h320q26 0 45-19t19-45zm256-544v960q0 119-84.5 203.5t-203.5 84.5h-960q-119 0-203.5-84.5t-84.5-203.5v-960q0-119 84.5-203.5t203.5-84.5h960q119 0 203.5 84.5t84.5 203.5z\"><\/path><\/svg><span class=\"tooltip\">Image to the post titled: VIII Opolskie Targi Ekonomii Spo\u0142ecznej w Grodzisku 22-23.06.2024 r., otworzy si\u0119 w nowym oknie<\/span><\/a><\/figure>\n\n\n\n<figure class=\"wp-block-image size-full\"><a href=\"https:\/\/es.rops-opole.pl\/wp-content\/uploads\/2024\/06\/111.png\" target=\"_blank\" rel=\"noopener\" aria-label=\"Image to the post titled: VIII Opolskie Targi Ekonomii Spo\u0142ecznej w Grodzisku 22-23.06.2024 r., otworzy si\u0119 w nowym oknie\" class=\"attachment-link target-blank use-tooltip\"><img loading=\"lazy\" decoding=\"async\" width=\"2000\" height=\"1444\" data-id=\"780\" src=\"https:\/\/es.rops-opole.pl\/wp-content\/uploads\/2024\/06\/111.png\" alt=\"\" class=\"wp-image-780\" srcset=\"https:\/\/es.rops-opole.pl\/wp-content\/uploads\/2024\/06\/111.png 2000w, https:\/\/es.rops-opole.pl\/wp-content\/uploads\/2024\/06\/111-1536x1109.png 1536w, https:\/\/es.rops-opole.pl\/wp-content\/uploads\/2024\/06\/111-820x592.png 820w, https:\/\/es.rops-opole.pl\/wp-content\/uploads\/2024\/06\/111-247x178.png 247w\" sizes=\"auto, (max-width: 2000px) 100vw, 2000px\"><svg aria-hidden=\"true\" class=\"icon-new-window\" viewbox=\"0 0 1792 1792\"><path d=\"M1408 960v-128q0-26-19-45t-45-19h-320v-320q0-26-19-45t-45-19h-128q-26 0-45 19t-19 45v320h-320q-26 0-45 19t-19 45v128q0 26 19 45t45 19h320v320q0 26 19 45t45 19h128q26 0 45-19t19-45v-320h320q26 0 45-19t19-45zm256-544v960q0 119-84.5 203.5t-203.5 84.5h-960q-119 0-203.5-84.5t-84.5-203.5v-960q0-119 84.5-203.5t203.5-84.5h960q119 0 203.5 84.5t84.5 203.5z\"><\/path><\/svg><span class=\"tooltip\">Image to the post titled: VIII Opolskie Targi Ekonomii Spo\u0142ecznej w Grodzisku 22-23.06.2024 r., otworzy si\u0119 w nowym oknie<\/span><\/a><\/figure>\n\n\n\n<figure class=\"wp-block-image size-full\"><a href=\"https:\/\/es.rops-opole.pl\/wp-content\/uploads\/2024\/06\/110.png\" target=\"_blank\" rel=\"noopener\" aria-label=\"Image to the post titled: VIII Opolskie Targi Ekonomii Spo\u0142ecznej w Grodzisku 22-23.06.2024 r., otworzy si\u0119 w nowym oknie\" class=\"attachment-link target-blank use-tooltip\"><img loading=\"lazy\" decoding=\"async\" width=\"2000\" height=\"1444\" data-id=\"779\" src=\"https:\/\/es.rops-opole.pl\/wp-content\/uploads\/2024\/06\/110.png\" alt=\"\" class=\"wp-image-779\" srcset=\"https:\/\/es.rops-opole.pl\/wp-content\/uploads\/2024\/06\/110.png 2000w, https:\/\/es.rops-opole.pl\/wp-content\/uploads\/2024\/06\/110-1536x1109.png 1536w, https:\/\/es.rops-opole.pl\/wp-content\/uploads\/2024\/06\/110-820x592.png 820w, https:\/\/es.rops-opole.pl\/wp-content\/uploads\/2024\/06\/110-247x178.png 247w\" sizes=\"auto, (max-width: 2000px) 100vw, 2000px\"><svg aria-hidden=\"true\" class=\"icon-new-window\" viewbox=\"0 0 1792 1792\"><path d=\"M1408 960v-128q0-26-19-45t-45-19h-320v-320q0-26-19-45t-45-19h-128q-26 0-45 19t-19 45v320h-320q-26 0-45 19t-19 45v128q0 26 19 45t45 19h320v320q0 26 19 45t45 19h128q26 0 45-19t19-45v-320h320q26 0 45-19t19-45zm256-544v960q0 119-84.5 203.5t-203.5 84.5h-960q-119 0-203.5-84.5t-84.5-203.5v-960q0-119 84.5-203.5t203.5-84.5h960q119 0 203.5 84.5t84.5 203.5z\"><\/path><\/svg><span class=\"tooltip\">Image to the post titled: VIII Opolskie Targi Ekonomii Spo\u0142ecznej w Grodzisku 22-23.06.2024 r., otworzy si\u0119 w nowym oknie<\/span><\/a><\/figure>\n\n\n\n<figure class=\"wp-block-image size-full\"><a href=\"https:\/\/es.rops-opole.pl\/wp-content\/uploads\/2024\/06\/109.png\" target=\"_blank\" rel=\"noopener\" aria-label=\"Image to the post titled: VIII Opolskie Targi Ekonomii Spo\u0142ecznej w Grodzisku 22-23.06.2024 r., otworzy si\u0119 w nowym oknie\" class=\"attachment-link target-blank use-tooltip\"><img loading=\"lazy\" decoding=\"async\" width=\"2000\" height=\"1444\" data-id=\"778\" src=\"https:\/\/es.rops-opole.pl\/wp-content\/uploads\/2024\/06\/109.png\" alt=\"\" class=\"wp-image-778\" srcset=\"https:\/\/es.rops-opole.pl\/wp-content\/uploads\/2024\/06\/109.png 2000w, https:\/\/es.rops-opole.pl\/wp-content\/uploads\/2024\/06\/109-1536x1109.png 1536w, https:\/\/es.rops-opole.pl\/wp-content\/uploads\/2024\/06\/109-820x592.png 820w, https:\/\/es.rops-opole.pl\/wp-content\/uploads\/2024\/06\/109-247x178.png 247w\" sizes=\"auto, (max-width: 2000px) 100vw, 2000px\"><svg aria-hidden=\"true\" class=\"icon-new-window\" viewbox=\"0 0 1792 1792\"><path d=\"M1408 960v-128q0-26-19-45t-45-19h-320v-320q0-26-19-45t-45-19h-128q-26 0-45 19t-19 45v320h-320q-26 0-45 19t-19 45v128q0 26 19 45t45 19h320v320q0 26 19 45t45 19h128q26 0 45-19t19-45v-320h320q26 0 45-19t19-45zm256-544v960q0 119-84.5 203.5t-203.5 84.5h-960q-119 0-203.5-84.5t-84.5-203.5v-960q0-119 84.5-203.5t203.5-84.5h960q119 0 203.5 84.5t84.5 203.5z\"><\/path><\/svg><span class=\"tooltip\">Image to the post titled: VIII Opolskie Targi Ekonomii Spo\u0142ecznej w Grodzisku 22-23.06.2024 r., otworzy si\u0119 w nowym oknie<\/span><\/a><\/figure>\n\n\n\n<figure class=\"wp-block-image size-full\"><a href=\"https:\/\/es.rops-opole.pl\/wp-content\/uploads\/2024\/06\/108.png\" target=\"_blank\" rel=\"noopener\" aria-label=\"Image to the post titled: VIII Opolskie Targi Ekonomii Spo\u0142ecznej w Grodzisku 22-23.06.2024 r., otworzy si\u0119 w nowym oknie\" class=\"attachment-link target-blank use-tooltip\"><img loading=\"lazy\" decoding=\"async\" width=\"2000\" height=\"1444\" data-id=\"777\" src=\"https:\/\/es.rops-opole.pl\/wp-content\/uploads\/2024\/06\/108.png\" alt=\"\" class=\"wp-image-777\" srcset=\"https:\/\/es.rops-opole.pl\/wp-content\/uploads\/2024\/06\/108.png 2000w, https:\/\/es.rops-opole.pl\/wp-content\/uploads\/2024\/06\/108-1536x1109.png 1536w, https:\/\/es.rops-opole.pl\/wp-content\/uploads\/2024\/06\/108-820x592.png 820w, https:\/\/es.rops-opole.pl\/wp-content\/uploads\/2024\/06\/108-247x178.png 247w\" sizes=\"auto, (max-width: 2000px) 100vw, 2000px\"><svg aria-hidden=\"true\" class=\"icon-new-window\" viewbox=\"0 0 1792 1792\"><path d=\"M1408 960v-128q0-26-19-45t-45-19h-320v-320q0-26-19-45t-45-19h-128q-26 0-45 19t-19 45v320h-320q-26 0-45 19t-19 45v128q0 26 19 45t45 19h320v320q0 26 19 45t45 19h128q26 0 45-19t19-45v-320h320q26 0 45-19t19-45zm256-544v960q0 119-84.5 203.5t-203.5 84.5h-960q-119 0-203.5-84.5t-84.5-203.5v-960q0-119 84.5-203.5t203.5-84.5h960q119 0 203.5 84.5t84.5 203.5z\"><\/path><\/svg><span class=\"tooltip\">Image to the post titled: VIII Opolskie Targi Ekonomii Spo\u0142ecznej w Grodzisku 22-23.06.2024 r., otworzy si\u0119 w nowym oknie<\/span><\/a><\/figure>\n\n\n\n<figure class=\"wp-block-image size-full\"><a href=\"https:\/\/es.rops-opole.pl\/wp-content\/uploads\/2024\/06\/107.png\" target=\"_blank\" rel=\"noopener\" aria-label=\"Image to the post titled: VIII Opolskie Targi Ekonomii Spo\u0142ecznej w Grodzisku 22-23.06.2024 r., otworzy si\u0119 w nowym oknie\" class=\"attachment-link target-blank use-tooltip\"><img loading=\"lazy\" decoding=\"async\" width=\"2000\" height=\"1444\" data-id=\"776\" src=\"https:\/\/es.rops-opole.pl\/wp-content\/uploads\/2024\/06\/107.png\" alt=\"\" class=\"wp-image-776\" srcset=\"https:\/\/es.rops-opole.pl\/wp-content\/uploads\/2024\/06\/107.png 2000w, https:\/\/es.rops-opole.pl\/wp-content\/uploads\/2024\/06\/107-1536x1109.png 1536w, https:\/\/es.rops-opole.pl\/wp-content\/uploads\/2024\/06\/107-820x592.png 820w, https:\/\/es.rops-opole.pl\/wp-content\/uploads\/2024\/06\/107-247x178.png 247w\" sizes=\"auto, (max-width: 2000px) 100vw, 2000px\"><svg aria-hidden=\"true\" class=\"icon-new-window\" viewbox=\"0 0 1792 1792\"><path d=\"M1408 960v-128q0-26-19-45t-45-19h-320v-320q0-26-19-45t-45-19h-128q-26 0-45 19t-19 45v320h-320q-26 0-45 19t-19 45v128q0 26 19 45t45 19h320v320q0 26 19 45t45 19h128q26 0 45-19t19-45v-320h320q26 0 45-19t19-45zm256-544v960q0 119-84.5 203.5t-203.5 84.5h-960q-119 0-203.5-84.5t-84.5-203.5v-960q0-119 84.5-203.5t203.5-84.5h960q119 0 203.5 84.5t84.5 203.5z\"><\/path><\/svg><span class=\"tooltip\">Image to the post titled: VIII Opolskie Targi Ekonomii Spo\u0142ecznej w Grodzisku 22-23.06.2024 r., otworzy si\u0119 w nowym oknie<\/span><\/a><\/figure>\n\n\n\n<figure class=\"wp-block-image size-full\"><a href=\"https:\/\/es.rops-opole.pl\/wp-content\/uploads\/2024\/06\/106-1.png\" target=\"_blank\" rel=\"noopener\" aria-label=\"Image to the post titled: VIII Opolskie Targi Ekonomii Spo\u0142ecznej w Grodzisku 22-23.06.2024 r., otworzy si\u0119 w nowym oknie\" class=\"attachment-link target-blank use-tooltip\"><img loading=\"lazy\" decoding=\"async\" width=\"2000\" height=\"1444\" data-id=\"775\" src=\"https:\/\/es.rops-opole.pl\/wp-content\/uploads\/2024\/06\/106-1.png\" alt=\"\" class=\"wp-image-775\" srcset=\"https:\/\/es.rops-opole.pl\/wp-content\/uploads\/2024\/06\/106-1.png 2000w, https:\/\/es.rops-opole.pl\/wp-content\/uploads\/2024\/06\/106-1-1536x1109.png 1536w, https:\/\/es.rops-opole.pl\/wp-content\/uploads\/2024\/06\/106-1-820x592.png 820w, https:\/\/es.rops-opole.pl\/wp-content\/uploads\/2024\/06\/106-1-247x178.png 247w\" sizes=\"auto, (max-width: 2000px) 100vw, 2000px\"><svg aria-hidden=\"true\" class=\"icon-new-window\" viewbox=\"0 0 1792 1792\"><path d=\"M1408 960v-128q0-26-19-45t-45-19h-320v-320q0-26-19-45t-45-19h-128q-26 0-45 19t-19 45v320h-320q-26 0-45 19t-19 45v128q0 26 19 45t45 19h320v320q0 26 19 45t45 19h128q26 0 45-19t19-45v-320h320q26 0 45-19t19-45zm256-544v960q0 119-84.5 203.5t-203.5 84.5h-960q-119 0-203.5-84.5t-84.5-203.5v-960q0-119 84.5-203.5t203.5-84.5h960q119 0 203.5 84.5t84.5 203.5z\"><\/path><\/svg><span class=\"tooltip\">Image to the post titled: VIII Opolskie Targi Ekonomii Spo\u0142ecznej w Grodzisku 22-23.06.2024 r., otworzy si\u0119 w nowym oknie<\/span><\/a><\/figure>\n\n\n\n<figure class=\"wp-block-image size-full\"><a href=\"https:\/\/es.rops-opole.pl\/wp-content\/uploads\/2024\/06\/105.png\" target=\"_blank\" rel=\"noopener\" aria-label=\"Image to the post titled: VIII Opolskie Targi Ekonomii Spo\u0142ecznej w Grodzisku 22-23.06.2024 r., otworzy si\u0119 w nowym oknie\" class=\"attachment-link target-blank use-tooltip\"><img loading=\"lazy\" decoding=\"async\" width=\"2000\" height=\"1444\" data-id=\"774\" src=\"https:\/\/es.rops-opole.pl\/wp-content\/uploads\/2024\/06\/105.png\" alt=\"\" class=\"wp-image-774\" srcset=\"https:\/\/es.rops-opole.pl\/wp-content\/uploads\/2024\/06\/105.png 2000w, https:\/\/es.rops-opole.pl\/wp-content\/uploads\/2024\/06\/105-1536x1109.png 1536w, https:\/\/es.rops-opole.pl\/wp-content\/uploads\/2024\/06\/105-820x592.png 820w, https:\/\/es.rops-opole.pl\/wp-content\/uploads\/2024\/06\/105-247x178.png 247w\" sizes=\"auto, (max-width: 2000px) 100vw, 2000px\"><svg aria-hidden=\"true\" class=\"icon-new-window\" viewbox=\"0 0 1792 1792\"><path d=\"M1408 960v-128q0-26-19-45t-45-19h-320v-320q0-26-19-45t-45-19h-128q-26 0-45 19t-19 45v320h-320q-26 0-45 19t-19 45v128q0 26 19 45t45 19h320v320q0 26 19 45t45 19h128q26 0 45-19t19-45v-320h320q26 0 45-19t19-45zm256-544v960q0 119-84.5 203.5t-203.5 84.5h-960q-119 0-203.5-84.5t-84.5-203.5v-960q0-119 84.5-203.5t203.5-84.5h960q119 0 203.5 84.5t84.5 203.5z\"><\/path><\/svg><span class=\"tooltip\">Image to the post titled: VIII Opolskie Targi Ekonomii Spo\u0142ecznej w Grodzisku 22-23.06.2024 r., otworzy si\u0119 w nowym oknie<\/span><\/a><\/figure>\n\n\n\n<figure class=\"wp-block-image size-full\"><a href=\"https:\/\/es.rops-opole.pl\/wp-content\/uploads\/2024\/06\/104.png\" target=\"_blank\" rel=\"noopener\" aria-label=\"Image to the post titled: VIII Opolskie Targi Ekonomii Spo\u0142ecznej w Grodzisku 22-23.06.2024 r., otworzy si\u0119 w nowym oknie\" class=\"attachment-link target-blank use-tooltip\"><img loading=\"lazy\" decoding=\"async\" width=\"2000\" height=\"1444\" data-id=\"773\" src=\"https:\/\/es.rops-opole.pl\/wp-content\/uploads\/2024\/06\/104.png\" alt=\"\" class=\"wp-image-773\" srcset=\"https:\/\/es.rops-opole.pl\/wp-content\/uploads\/2024\/06\/104.png 2000w, https:\/\/es.rops-opole.pl\/wp-content\/uploads\/2024\/06\/104-1536x1109.png 1536w, https:\/\/es.rops-opole.pl\/wp-content\/uploads\/2024\/06\/104-820x592.png 820w, https:\/\/es.rops-opole.pl\/wp-content\/uploads\/2024\/06\/104-247x178.png 247w\" sizes=\"auto, (max-width: 2000px) 100vw, 2000px\"><svg aria-hidden=\"true\" class=\"icon-new-window\" viewbox=\"0 0 1792 1792\"><path d=\"M1408 960v-128q0-26-19-45t-45-19h-320v-320q0-26-19-45t-45-19h-128q-26 0-45 19t-19 45v320h-320q-26 0-45 19t-19 45v128q0 26 19 45t45 19h320v320q0 26 19 45t45 19h128q26 0 45-19t19-45v-320h320q26 0 45-19t19-45zm256-544v960q0 119-84.5 203.5t-203.5 84.5h-960q-119 0-203.5-84.5t-84.5-203.5v-960q0-119 84.5-203.5t203.5-84.5h960q119 0 203.5 84.5t84.5 203.5z\"><\/path><\/svg><span class=\"tooltip\">Image to the post titled: VIII Opolskie Targi Ekonomii Spo\u0142ecznej w Grodzisku 22-23.06.2024 r., otworzy si\u0119 w nowym oknie<\/span><\/a><\/figure>\n\n\n\n<figure class=\"wp-block-image size-full\"><a href=\"https:\/\/es.rops-opole.pl\/wp-content\/uploads\/2024\/06\/142.png\" target=\"_blank\" rel=\"noopener\" aria-label=\"Image to the post titled: VIII Opolskie Targi Ekonomii Spo\u0142ecznej w Grodzisku 22-23.06.2024 r., otworzy si\u0119 w nowym oknie\" class=\"attachment-link target-blank use-tooltip\"><img loading=\"lazy\" decoding=\"async\" width=\"2000\" height=\"1444\" data-id=\"771\" src=\"https:\/\/es.rops-opole.pl\/wp-content\/uploads\/2024\/06\/142.png\" alt=\"\" class=\"wp-image-771\" srcset=\"https:\/\/es.rops-opole.pl\/wp-content\/uploads\/2024\/06\/142.png 2000w, https:\/\/es.rops-opole.pl\/wp-content\/uploads\/2024\/06\/142-1536x1109.png 1536w, https:\/\/es.rops-opole.pl\/wp-content\/uploads\/2024\/06\/142-820x592.png 820w, https:\/\/es.rops-opole.pl\/wp-content\/uploads\/2024\/06\/142-247x178.png 247w\" sizes=\"auto, (max-width: 2000px) 100vw, 2000px\"><svg aria-hidden=\"true\" class=\"icon-new-window\" viewbox=\"0 0 1792 1792\"><path d=\"M1408 960v-128q0-26-19-45t-45-19h-320v-320q0-26-19-45t-45-19h-128q-26 0-45 19t-19 45v320h-320q-26 0-45 19t-19 45v128q0 26 19 45t45 19h320v320q0 26 19 45t45 19h128q26 0 45-19t19-45v-320h320q26 0 45-19t19-45zm256-544v960q0 119-84.5 203.5t-203.5 84.5h-960q-119 0-203.5-84.5t-84.5-203.5v-960q0-119 84.5-203.5t203.5-84.5h960q119 0 203.5 84.5t84.5 203.5z\"><\/path><\/svg><span class=\"tooltip\">Image to the post titled: VIII Opolskie Targi Ekonomii Spo\u0142ecznej w Grodzisku 22-23.06.2024 r., otworzy si\u0119 w nowym oknie<\/span><\/a><\/figure>\n\n\n\n<figure class=\"wp-block-image size-full\"><a href=\"https:\/\/es.rops-opole.pl\/wp-content\/uploads\/2024\/06\/140.png\" target=\"_blank\" rel=\"noopener\" aria-label=\"Image to the post titled: VIII Opolskie Targi Ekonomii Spo\u0142ecznej w Grodzisku 22-23.06.2024 r., otworzy si\u0119 w nowym oknie\" class=\"attachment-link target-blank use-tooltip\"><img loading=\"lazy\" decoding=\"async\" width=\"2000\" height=\"1444\" data-id=\"769\" src=\"https:\/\/es.rops-opole.pl\/wp-content\/uploads\/2024\/06\/140.png\" alt=\"\" class=\"wp-image-769\" srcset=\"https:\/\/es.rops-opole.pl\/wp-content\/uploads\/2024\/06\/140.png 2000w, https:\/\/es.rops-opole.pl\/wp-content\/uploads\/2024\/06\/140-1536x1109.png 1536w, https:\/\/es.rops-opole.pl\/wp-content\/uploads\/2024\/06\/140-820x592.png 820w, https:\/\/es.rops-opole.pl\/wp-content\/uploads\/2024\/06\/140-247x178.png 247w\" sizes=\"auto, (max-width: 2000px) 100vw, 2000px\"><svg aria-hidden=\"true\" class=\"icon-new-window\" viewbox=\"0 0 1792 1792\"><path d=\"M1408 960v-128q0-26-19-45t-45-19h-320v-320q0-26-19-45t-45-19h-128q-26 0-45 19t-19 45v320h-320q-26 0-45 19t-19 45v128q0 26 19 45t45 19h320v320q0 26 19 45t45 19h128q26 0 45-19t19-45v-320h320q26 0 45-19t19-45zm256-544v960q0 119-84.5 203.5t-203.5 84.5h-960q-119 0-203.5-84.5t-84.5-203.5v-960q0-119 84.5-203.5t203.5-84.5h960q119 0 203.5 84.5t84.5 203.5z\"><\/path><\/svg><span class=\"tooltip\">Image to the post titled: VIII Opolskie Targi Ekonomii Spo\u0142ecznej w Grodzisku 22-23.06.2024 r., otworzy si\u0119 w nowym oknie<\/span><\/a><\/figure>\n\n\n\n<figure class=\"wp-block-image size-full\"><a href=\"https:\/\/es.rops-opole.pl\/wp-content\/uploads\/2024\/06\/139.png\" target=\"_blank\" rel=\"noopener\" aria-label=\"Image to the post titled: VIII Opolskie Targi Ekonomii Spo\u0142ecznej w Grodzisku 22-23.06.2024 r., otworzy si\u0119 w nowym oknie\" class=\"attachment-link target-blank use-tooltip\"><img loading=\"lazy\" decoding=\"async\" width=\"2000\" height=\"1444\" data-id=\"768\" src=\"https:\/\/es.rops-opole.pl\/wp-content\/uploads\/2024\/06\/139.png\" alt=\"\" class=\"wp-image-768\" srcset=\"https:\/\/es.rops-opole.pl\/wp-content\/uploads\/2024\/06\/139.png 2000w, https:\/\/es.rops-opole.pl\/wp-content\/uploads\/2024\/06\/139-1536x1109.png 1536w, https:\/\/es.rops-opole.pl\/wp-content\/uploads\/2024\/06\/139-820x592.png 820w, https:\/\/es.rops-opole.pl\/wp-content\/uploads\/2024\/06\/139-247x178.png 247w\" sizes=\"auto, (max-width: 2000px) 100vw, 2000px\"><svg aria-hidden=\"true\" class=\"icon-new-window\" viewbox=\"0 0 1792 1792\"><path d=\"M1408 960v-128q0-26-19-45t-45-19h-320v-320q0-26-19-45t-45-19h-128q-26 0-45 19t-19 45v320h-320q-26 0-45 19t-19 45v128q0 26 19 45t45 19h320v320q0 26 19 45t45 19h128q26 0 45-19t19-45v-320h320q26 0 45-19t19-45zm256-544v960q0 119-84.5 203.5t-203.5 84.5h-960q-119 0-203.5-84.5t-84.5-203.5v-960q0-119 84.5-203.5t203.5-84.5h960q119 0 203.5 84.5t84.5 203.5z\"><\/path><\/svg><span class=\"tooltip\">Image to the post titled: VIII Opolskie Targi Ekonomii Spo\u0142ecznej w Grodzisku 22-23.06.2024 r., otworzy si\u0119 w nowym oknie<\/span><\/a><\/figure>\n\n\n\n<figure class=\"wp-block-image size-full\"><a href=\"https:\/\/es.rops-opole.pl\/wp-content\/uploads\/2024\/06\/138.png\" target=\"_blank\" rel=\"noopener\" aria-label=\"Image to the post titled: VIII Opolskie Targi Ekonomii Spo\u0142ecznej w Grodzisku 22-23.06.2024 r., otworzy si\u0119 w nowym oknie\" class=\"attachment-link target-blank use-tooltip\"><img loading=\"lazy\" decoding=\"async\" width=\"2000\" height=\"1444\" data-id=\"767\" src=\"https:\/\/es.rops-opole.pl\/wp-content\/uploads\/2024\/06\/138.png\" alt=\"\" class=\"wp-image-767\" srcset=\"https:\/\/es.rops-opole.pl\/wp-content\/uploads\/2024\/06\/138.png 2000w, https:\/\/es.rops-opole.pl\/wp-content\/uploads\/2024\/06\/138-1536x1109.png 1536w, https:\/\/es.rops-opole.pl\/wp-content\/uploads\/2024\/06\/138-820x592.png 820w, https:\/\/es.rops-opole.pl\/wp-content\/uploads\/2024\/06\/138-247x178.png 247w\" sizes=\"auto, (max-width: 2000px) 100vw, 2000px\"><svg aria-hidden=\"true\" class=\"icon-new-window\" viewbox=\"0 0 1792 1792\"><path d=\"M1408 960v-128q0-26-19-45t-45-19h-320v-320q0-26-19-45t-45-19h-128q-26 0-45 19t-19 45v320h-320q-26 0-45 19t-19 45v128q0 26 19 45t45 19h320v320q0 26 19 45t45 19h128q26 0 45-19t19-45v-320h320q26 0 45-19t19-45zm256-544v960q0 119-84.5 203.5t-203.5 84.5h-960q-119 0-203.5-84.5t-84.5-203.5v-960q0-119 84.5-203.5t203.5-84.5h960q119 0 203.5 84.5t84.5 203.5z\"><\/path><\/svg><span class=\"tooltip\">Image to the post titled: VIII Opolskie Targi Ekonomii Spo\u0142ecznej w Grodzisku 22-23.06.2024 r., otworzy si\u0119 w nowym oknie<\/span><\/a><\/figure>\n\n\n\n<figure class=\"wp-block-image size-full\"><a href=\"https:\/\/es.rops-opole.pl\/wp-content\/uploads\/2024\/06\/137.png\" target=\"_blank\" rel=\"noopener\" aria-label=\"Image to the post titled: VIII Opolskie Targi Ekonomii Spo\u0142ecznej w Grodzisku 22-23.06.2024 r., otworzy si\u0119 w nowym oknie\" class=\"attachment-link target-blank use-tooltip\"><img loading=\"lazy\" decoding=\"async\" width=\"2000\" height=\"1444\" data-id=\"766\" src=\"https:\/\/es.rops-opole.pl\/wp-content\/uploads\/2024\/06\/137.png\" alt=\"\" class=\"wp-image-766\" srcset=\"https:\/\/es.rops-opole.pl\/wp-content\/uploads\/2024\/06\/137.png 2000w, https:\/\/es.rops-opole.pl\/wp-content\/uploads\/2024\/06\/137-1536x1109.png 1536w, https:\/\/es.rops-opole.pl\/wp-content\/uploads\/2024\/06\/137-820x592.png 820w, https:\/\/es.rops-opole.pl\/wp-content\/uploads\/2024\/06\/137-247x178.png 247w\" sizes=\"auto, (max-width: 2000px) 100vw, 2000px\"><svg aria-hidden=\"true\" class=\"icon-new-window\" viewbox=\"0 0 1792 1792\"><path d=\"M1408 960v-128q0-26-19-45t-45-19h-320v-320q0-26-19-45t-45-19h-128q-26 0-45 19t-19 45v320h-320q-26 0-45 19t-19 45v128q0 26 19 45t45 19h320v320q0 26 19 45t45 19h128q26 0 45-19t19-45v-320h320q26 0 45-19t19-45zm256-544v960q0 119-84.5 203.5t-203.5 84.5h-960q-119 0-203.5-84.5t-84.5-203.5v-960q0-119 84.5-203.5t203.5-84.5h960q119 0 203.5 84.5t84.5 203.5z\"><\/path><\/svg><span class=\"tooltip\">Image to the post titled: VIII Opolskie Targi Ekonomii Spo\u0142ecznej w Grodzisku 22-23.06.2024 r., otworzy si\u0119 w nowym oknie<\/span><\/a><\/figure>\n\n\n\n<figure class=\"wp-block-image size-full\"><a href=\"https:\/\/es.rops-opole.pl\/wp-content\/uploads\/2024\/06\/136.png\" target=\"_blank\" rel=\"noopener\" aria-label=\"Image to the post titled: VIII Opolskie Targi Ekonomii Spo\u0142ecznej w Grodzisku 22-23.06.2024 r., otworzy si\u0119 w nowym oknie\" class=\"attachment-link target-blank use-tooltip\"><img loading=\"lazy\" decoding=\"async\" width=\"2000\" height=\"1444\" data-id=\"765\" src=\"https:\/\/es.rops-opole.pl\/wp-content\/uploads\/2024\/06\/136.png\" alt=\"\" class=\"wp-image-765\" srcset=\"https:\/\/es.rops-opole.pl\/wp-content\/uploads\/2024\/06\/136.png 2000w, https:\/\/es.rops-opole.pl\/wp-content\/uploads\/2024\/06\/136-1536x1109.png 1536w, https:\/\/es.rops-opole.pl\/wp-content\/uploads\/2024\/06\/136-820x592.png 820w, https:\/\/es.rops-opole.pl\/wp-content\/uploads\/2024\/06\/136-247x178.png 247w\" sizes=\"auto, (max-width: 2000px) 100vw, 2000px\"><svg aria-hidden=\"true\" class=\"icon-new-window\" viewbox=\"0 0 1792 1792\"><path d=\"M1408 960v-128q0-26-19-45t-45-19h-320v-320q0-26-19-45t-45-19h-128q-26 0-45 19t-19 45v320h-320q-26 0-45 19t-19 45v128q0 26 19 45t45 19h320v320q0 26 19 45t45 19h128q26 0 45-19t19-45v-320h320q26 0 45-19t19-45zm256-544v960q0 119-84.5 203.5t-203.5 84.5h-960q-119 0-203.5-84.5t-84.5-203.5v-960q0-119 84.5-203.5t203.5-84.5h960q119 0 203.5 84.5t84.5 203.5z\"><\/path><\/svg><span class=\"tooltip\">Image to the post titled: VIII Opolskie Targi Ekonomii Spo\u0142ecznej w Grodzisku 22-23.06.2024 r., otworzy si\u0119 w nowym oknie<\/span><\/a><\/figure>\n\n\n\n<figure class=\"wp-block-image size-full\"><a href=\"https:\/\/es.rops-opole.pl\/wp-content\/uploads\/2024\/06\/135.png\" target=\"_blank\" rel=\"noopener\" aria-label=\"Image to the post titled: VIII Opolskie Targi Ekonomii Spo\u0142ecznej w Grodzisku 22-23.06.2024 r., otworzy si\u0119 w nowym oknie\" class=\"attachment-link target-blank use-tooltip\"><img loading=\"lazy\" decoding=\"async\" width=\"2000\" height=\"1444\" data-id=\"764\" src=\"https:\/\/es.rops-opole.pl\/wp-content\/uploads\/2024\/06\/135.png\" alt=\"\" class=\"wp-image-764\" srcset=\"https:\/\/es.rops-opole.pl\/wp-content\/uploads\/2024\/06\/135.png 2000w, https:\/\/es.rops-opole.pl\/wp-content\/uploads\/2024\/06\/135-1536x1109.png 1536w, https:\/\/es.rops-opole.pl\/wp-content\/uploads\/2024\/06\/135-820x592.png 820w, https:\/\/es.rops-opole.pl\/wp-content\/uploads\/2024\/06\/135-247x178.png 247w\" sizes=\"auto, (max-width: 2000px) 100vw, 2000px\"><svg aria-hidden=\"true\" class=\"icon-new-window\" viewbox=\"0 0 1792 1792\"><path d=\"M1408 960v-128q0-26-19-45t-45-19h-320v-320q0-26-19-45t-45-19h-128q-26 0-45 19t-19 45v320h-320q-26 0-45 19t-19 45v128q0 26 19 45t45 19h320v320q0 26 19 45t45 19h128q26 0 45-19t19-45v-320h320q26 0 45-19t19-45zm256-544v960q0 119-84.5 203.5t-203.5 84.5h-960q-119 0-203.5-84.5t-84.5-203.5v-960q0-119 84.5-203.5t203.5-84.5h960q119 0 203.5 84.5t84.5 203.5z\"><\/path><\/svg><span class=\"tooltip\">Image to the post titled: VIII Opolskie Targi Ekonomii Spo\u0142ecznej w Grodzisku 22-23.06.2024 r., otworzy si\u0119 w nowym oknie<\/span><\/a><\/figure>\n\n\n\n<figure class=\"wp-block-image size-full\"><a href=\"https:\/\/es.rops-opole.pl\/wp-content\/uploads\/2024\/06\/134.png\" target=\"_blank\" rel=\"noopener\" aria-label=\"Image to the post titled: VIII Opolskie Targi Ekonomii Spo\u0142ecznej w Grodzisku 22-23.06.2024 r., otworzy si\u0119 w nowym oknie\" class=\"attachment-link target-blank use-tooltip\"><img loading=\"lazy\" decoding=\"async\" width=\"2000\" height=\"1444\" data-id=\"763\" src=\"https:\/\/es.rops-opole.pl\/wp-content\/uploads\/2024\/06\/134.png\" alt=\"\" class=\"wp-image-763\" srcset=\"https:\/\/es.rops-opole.pl\/wp-content\/uploads\/2024\/06\/134.png 2000w, https:\/\/es.rops-opole.pl\/wp-content\/uploads\/2024\/06\/134-1536x1109.png 1536w, https:\/\/es.rops-opole.pl\/wp-content\/uploads\/2024\/06\/134-820x592.png 820w, https:\/\/es.rops-opole.pl\/wp-content\/uploads\/2024\/06\/134-247x178.png 247w\" sizes=\"auto, (max-width: 2000px) 100vw, 2000px\"><svg aria-hidden=\"true\" class=\"icon-new-window\" viewbox=\"0 0 1792 1792\"><path d=\"M1408 960v-128q0-26-19-45t-45-19h-320v-320q0-26-19-45t-45-19h-128q-26 0-45 19t-19 45v320h-320q-26 0-45 19t-19 45v128q0 26 19 45t45 19h320v320q0 26 19 45t45 19h128q26 0 45-19t19-45v-320h320q26 0 45-19t19-45zm256-544v960q0 119-84.5 203.5t-203.5 84.5h-960q-119 0-203.5-84.5t-84.5-203.5v-960q0-119 84.5-203.5t203.5-84.5h960q119 0 203.5 84.5t84.5 203.5z\"><\/path><\/svg><span class=\"tooltip\">Image to the post titled: VIII Opolskie Targi Ekonomii Spo\u0142ecznej w Grodzisku 22-23.06.2024 r., otworzy si\u0119 w nowym oknie<\/span><\/a><\/figure>\n\n\n\n<figure class=\"wp-block-image size-full\"><a href=\"https:\/\/es.rops-opole.pl\/wp-content\/uploads\/2024\/06\/133.png\" target=\"_blank\" rel=\"noopener\" aria-label=\"Image to the post titled: VIII Opolskie Targi Ekonomii Spo\u0142ecznej w Grodzisku 22-23.06.2024 r., otworzy si\u0119 w nowym oknie\" class=\"attachment-link target-blank use-tooltip\"><img loading=\"lazy\" decoding=\"async\" width=\"2000\" height=\"1444\" data-id=\"762\" src=\"https:\/\/es.rops-opole.pl\/wp-content\/uploads\/2024\/06\/133.png\" alt=\"\" class=\"wp-image-762\" srcset=\"https:\/\/es.rops-opole.pl\/wp-content\/uploads\/2024\/06\/133.png 2000w, https:\/\/es.rops-opole.pl\/wp-content\/uploads\/2024\/06\/133-1536x1109.png 1536w, https:\/\/es.rops-opole.pl\/wp-content\/uploads\/2024\/06\/133-820x592.png 820w, https:\/\/es.rops-opole.pl\/wp-content\/uploads\/2024\/06\/133-247x178.png 247w\" sizes=\"auto, (max-width: 2000px) 100vw, 2000px\"><svg aria-hidden=\"true\" class=\"icon-new-window\" viewbox=\"0 0 1792 1792\"><path d=\"M1408 960v-128q0-26-19-45t-45-19h-320v-320q0-26-19-45t-45-19h-128q-26 0-45 19t-19 45v320h-320q-26 0-45 19t-19 45v128q0 26 19 45t45 19h320v320q0 26 19 45t45 19h128q26 0 45-19t19-45v-320h320q26 0 45-19t19-45zm256-544v960q0 119-84.5 203.5t-203.5 84.5h-960q-119 0-203.5-84.5t-84.5-203.5v-960q0-119 84.5-203.5t203.5-84.5h960q119 0 203.5 84.5t84.5 203.5z\"><\/path><\/svg><span class=\"tooltip\">Image to the post titled: VIII Opolskie Targi Ekonomii Spo\u0142ecznej w Grodzisku 22-23.06.2024 r., otworzy si\u0119 w nowym oknie<\/span><\/a><\/figure>\n\n\n\n<figure class=\"wp-block-image size-full\"><a href=\"https:\/\/es.rops-opole.pl\/wp-content\/uploads\/2024\/06\/132.png\" target=\"_blank\" rel=\"noopener\" aria-label=\"Image to the post titled: VIII Opolskie Targi Ekonomii Spo\u0142ecznej w Grodzisku 22-23.06.2024 r., otworzy si\u0119 w nowym oknie\" class=\"attachment-link target-blank use-tooltip\"><img loading=\"lazy\" decoding=\"async\" width=\"2000\" height=\"1444\" data-id=\"761\" src=\"https:\/\/es.rops-opole.pl\/wp-content\/uploads\/2024\/06\/132.png\" alt=\"\" class=\"wp-image-761\" srcset=\"https:\/\/es.rops-opole.pl\/wp-content\/uploads\/2024\/06\/132.png 2000w, https:\/\/es.rops-opole.pl\/wp-content\/uploads\/2024\/06\/132-1536x1109.png 1536w, https:\/\/es.rops-opole.pl\/wp-content\/uploads\/2024\/06\/132-820x592.png 820w, https:\/\/es.rops-opole.pl\/wp-content\/uploads\/2024\/06\/132-247x178.png 247w\" sizes=\"auto, (max-width: 2000px) 100vw, 2000px\"><svg aria-hidden=\"true\" class=\"icon-new-window\" viewbox=\"0 0 1792 1792\"><path d=\"M1408 960v-128q0-26-19-45t-45-19h-320v-320q0-26-19-45t-45-19h-128q-26 0-45 19t-19 45v320h-320q-26 0-45 19t-19 45v128q0 26 19 45t45 19h320v320q0 26 19 45t45 19h128q26 0 45-19t19-45v-320h320q26 0 45-19t19-45zm256-544v960q0 119-84.5 203.5t-203.5 84.5h-960q-119 0-203.5-84.5t-84.5-203.5v-960q0-119 84.5-203.5t203.5-84.5h960q119 0 203.5 84.5t84.5 203.5z\"><\/path><\/svg><span class=\"tooltip\">Image to the post titled: VIII Opolskie Targi Ekonomii Spo\u0142ecznej w Grodzisku 22-23.06.2024 r., otworzy si\u0119 w nowym oknie<\/span><\/a><\/figure>\n\n\n\n<figure class=\"wp-block-image size-full\"><a href=\"https:\/\/es.rops-opole.pl\/wp-content\/uploads\/2024\/06\/131-1.png\" target=\"_blank\" rel=\"noopener\" aria-label=\"Image to the post titled: VIII Opolskie Targi Ekonomii Spo\u0142ecznej w Grodzisku 22-23.06.2024 r., otworzy si\u0119 w nowym oknie\" class=\"attachment-link target-blank use-tooltip\"><img loading=\"lazy\" decoding=\"async\" width=\"2000\" height=\"1444\" data-id=\"760\" src=\"https:\/\/es.rops-opole.pl\/wp-content\/uploads\/2024\/06\/131-1.png\" alt=\"\" class=\"wp-image-760\" srcset=\"https:\/\/es.rops-opole.pl\/wp-content\/uploads\/2024\/06\/131-1.png 2000w, https:\/\/es.rops-opole.pl\/wp-content\/uploads\/2024\/06\/131-1-1536x1109.png 1536w, https:\/\/es.rops-opole.pl\/wp-content\/uploads\/2024\/06\/131-1-820x592.png 820w, https:\/\/es.rops-opole.pl\/wp-content\/uploads\/2024\/06\/131-1-247x178.png 247w\" sizes=\"auto, (max-width: 2000px) 100vw, 2000px\"><svg aria-hidden=\"true\" class=\"icon-new-window\" viewbox=\"0 0 1792 1792\"><path d=\"M1408 960v-128q0-26-19-45t-45-19h-320v-320q0-26-19-45t-45-19h-128q-26 0-45 19t-19 45v320h-320q-26 0-45 19t-19 45v128q0 26 19 45t45 19h320v320q0 26 19 45t45 19h128q26 0 45-19t19-45v-320h320q26 0 45-19t19-45zm256-544v960q0 119-84.5 203.5t-203.5 84.5h-960q-119 0-203.5-84.5t-84.5-203.5v-960q0-119 84.5-203.5t203.5-84.5h960q119 0 203.5 84.5t84.5 203.5z\"><\/path><\/svg><span class=\"tooltip\">Image to the post titled: VIII Opolskie Targi Ekonomii Spo\u0142ecznej w Grodzisku 22-23.06.2024 r., otworzy si\u0119 w nowym oknie<\/span><\/a><\/figure>\n\n\n\n<figure class=\"wp-block-image size-full\"><a href=\"https:\/\/es.rops-opole.pl\/wp-content\/uploads\/2024\/06\/130.png\" target=\"_blank\" rel=\"noopener\" aria-label=\"Image to the post titled: VIII Opolskie Targi Ekonomii Spo\u0142ecznej w Grodzisku 22-23.06.2024 r., otworzy si\u0119 w nowym oknie\" class=\"attachment-link target-blank use-tooltip\"><img loading=\"lazy\" decoding=\"async\" width=\"2000\" height=\"1444\" data-id=\"759\" src=\"https:\/\/es.rops-opole.pl\/wp-content\/uploads\/2024\/06\/130.png\" alt=\"\" class=\"wp-image-759\" srcset=\"https:\/\/es.rops-opole.pl\/wp-content\/uploads\/2024\/06\/130.png 2000w, https:\/\/es.rops-opole.pl\/wp-content\/uploads\/2024\/06\/130-1536x1109.png 1536w, https:\/\/es.rops-opole.pl\/wp-content\/uploads\/2024\/06\/130-820x592.png 820w, https:\/\/es.rops-opole.pl\/wp-content\/uploads\/2024\/06\/130-247x178.png 247w\" sizes=\"auto, (max-width: 2000px) 100vw, 2000px\"><svg aria-hidden=\"true\" class=\"icon-new-window\" viewbox=\"0 0 1792 1792\"><path d=\"M1408 960v-128q0-26-19-45t-45-19h-320v-320q0-26-19-45t-45-19h-128q-26 0-45 19t-19 45v320h-320q-26 0-45 19t-19 45v128q0 26 19 45t45 19h320v320q0 26 19 45t45 19h128q26 0 45-19t19-45v-320h320q26 0 45-19t19-45zm256-544v960q0 119-84.5 203.5t-203.5 84.5h-960q-119 0-203.5-84.5t-84.5-203.5v-960q0-119 84.5-203.5t203.5-84.5h960q119 0 203.5 84.5t84.5 203.5z\"><\/path><\/svg><span class=\"tooltip\">Image to the post titled: VIII Opolskie Targi Ekonomii Spo\u0142ecznej w Grodzisku 22-23.06.2024 r., otworzy si\u0119 w nowym oknie<\/span><\/a><\/figure>\n\n\n\n<figure class=\"wp-block-image size-full\"><a href=\"https:\/\/es.rops-opole.pl\/wp-content\/uploads\/2024\/06\/129.png\" target=\"_blank\" rel=\"noopener\" aria-label=\"Image to the post titled: VIII Opolskie Targi Ekonomii Spo\u0142ecznej w Grodzisku 22-23.06.2024 r., otworzy si\u0119 w nowym oknie\" class=\"attachment-link target-blank use-tooltip\"><img loading=\"lazy\" decoding=\"async\" width=\"2000\" height=\"1444\" data-id=\"758\" src=\"https:\/\/es.rops-opole.pl\/wp-content\/uploads\/2024\/06\/129.png\" alt=\"\" class=\"wp-image-758\" srcset=\"https:\/\/es.rops-opole.pl\/wp-content\/uploads\/2024\/06\/129.png 2000w, https:\/\/es.rops-opole.pl\/wp-content\/uploads\/2024\/06\/129-1536x1109.png 1536w, https:\/\/es.rops-opole.pl\/wp-content\/uploads\/2024\/06\/129-820x592.png 820w, https:\/\/es.rops-opole.pl\/wp-content\/uploads\/2024\/06\/129-247x178.png 247w\" sizes=\"auto, (max-width: 2000px) 100vw, 2000px\"><svg aria-hidden=\"true\" class=\"icon-new-window\" viewbox=\"0 0 1792 1792\"><path d=\"M1408 960v-128q0-26-19-45t-45-19h-320v-320q0-26-19-45t-45-19h-128q-26 0-45 19t-19 45v320h-320q-26 0-45 19t-19 45v128q0 26 19 45t45 19h320v320q0 26 19 45t45 19h128q26 0 45-19t19-45v-320h320q26 0 45-19t19-45zm256-544v960q0 119-84.5 203.5t-203.5 84.5h-960q-119 0-203.5-84.5t-84.5-203.5v-960q0-119 84.5-203.5t203.5-84.5h960q119 0 203.5 84.5t84.5 203.5z\"><\/path><\/svg><span class=\"tooltip\">Image to the post titled: VIII Opolskie Targi Ekonomii Spo\u0142ecznej w Grodzisku 22-23.06.2024 r., otworzy si\u0119 w nowym oknie<\/span><\/a><\/figure>\n\n\n\n<figure class=\"wp-block-image size-full\"><a href=\"https:\/\/es.rops-opole.pl\/wp-content\/uploads\/2024\/06\/128.png\" target=\"_blank\" rel=\"noopener\" aria-label=\"Image to the post titled: VIII Opolskie Targi Ekonomii Spo\u0142ecznej w Grodzisku 22-23.06.2024 r., otworzy si\u0119 w nowym oknie\" class=\"attachment-link target-blank use-tooltip\"><img loading=\"lazy\" decoding=\"async\" width=\"2000\" height=\"1444\" data-id=\"757\" src=\"https:\/\/es.rops-opole.pl\/wp-content\/uploads\/2024\/06\/128.png\" alt=\"\" class=\"wp-image-757\" srcset=\"https:\/\/es.rops-opole.pl\/wp-content\/uploads\/2024\/06\/128.png 2000w, https:\/\/es.rops-opole.pl\/wp-content\/uploads\/2024\/06\/128-1536x1109.png 1536w, https:\/\/es.rops-opole.pl\/wp-content\/uploads\/2024\/06\/128-820x592.png 820w, https:\/\/es.rops-opole.pl\/wp-content\/uploads\/2024\/06\/128-247x178.png 247w\" sizes=\"auto, (max-width: 2000px) 100vw, 2000px\"><svg aria-hidden=\"true\" class=\"icon-new-window\" viewbox=\"0 0 1792 1792\"><path d=\"M1408 960v-128q0-26-19-45t-45-19h-320v-320q0-26-19-45t-45-19h-128q-26 0-45 19t-19 45v320h-320q-26 0-45 19t-19 45v128q0 26 19 45t45 19h320v320q0 26 19 45t45 19h128q26 0 45-19t19-45v-320h320q26 0 45-19t19-45zm256-544v960q0 119-84.5 203.5t-203.5 84.5h-960q-119 0-203.5-84.5t-84.5-203.5v-960q0-119 84.5-203.5t203.5-84.5h960q119 0 203.5 84.5t84.5 203.5z\"><\/path><\/svg><span class=\"tooltip\">Image to the post titled: VIII Opolskie Targi Ekonomii Spo\u0142ecznej w Grodzisku 22-23.06.2024 r., otworzy si\u0119 w nowym oknie<\/span><\/a><\/figure>\n\n\n\n<figure class=\"wp-block-image size-full\"><a href=\"https:\/\/es.rops-opole.pl\/wp-content\/uploads\/2024\/06\/127.png\" target=\"_blank\" rel=\"noopener\" aria-label=\"Image to the post titled: VIII Opolskie Targi Ekonomii Spo\u0142ecznej w Grodzisku 22-23.06.2024 r., otworzy si\u0119 w nowym oknie\" class=\"attachment-link target-blank use-tooltip\"><img loading=\"lazy\" decoding=\"async\" width=\"2000\" height=\"1444\" data-id=\"756\" src=\"https:\/\/es.rops-opole.pl\/wp-content\/uploads\/2024\/06\/127.png\" alt=\"\" class=\"wp-image-756\" srcset=\"https:\/\/es.rops-opole.pl\/wp-content\/uploads\/2024\/06\/127.png 2000w, https:\/\/es.rops-opole.pl\/wp-content\/uploads\/2024\/06\/127-1536x1109.png 1536w, https:\/\/es.rops-opole.pl\/wp-content\/uploads\/2024\/06\/127-820x592.png 820w, https:\/\/es.rops-opole.pl\/wp-content\/uploads\/2024\/06\/127-247x178.png 247w\" sizes=\"auto, (max-width: 2000px) 100vw, 2000px\"><svg aria-hidden=\"true\" class=\"icon-new-window\" viewbox=\"0 0 1792 1792\"><path d=\"M1408 960v-128q0-26-19-45t-45-19h-320v-320q0-26-19-45t-45-19h-128q-26 0-45 19t-19 45v320h-320q-26 0-45 19t-19 45v128q0 26 19 45t45 19h320v320q0 26 19 45t45 19h128q26 0 45-19t19-45v-320h320q26 0 45-19t19-45zm256-544v960q0 119-84.5 203.5t-203.5 84.5h-960q-119 0-203.5-84.5t-84.5-203.5v-960q0-119 84.5-203.5t203.5-84.5h960q119 0 203.5 84.5t84.5 203.5z\"><\/path><\/svg><span class=\"tooltip\">Image to the post titled: VIII Opolskie Targi Ekonomii Spo\u0142ecznej w Grodzisku 22-23.06.2024 r., otworzy si\u0119 w nowym oknie<\/span><\/a><\/figure>\n\n\n\n<figure class=\"wp-block-image size-full\"><a href=\"https:\/\/es.rops-opole.pl\/wp-content\/uploads\/2024\/06\/126.png\" target=\"_blank\" rel=\"noopener\" aria-label=\"Image to the post titled: VIII Opolskie Targi Ekonomii Spo\u0142ecznej w Grodzisku 22-23.06.2024 r., otworzy si\u0119 w nowym oknie\" class=\"attachment-link target-blank use-tooltip\"><img loading=\"lazy\" decoding=\"async\" width=\"2000\" height=\"1444\" data-id=\"755\" src=\"https:\/\/es.rops-opole.pl\/wp-content\/uploads\/2024\/06\/126.png\" alt=\"\" class=\"wp-image-755\" srcset=\"https:\/\/es.rops-opole.pl\/wp-content\/uploads\/2024\/06\/126.png 2000w, https:\/\/es.rops-opole.pl\/wp-content\/uploads\/2024\/06\/126-1536x1109.png 1536w, https:\/\/es.rops-opole.pl\/wp-content\/uploads\/2024\/06\/126-820x592.png 820w, https:\/\/es.rops-opole.pl\/wp-content\/uploads\/2024\/06\/126-247x178.png 247w\" sizes=\"auto, (max-width: 2000px) 100vw, 2000px\"><svg aria-hidden=\"true\" class=\"icon-new-window\" viewbox=\"0 0 1792 1792\"><path d=\"M1408 960v-128q0-26-19-45t-45-19h-320v-320q0-26-19-45t-45-19h-128q-26 0-45 19t-19 45v320h-320q-26 0-45 19t-19 45v128q0 26 19 45t45 19h320v320q0 26 19 45t45 19h128q26 0 45-19t19-45v-320h320q26 0 45-19t19-45zm256-544v960q0 119-84.5 203.5t-203.5 84.5h-960q-119 0-203.5-84.5t-84.5-203.5v-960q0-119 84.5-203.5t203.5-84.5h960q119 0 203.5 84.5t84.5 203.5z\"><\/path><\/svg><span class=\"tooltip\">Image to the post titled: VIII Opolskie Targi Ekonomii Spo\u0142ecznej w Grodzisku 22-23.06.2024 r., otworzy si\u0119 w nowym oknie<\/span><\/a><\/figure>\n\n\n\n<figure class=\"wp-block-image size-full\"><a href=\"https:\/\/es.rops-opole.pl\/wp-content\/uploads\/2024\/06\/125.png\" target=\"_blank\" rel=\"noopener\" aria-label=\"Image to the post titled: VIII Opolskie Targi Ekonomii Spo\u0142ecznej w Grodzisku 22-23.06.2024 r., otworzy si\u0119 w nowym oknie\" class=\"attachment-link target-blank use-tooltip\"><img loading=\"lazy\" decoding=\"async\" width=\"2000\" height=\"1444\" data-id=\"754\" src=\"https:\/\/es.rops-opole.pl\/wp-content\/uploads\/2024\/06\/125.png\" alt=\"\" class=\"wp-image-754\" srcset=\"https:\/\/es.rops-opole.pl\/wp-content\/uploads\/2024\/06\/125.png 2000w, https:\/\/es.rops-opole.pl\/wp-content\/uploads\/2024\/06\/125-1536x1109.png 1536w, https:\/\/es.rops-opole.pl\/wp-content\/uploads\/2024\/06\/125-820x592.png 820w, https:\/\/es.rops-opole.pl\/wp-content\/uploads\/2024\/06\/125-247x178.png 247w\" sizes=\"auto, (max-width: 2000px) 100vw, 2000px\"><svg aria-hidden=\"true\" class=\"icon-new-window\" viewbox=\"0 0 1792 1792\"><path d=\"M1408 960v-128q0-26-19-45t-45-19h-320v-320q0-26-19-45t-45-19h-128q-26 0-45 19t-19 45v320h-320q-26 0-45 19t-19 45v128q0 26 19 45t45 19h320v320q0 26 19 45t45 19h128q26 0 45-19t19-45v-320h320q26 0 45-19t19-45zm256-544v960q0 119-84.5 203.5t-203.5 84.5h-960q-119 0-203.5-84.5t-84.5-203.5v-960q0-119 84.5-203.5t203.5-84.5h960q119 0 203.5 84.5t84.5 203.5z\"><\/path><\/svg><span class=\"tooltip\">Image to the post titled: VIII Opolskie Targi Ekonomii Spo\u0142ecznej w Grodzisku 22-23.06.2024 r., otworzy si\u0119 w nowym oknie<\/span><\/a><\/figure>\n\n\n\n<figure class=\"wp-block-image size-full\"><a href=\"https:\/\/es.rops-opole.pl\/wp-content\/uploads\/2024\/06\/124.png\" target=\"_blank\" rel=\"noopener\" aria-label=\"Image to the post titled: VIII Opolskie Targi Ekonomii Spo\u0142ecznej w Grodzisku 22-23.06.2024 r., otworzy si\u0119 w nowym oknie\" class=\"attachment-link target-blank use-tooltip\"><img loading=\"lazy\" decoding=\"async\" width=\"2000\" height=\"1444\" data-id=\"753\" src=\"https:\/\/es.rops-opole.pl\/wp-content\/uploads\/2024\/06\/124.png\" alt=\"\" class=\"wp-image-753\" srcset=\"https:\/\/es.rops-opole.pl\/wp-content\/uploads\/2024\/06\/124.png 2000w, https:\/\/es.rops-opole.pl\/wp-content\/uploads\/2024\/06\/124-1536x1109.png 1536w, https:\/\/es.rops-opole.pl\/wp-content\/uploads\/2024\/06\/124-820x592.png 820w, https:\/\/es.rops-opole.pl\/wp-content\/uploads\/2024\/06\/124-247x178.png 247w\" sizes=\"auto, (max-width: 2000px) 100vw, 2000px\"><svg aria-hidden=\"true\" class=\"icon-new-window\" viewbox=\"0 0 1792 1792\"><path d=\"M1408 960v-128q0-26-19-45t-45-19h-320v-320q0-26-19-45t-45-19h-128q-26 0-45 19t-19 45v320h-320q-26 0-45 19t-19 45v128q0 26 19 45t45 19h320v320q0 26 19 45t45 19h128q26 0 45-19t19-45v-320h320q26 0 45-19t19-45zm256-544v960q0 119-84.5 203.5t-203.5 84.5h-960q-119 0-203.5-84.5t-84.5-203.5v-960q0-119 84.5-203.5t203.5-84.5h960q119 0 203.5 84.5t84.5 203.5z\"><\/path><\/svg><span class=\"tooltip\">Image to the post titled: VIII Opolskie Targi Ekonomii Spo\u0142ecznej w Grodzisku 22-23.06.2024 r., otworzy si\u0119 w nowym oknie<\/span><\/a><\/figure>\n\n\n\n<figure class=\"wp-block-image size-full\"><a href=\"https:\/\/es.rops-opole.pl\/wp-content\/uploads\/2024\/06\/159.png\" target=\"_blank\" rel=\"noopener\" aria-label=\"Image to the post titled: VIII Opolskie Targi Ekonomii Spo\u0142ecznej w Grodzisku 22-23.06.2024 r., otworzy si\u0119 w nowym oknie\" class=\"attachment-link target-blank use-tooltip\"><img loading=\"lazy\" decoding=\"async\" width=\"2000\" height=\"1444\" data-id=\"752\" src=\"https:\/\/es.rops-opole.pl\/wp-content\/uploads\/2024\/06\/159.png\" alt=\"\" class=\"wp-image-752\" srcset=\"https:\/\/es.rops-opole.pl\/wp-content\/uploads\/2024\/06\/159.png 2000w, https:\/\/es.rops-opole.pl\/wp-content\/uploads\/2024\/06\/159-1536x1109.png 1536w, https:\/\/es.rops-opole.pl\/wp-content\/uploads\/2024\/06\/159-820x592.png 820w, https:\/\/es.rops-opole.pl\/wp-content\/uploads\/2024\/06\/159-247x178.png 247w\" sizes=\"auto, (max-width: 2000px) 100vw, 2000px\"><svg aria-hidden=\"true\" class=\"icon-new-window\" viewbox=\"0 0 1792 1792\"><path d=\"M1408 960v-128q0-26-19-45t-45-19h-320v-320q0-26-19-45t-45-19h-128q-26 0-45 19t-19 45v320h-320q-26 0-45 19t-19 45v128q0 26 19 45t45 19h320v320q0 26 19 45t45 19h128q26 0 45-19t19-45v-320h320q26 0 45-19t19-45zm256-544v960q0 119-84.5 203.5t-203.5 84.5h-960q-119 0-203.5-84.5t-84.5-203.5v-960q0-119 84.5-203.5t203.5-84.5h960q119 0 203.5 84.5t84.5 203.5z\"><\/path><\/svg><span class=\"tooltip\">Image to the post titled: VIII Opolskie Targi Ekonomii Spo\u0142ecznej w Grodzisku 22-23.06.2024 r., otworzy si\u0119 w nowym oknie<\/span><\/a><\/figure>\n\n\n\n<figure class=\"wp-block-image size-full\"><a href=\"https:\/\/es.rops-opole.pl\/wp-content\/uploads\/2024\/06\/158.png\" target=\"_blank\" rel=\"noopener\" aria-label=\"Image to the post titled: VIII Opolskie Targi Ekonomii Spo\u0142ecznej w Grodzisku 22-23.06.2024 r., otworzy si\u0119 w nowym oknie\" class=\"attachment-link target-blank use-tooltip\"><img loading=\"lazy\" decoding=\"async\" width=\"2000\" height=\"1444\" data-id=\"751\" src=\"https:\/\/es.rops-opole.pl\/wp-content\/uploads\/2024\/06\/158.png\" alt=\"\" class=\"wp-image-751\" srcset=\"https:\/\/es.rops-opole.pl\/wp-content\/uploads\/2024\/06\/158.png 2000w, https:\/\/es.rops-opole.pl\/wp-content\/uploads\/2024\/06\/158-1536x1109.png 1536w, https:\/\/es.rops-opole.pl\/wp-content\/uploads\/2024\/06\/158-820x592.png 820w, https:\/\/es.rops-opole.pl\/wp-content\/uploads\/2024\/06\/158-247x178.png 247w\" sizes=\"auto, (max-width: 2000px) 100vw, 2000px\"><svg aria-hidden=\"true\" class=\"icon-new-window\" viewbox=\"0 0 1792 1792\"><path d=\"M1408 960v-128q0-26-19-45t-45-19h-320v-320q0-26-19-45t-45-19h-128q-26 0-45 19t-19 45v320h-320q-26 0-45 19t-19 45v128q0 26 19 45t45 19h320v320q0 26 19 45t45 19h128q26 0 45-19t19-45v-320h320q26 0 45-19t19-45zm256-544v960q0 119-84.5 203.5t-203.5 84.5h-960q-119 0-203.5-84.5t-84.5-203.5v-960q0-119 84.5-203.5t203.5-84.5h960q119 0 203.5 84.5t84.5 203.5z\"><\/path><\/svg><span class=\"tooltip\">Image to the post titled: VIII Opolskie Targi Ekonomii Spo\u0142ecznej w Grodzisku 22-23.06.2024 r., otworzy si\u0119 w nowym oknie<\/span><\/a><\/figure>\n\n\n\n<figure class=\"wp-block-image size-full\"><a href=\"https:\/\/es.rops-opole.pl\/wp-content\/uploads\/2024\/06\/157.png\" target=\"_blank\" rel=\"noopener\" aria-label=\"Image to the post titled: VIII Opolskie Targi Ekonomii Spo\u0142ecznej w Grodzisku 22-23.06.2024 r., otworzy si\u0119 w nowym oknie\" class=\"attachment-link target-blank use-tooltip\"><img loading=\"lazy\" decoding=\"async\" width=\"2000\" height=\"1444\" data-id=\"750\" src=\"https:\/\/es.rops-opole.pl\/wp-content\/uploads\/2024\/06\/157.png\" alt=\"\" class=\"wp-image-750\" srcset=\"https:\/\/es.rops-opole.pl\/wp-content\/uploads\/2024\/06\/157.png 2000w, https:\/\/es.rops-opole.pl\/wp-content\/uploads\/2024\/06\/157-1536x1109.png 1536w, https:\/\/es.rops-opole.pl\/wp-content\/uploads\/2024\/06\/157-820x592.png 820w, https:\/\/es.rops-opole.pl\/wp-content\/uploads\/2024\/06\/157-247x178.png 247w\" sizes=\"auto, (max-width: 2000px) 100vw, 2000px\"><svg aria-hidden=\"true\" class=\"icon-new-window\" viewbox=\"0 0 1792 1792\"><path d=\"M1408 960v-128q0-26-19-45t-45-19h-320v-320q0-26-19-45t-45-19h-128q-26 0-45 19t-19 45v320h-320q-26 0-45 19t-19 45v128q0 26 19 45t45 19h320v320q0 26 19 45t45 19h128q26 0 45-19t19-45v-320h320q26 0 45-19t19-45zm256-544v960q0 119-84.5 203.5t-203.5 84.5h-960q-119 0-203.5-84.5t-84.5-203.5v-960q0-119 84.5-203.5t203.5-84.5h960q119 0 203.5 84.5t84.5 203.5z\"><\/path><\/svg><span class=\"tooltip\">Image to the post titled: VIII Opolskie Targi Ekonomii Spo\u0142ecznej w Grodzisku 22-23.06.2024 r., otworzy si\u0119 w nowym oknie<\/span><\/a><\/figure>\n\n\n\n<figure class=\"wp-block-image size-full\"><a href=\"https:\/\/es.rops-opole.pl\/wp-content\/uploads\/2024\/06\/156.png\" target=\"_blank\" rel=\"noopener\" aria-label=\"Image to the post titled: VIII Opolskie Targi Ekonomii Spo\u0142ecznej w Grodzisku 22-23.06.2024 r., otworzy si\u0119 w nowym oknie\" class=\"attachment-link target-blank use-tooltip\"><img loading=\"lazy\" decoding=\"async\" width=\"2000\" height=\"1444\" data-id=\"749\" src=\"https:\/\/es.rops-opole.pl\/wp-content\/uploads\/2024\/06\/156.png\" alt=\"\" class=\"wp-image-749\" srcset=\"https:\/\/es.rops-opole.pl\/wp-content\/uploads\/2024\/06\/156.png 2000w, https:\/\/es.rops-opole.pl\/wp-content\/uploads\/2024\/06\/156-1536x1109.png 1536w, https:\/\/es.rops-opole.pl\/wp-content\/uploads\/2024\/06\/156-820x592.png 820w, https:\/\/es.rops-opole.pl\/wp-content\/uploads\/2024\/06\/156-247x178.png 247w\" sizes=\"auto, (max-width: 2000px) 100vw, 2000px\"><svg aria-hidden=\"true\" class=\"icon-new-window\" viewbox=\"0 0 1792 1792\"><path d=\"M1408 960v-128q0-26-19-45t-45-19h-320v-320q0-26-19-45t-45-19h-128q-26 0-45 19t-19 45v320h-320q-26 0-45 19t-19 45v128q0 26 19 45t45 19h320v320q0 26 19 45t45 19h128q26 0 45-19t19-45v-320h320q26 0 45-19t19-45zm256-544v960q0 119-84.5 203.5t-203.5 84.5h-960q-119 0-203.5-84.5t-84.5-203.5v-960q0-119 84.5-203.5t203.5-84.5h960q119 0 203.5 84.5t84.5 203.5z\"><\/path><\/svg><span class=\"tooltip\">Image to the post titled: VIII Opolskie Targi Ekonomii Spo\u0142ecznej w Grodzisku 22-23.06.2024 r., otworzy si\u0119 w nowym oknie<\/span><\/a><\/figure>\n\n\n\n<figure class=\"wp-block-image size-full\"><a href=\"https:\/\/es.rops-opole.pl\/wp-content\/uploads\/2024\/06\/154.png\" target=\"_blank\" rel=\"noopener\" aria-label=\"Image to the post titled: VIII Opolskie Targi Ekonomii Spo\u0142ecznej w Grodzisku 22-23.06.2024 r., otworzy si\u0119 w nowym oknie\" class=\"attachment-link target-blank use-tooltip\"><img loading=\"lazy\" decoding=\"async\" width=\"2000\" height=\"1444\" data-id=\"747\" src=\"https:\/\/es.rops-opole.pl\/wp-content\/uploads\/2024\/06\/154.png\" alt=\"\" class=\"wp-image-747\" srcset=\"https:\/\/es.rops-opole.pl\/wp-content\/uploads\/2024\/06\/154.png 2000w, https:\/\/es.rops-opole.pl\/wp-content\/uploads\/2024\/06\/154-1536x1109.png 1536w, https:\/\/es.rops-opole.pl\/wp-content\/uploads\/2024\/06\/154-820x592.png 820w, https:\/\/es.rops-opole.pl\/wp-content\/uploads\/2024\/06\/154-247x178.png 247w\" sizes=\"auto, (max-width: 2000px) 100vw, 2000px\"><svg aria-hidden=\"true\" class=\"icon-new-window\" viewbox=\"0 0 1792 1792\"><path d=\"M1408 960v-128q0-26-19-45t-45-19h-320v-320q0-26-19-45t-45-19h-128q-26 0-45 19t-19 45v320h-320q-26 0-45 19t-19 45v128q0 26 19 45t45 19h320v320q0 26 19 45t45 19h128q26 0 45-19t19-45v-320h320q26 0 45-19t19-45zm256-544v960q0 119-84.5 203.5t-203.5 84.5h-960q-119 0-203.5-84.5t-84.5-203.5v-960q0-119 84.5-203.5t203.5-84.5h960q119 0 203.5 84.5t84.5 203.5z\"><\/path><\/svg><span class=\"tooltip\">Image to the post titled: VIII Opolskie Targi Ekonomii Spo\u0142ecznej w Grodzisku 22-23.06.2024 r., otworzy si\u0119 w nowym oknie<\/span><\/a><\/figure>\n\n\n\n<figure class=\"wp-block-image size-full\"><a href=\"https:\/\/es.rops-opole.pl\/wp-content\/uploads\/2024\/06\/153.png\" target=\"_blank\" rel=\"noopener\" aria-label=\"Image to the post titled: VIII Opolskie Targi Ekonomii Spo\u0142ecznej w Grodzisku 22-23.06.2024 r., otworzy si\u0119 w nowym oknie\" class=\"attachment-link target-blank use-tooltip\"><img loading=\"lazy\" decoding=\"async\" width=\"2000\" height=\"1444\" data-id=\"746\" src=\"https:\/\/es.rops-opole.pl\/wp-content\/uploads\/2024\/06\/153.png\" alt=\"\" class=\"wp-image-746\" srcset=\"https:\/\/es.rops-opole.pl\/wp-content\/uploads\/2024\/06\/153.png 2000w, https:\/\/es.rops-opole.pl\/wp-content\/uploads\/2024\/06\/153-1536x1109.png 1536w, https:\/\/es.rops-opole.pl\/wp-content\/uploads\/2024\/06\/153-820x592.png 820w, https:\/\/es.rops-opole.pl\/wp-content\/uploads\/2024\/06\/153-247x178.png 247w\" sizes=\"auto, (max-width: 2000px) 100vw, 2000px\"><svg aria-hidden=\"true\" class=\"icon-new-window\" viewbox=\"0 0 1792 1792\"><path d=\"M1408 960v-128q0-26-19-45t-45-19h-320v-320q0-26-19-45t-45-19h-128q-26 0-45 19t-19 45v320h-320q-26 0-45 19t-19 45v128q0 26 19 45t45 19h320v320q0 26 19 45t45 19h128q26 0 45-19t19-45v-320h320q26 0 45-19t19-45zm256-544v960q0 119-84.5 203.5t-203.5 84.5h-960q-119 0-203.5-84.5t-84.5-203.5v-960q0-119 84.5-203.5t203.5-84.5h960q119 0 203.5 84.5t84.5 203.5z\"><\/path><\/svg><span class=\"tooltip\">Image to the post titled: VIII Opolskie Targi Ekonomii Spo\u0142ecznej w Grodzisku 22-23.06.2024 r., otworzy si\u0119 w nowym oknie<\/span><\/a><\/figure>\n\n\n\n<figure class=\"wp-block-image size-full\"><a href=\"https:\/\/es.rops-opole.pl\/wp-content\/uploads\/2024\/06\/152.png\" target=\"_blank\" rel=\"noopener\" aria-label=\"Image to the post titled: VIII Opolskie Targi Ekonomii Spo\u0142ecznej w Grodzisku 22-23.06.2024 r., otworzy si\u0119 w nowym oknie\" class=\"attachment-link target-blank use-tooltip\"><img loading=\"lazy\" decoding=\"async\" width=\"2000\" height=\"1444\" data-id=\"745\" src=\"https:\/\/es.rops-opole.pl\/wp-content\/uploads\/2024\/06\/152.png\" alt=\"\" class=\"wp-image-745\" srcset=\"https:\/\/es.rops-opole.pl\/wp-content\/uploads\/2024\/06\/152.png 2000w, https:\/\/es.rops-opole.pl\/wp-content\/uploads\/2024\/06\/152-1536x1109.png 1536w, https:\/\/es.rops-opole.pl\/wp-content\/uploads\/2024\/06\/152-820x592.png 820w, https:\/\/es.rops-opole.pl\/wp-content\/uploads\/2024\/06\/152-247x178.png 247w\" sizes=\"auto, (max-width: 2000px) 100vw, 2000px\"><svg aria-hidden=\"true\" class=\"icon-new-window\" viewbox=\"0 0 1792 1792\"><path d=\"M1408 960v-128q0-26-19-45t-45-19h-320v-320q0-26-19-45t-45-19h-128q-26 0-45 19t-19 45v320h-320q-26 0-45 19t-19 45v128q0 26 19 45t45 19h320v320q0 26 19 45t45 19h128q26 0 45-19t19-45v-320h320q26 0 45-19t19-45zm256-544v960q0 119-84.5 203.5t-203.5 84.5h-960q-119 0-203.5-84.5t-84.5-203.5v-960q0-119 84.5-203.5t203.5-84.5h960q119 0 203.5 84.5t84.5 203.5z\"><\/path><\/svg><span class=\"tooltip\">Image to the post titled: VIII Opolskie Targi Ekonomii Spo\u0142ecznej w Grodzisku 22-23.06.2024 r., otworzy si\u0119 w nowym oknie<\/span><\/a><\/figure>\n\n\n\n<figure class=\"wp-block-image size-full\"><a href=\"https:\/\/es.rops-opole.pl\/wp-content\/uploads\/2024\/06\/150.png\" target=\"_blank\" rel=\"noopener\" aria-label=\"Image to the post titled: VIII Opolskie Targi Ekonomii Spo\u0142ecznej w Grodzisku 22-23.06.2024 r., otworzy si\u0119 w nowym oknie\" class=\"attachment-link target-blank use-tooltip\"><img loading=\"lazy\" decoding=\"async\" width=\"2000\" height=\"1444\" data-id=\"743\" src=\"https:\/\/es.rops-opole.pl\/wp-content\/uploads\/2024\/06\/150.png\" alt=\"\" class=\"wp-image-743\" srcset=\"https:\/\/es.rops-opole.pl\/wp-content\/uploads\/2024\/06\/150.png 2000w, https:\/\/es.rops-opole.pl\/wp-content\/uploads\/2024\/06\/150-1536x1109.png 1536w, https:\/\/es.rops-opole.pl\/wp-content\/uploads\/2024\/06\/150-820x592.png 820w, https:\/\/es.rops-opole.pl\/wp-content\/uploads\/2024\/06\/150-247x178.png 247w\" sizes=\"auto, (max-width: 2000px) 100vw, 2000px\"><svg aria-hidden=\"true\" class=\"icon-new-window\" viewbox=\"0 0 1792 1792\"><path d=\"M1408 960v-128q0-26-19-45t-45-19h-320v-320q0-26-19-45t-45-19h-128q-26 0-45 19t-19 45v320h-320q-26 0-45 19t-19 45v128q0 26 19 45t45 19h320v320q0 26 19 45t45 19h128q26 0 45-19t19-45v-320h320q26 0 45-19t19-45zm256-544v960q0 119-84.5 203.5t-203.5 84.5h-960q-119 0-203.5-84.5t-84.5-203.5v-960q0-119 84.5-203.5t203.5-84.5h960q119 0 203.5 84.5t84.5 203.5z\"><\/path><\/svg><span class=\"tooltip\">Image to the post titled: VIII Opolskie Targi Ekonomii Spo\u0142ecznej w Grodzisku 22-23.06.2024 r., otworzy si\u0119 w nowym oknie<\/span><\/a><\/figure>\n\n\n\n<figure class=\"wp-block-image size-full\"><a href=\"https:\/\/es.rops-opole.pl\/wp-content\/uploads\/2024\/06\/149.png\" target=\"_blank\" rel=\"noopener\" aria-label=\"Image to the post titled: VIII Opolskie Targi Ekonomii Spo\u0142ecznej w Grodzisku 22-23.06.2024 r., otworzy si\u0119 w nowym oknie\" class=\"attachment-link target-blank use-tooltip\"><img loading=\"lazy\" decoding=\"async\" width=\"2000\" height=\"1444\" data-id=\"742\" src=\"https:\/\/es.rops-opole.pl\/wp-content\/uploads\/2024\/06\/149.png\" alt=\"\" class=\"wp-image-742\" srcset=\"https:\/\/es.rops-opole.pl\/wp-content\/uploads\/2024\/06\/149.png 2000w, https:\/\/es.rops-opole.pl\/wp-content\/uploads\/2024\/06\/149-1536x1109.png 1536w, https:\/\/es.rops-opole.pl\/wp-content\/uploads\/2024\/06\/149-820x592.png 820w, https:\/\/es.rops-opole.pl\/wp-content\/uploads\/2024\/06\/149-247x178.png 247w\" sizes=\"auto, (max-width: 2000px) 100vw, 2000px\"><svg aria-hidden=\"true\" class=\"icon-new-window\" viewbox=\"0 0 1792 1792\"><path d=\"M1408 960v-128q0-26-19-45t-45-19h-320v-320q0-26-19-45t-45-19h-128q-26 0-45 19t-19 45v320h-320q-26 0-45 19t-19 45v128q0 26 19 45t45 19h320v320q0 26 19 45t45 19h128q26 0 45-19t19-45v-320h320q26 0 45-19t19-45zm256-544v960q0 119-84.5 203.5t-203.5 84.5h-960q-119 0-203.5-84.5t-84.5-203.5v-960q0-119 84.5-203.5t203.5-84.5h960q119 0 203.5 84.5t84.5 203.5z\"><\/path><\/svg><span class=\"tooltip\">Image to the post titled: VIII Opolskie Targi Ekonomii Spo\u0142ecznej w Grodzisku 22-23.06.2024 r., otworzy si\u0119 w nowym oknie<\/span><\/a><\/figure>\n\n\n\n<figure class=\"wp-block-image size-full\"><a href=\"https:\/\/es.rops-opole.pl\/wp-content\/uploads\/2024\/06\/148.png\" target=\"_blank\" rel=\"noopener\" aria-label=\"Image to the post titled: VIII Opolskie Targi Ekonomii Spo\u0142ecznej w Grodzisku 22-23.06.2024 r., otworzy si\u0119 w nowym oknie\" class=\"attachment-link target-blank use-tooltip\"><img loading=\"lazy\" decoding=\"async\" width=\"2000\" height=\"1444\" data-id=\"741\" src=\"https:\/\/es.rops-opole.pl\/wp-content\/uploads\/2024\/06\/148.png\" alt=\"\" class=\"wp-image-741\" srcset=\"https:\/\/es.rops-opole.pl\/wp-content\/uploads\/2024\/06\/148.png 2000w, https:\/\/es.rops-opole.pl\/wp-content\/uploads\/2024\/06\/148-1536x1109.png 1536w, https:\/\/es.rops-opole.pl\/wp-content\/uploads\/2024\/06\/148-820x592.png 820w, https:\/\/es.rops-opole.pl\/wp-content\/uploads\/2024\/06\/148-247x178.png 247w\" sizes=\"auto, (max-width: 2000px) 100vw, 2000px\"><svg aria-hidden=\"true\" class=\"icon-new-window\" viewbox=\"0 0 1792 1792\"><path d=\"M1408 960v-128q0-26-19-45t-45-19h-320v-320q0-26-19-45t-45-19h-128q-26 0-45 19t-19 45v320h-320q-26 0-45 19t-19 45v128q0 26 19 45t45 19h320v320q0 26 19 45t45 19h128q26 0 45-19t19-45v-320h320q26 0 45-19t19-45zm256-544v960q0 119-84.5 203.5t-203.5 84.5h-960q-119 0-203.5-84.5t-84.5-203.5v-960q0-119 84.5-203.5t203.5-84.5h960q119 0 203.5 84.5t84.5 203.5z\"><\/path><\/svg><span class=\"tooltip\">Image to the post titled: VIII Opolskie Targi Ekonomii Spo\u0142ecznej w Grodzisku 22-23.06.2024 r., otworzy si\u0119 w nowym oknie<\/span><\/a><\/figure>\n\n\n\n<figure class=\"wp-block-image size-full\"><a href=\"https:\/\/es.rops-opole.pl\/wp-content\/uploads\/2024\/06\/147.png\" target=\"_blank\" rel=\"noopener\" aria-label=\"Image to the post titled: VIII Opolskie Targi Ekonomii Spo\u0142ecznej w Grodzisku 22-23.06.2024 r., otworzy si\u0119 w nowym oknie\" class=\"attachment-link target-blank use-tooltip\"><img loading=\"lazy\" decoding=\"async\" width=\"2000\" height=\"1444\" data-id=\"740\" src=\"https:\/\/es.rops-opole.pl\/wp-content\/uploads\/2024\/06\/147.png\" alt=\"\" class=\"wp-image-740\" srcset=\"https:\/\/es.rops-opole.pl\/wp-content\/uploads\/2024\/06\/147.png 2000w, https:\/\/es.rops-opole.pl\/wp-content\/uploads\/2024\/06\/147-1536x1109.png 1536w, https:\/\/es.rops-opole.pl\/wp-content\/uploads\/2024\/06\/147-820x592.png 820w, https:\/\/es.rops-opole.pl\/wp-content\/uploads\/2024\/06\/147-247x178.png 247w\" sizes=\"auto, (max-width: 2000px) 100vw, 2000px\"><svg aria-hidden=\"true\" class=\"icon-new-window\" viewbox=\"0 0 1792 1792\"><path d=\"M1408 960v-128q0-26-19-45t-45-19h-320v-320q0-26-19-45t-45-19h-128q-26 0-45 19t-19 45v320h-320q-26 0-45 19t-19 45v128q0 26 19 45t45 19h320v320q0 26 19 45t45 19h128q26 0 45-19t19-45v-320h320q26 0 45-19t19-45zm256-544v960q0 119-84.5 203.5t-203.5 84.5h-960q-119 0-203.5-84.5t-84.5-203.5v-960q0-119 84.5-203.5t203.5-84.5h960q119 0 203.5 84.5t84.5 203.5z\"><\/path><\/svg><span class=\"tooltip\">Image to the post titled: VIII Opolskie Targi Ekonomii Spo\u0142ecznej w Grodzisku 22-23.06.2024 r., otworzy si\u0119 w nowym oknie<\/span><\/a><\/figure>\n\n\n\n<figure class=\"wp-block-image size-full\"><a href=\"https:\/\/es.rops-opole.pl\/wp-content\/uploads\/2024\/06\/146.png\" target=\"_blank\" rel=\"noopener\" aria-label=\"Image to the post titled: VIII Opolskie Targi Ekonomii Spo\u0142ecznej w Grodzisku 22-23.06.2024 r., otworzy si\u0119 w nowym oknie\" class=\"attachment-link target-blank use-tooltip\"><img loading=\"lazy\" decoding=\"async\" width=\"2000\" height=\"1444\" data-id=\"739\" src=\"https:\/\/es.rops-opole.pl\/wp-content\/uploads\/2024\/06\/146.png\" alt=\"\" class=\"wp-image-739\" srcset=\"https:\/\/es.rops-opole.pl\/wp-content\/uploads\/2024\/06\/146.png 2000w, https:\/\/es.rops-opole.pl\/wp-content\/uploads\/2024\/06\/146-1536x1109.png 1536w, https:\/\/es.rops-opole.pl\/wp-content\/uploads\/2024\/06\/146-820x592.png 820w, https:\/\/es.rops-opole.pl\/wp-content\/uploads\/2024\/06\/146-247x178.png 247w\" sizes=\"auto, (max-width: 2000px) 100vw, 2000px\"><svg aria-hidden=\"true\" class=\"icon-new-window\" viewbox=\"0 0 1792 1792\"><path d=\"M1408 960v-128q0-26-19-45t-45-19h-320v-320q0-26-19-45t-45-19h-128q-26 0-45 19t-19 45v320h-320q-26 0-45 19t-19 45v128q0 26 19 45t45 19h320v320q0 26 19 45t45 19h128q26 0 45-19t19-45v-320h320q26 0 45-19t19-45zm256-544v960q0 119-84.5 203.5t-203.5 84.5h-960q-119 0-203.5-84.5t-84.5-203.5v-960q0-119 84.5-203.5t203.5-84.5h960q119 0 203.5 84.5t84.5 203.5z\"><\/path><\/svg><span class=\"tooltip\">Image to the post titled: VIII Opolskie Targi Ekonomii Spo\u0142ecznej w Grodzisku 22-23.06.2024 r., otworzy si\u0119 w nowym oknie<\/span><\/a><\/figure>\n\n\n\n<figure class=\"wp-block-image size-full\"><a href=\"https:\/\/es.rops-opole.pl\/wp-content\/uploads\/2024\/06\/145.png\" target=\"_blank\" rel=\"noopener\" aria-label=\"Image to the post titled: VIII Opolskie Targi Ekonomii Spo\u0142ecznej w Grodzisku 22-23.06.2024 r., otworzy si\u0119 w nowym oknie\" class=\"attachment-link target-blank use-tooltip\"><img loading=\"lazy\" decoding=\"async\" width=\"2000\" height=\"1444\" data-id=\"738\" src=\"https:\/\/es.rops-opole.pl\/wp-content\/uploads\/2024\/06\/145.png\" alt=\"\" class=\"wp-image-738\" srcset=\"https:\/\/es.rops-opole.pl\/wp-content\/uploads\/2024\/06\/145.png 2000w, https:\/\/es.rops-opole.pl\/wp-content\/uploads\/2024\/06\/145-1536x1109.png 1536w, https:\/\/es.rops-opole.pl\/wp-content\/uploads\/2024\/06\/145-820x592.png 820w, https:\/\/es.rops-opole.pl\/wp-content\/uploads\/2024\/06\/145-247x178.png 247w\" sizes=\"auto, (max-width: 2000px) 100vw, 2000px\"><svg aria-hidden=\"true\" class=\"icon-new-window\" viewbox=\"0 0 1792 1792\"><path d=\"M1408 960v-128q0-26-19-45t-45-19h-320v-320q0-26-19-45t-45-19h-128q-26 0-45 19t-19 45v320h-320q-26 0-45 19t-19 45v128q0 26 19 45t45 19h320v320q0 26 19 45t45 19h128q26 0 45-19t19-45v-320h320q26 0 45-19t19-45zm256-544v960q0 119-84.5 203.5t-203.5 84.5h-960q-119 0-203.5-84.5t-84.5-203.5v-960q0-119 84.5-203.5t203.5-84.5h960q119 0 203.5 84.5t84.5 203.5z\"><\/path><\/svg><span class=\"tooltip\">Image to the post titled: VIII Opolskie Targi Ekonomii Spo\u0142ecznej w Grodzisku 22-23.06.2024 r., otworzy si\u0119 w nowym oknie<\/span><\/a><\/figure>\n\n\n\n<figure class=\"wp-block-image size-full\"><a href=\"https:\/\/es.rops-opole.pl\/wp-content\/uploads\/2024\/06\/143.png\" target=\"_blank\" rel=\"noopener\" aria-label=\"Image to the post titled: VIII Opolskie Targi Ekonomii Spo\u0142ecznej w Grodzisku 22-23.06.2024 r., otworzy si\u0119 w nowym oknie\" class=\"attachment-link target-blank use-tooltip\"><img loading=\"lazy\" decoding=\"async\" width=\"2000\" height=\"1444\" data-id=\"736\" src=\"https:\/\/es.rops-opole.pl\/wp-content\/uploads\/2024\/06\/143.png\" alt=\"\" class=\"wp-image-736\" srcset=\"https:\/\/es.rops-opole.pl\/wp-content\/uploads\/2024\/06\/143.png 2000w, https:\/\/es.rops-opole.pl\/wp-content\/uploads\/2024\/06\/143-1536x1109.png 1536w, https:\/\/es.rops-opole.pl\/wp-content\/uploads\/2024\/06\/143-820x592.png 820w, https:\/\/es.rops-opole.pl\/wp-content\/uploads\/2024\/06\/143-247x178.png 247w\" sizes=\"auto, (max-width: 2000px) 100vw, 2000px\"><svg aria-hidden=\"true\" class=\"icon-new-window\" viewbox=\"0 0 1792 1792\"><path d=\"M1408 960v-128q0-26-19-45t-45-19h-320v-320q0-26-19-45t-45-19h-128q-26 0-45 19t-19 45v320h-320q-26 0-45 19t-19 45v128q0 26 19 45t45 19h320v320q0 26 19 45t45 19h128q26 0 45-19t19-45v-320h320q26 0 45-19t19-45zm256-544v960q0 119-84.5 203.5t-203.5 84.5h-960q-119 0-203.5-84.5t-84.5-203.5v-960q0-119 84.5-203.5t203.5-84.5h960q119 0 203.5 84.5t84.5 203.5z\"><\/path><\/svg><span class=\"tooltip\">Image to the post titled: VIII Opolskie Targi Ekonomii Spo\u0142ecznej w Grodzisku 22-23.06.2024 r., otworzy si\u0119 w nowym oknie<\/span><\/a><\/figure>\n\n\n\n<figure class=\"wp-block-image size-full\"><a href=\"https:\/\/es.rops-opole.pl\/wp-content\/uploads\/2024\/06\/176.png\" target=\"_blank\" rel=\"noopener\" aria-label=\"Image to the post titled: VIII Opolskie Targi Ekonomii Spo\u0142ecznej w Grodzisku 22-23.06.2024 r., otworzy si\u0119 w nowym oknie\" class=\"attachment-link target-blank use-tooltip\"><img loading=\"lazy\" decoding=\"async\" width=\"2000\" height=\"1444\" data-id=\"735\" src=\"https:\/\/es.rops-opole.pl\/wp-content\/uploads\/2024\/06\/176.png\" alt=\"\" class=\"wp-image-735\" srcset=\"https:\/\/es.rops-opole.pl\/wp-content\/uploads\/2024\/06\/176.png 2000w, https:\/\/es.rops-opole.pl\/wp-content\/uploads\/2024\/06\/176-1536x1109.png 1536w, https:\/\/es.rops-opole.pl\/wp-content\/uploads\/2024\/06\/176-820x592.png 820w, https:\/\/es.rops-opole.pl\/wp-content\/uploads\/2024\/06\/176-247x178.png 247w\" sizes=\"auto, (max-width: 2000px) 100vw, 2000px\"><svg aria-hidden=\"true\" class=\"icon-new-window\" viewbox=\"0 0 1792 1792\"><path d=\"M1408 960v-128q0-26-19-45t-45-19h-320v-320q0-26-19-45t-45-19h-128q-26 0-45 19t-19 45v320h-320q-26 0-45 19t-19 45v128q0 26 19 45t45 19h320v320q0 26 19 45t45 19h128q26 0 45-19t19-45v-320h320q26 0 45-19t19-45zm256-544v960q0 119-84.5 203.5t-203.5 84.5h-960q-119 0-203.5-84.5t-84.5-203.5v-960q0-119 84.5-203.5t203.5-84.5h960q119 0 203.5 84.5t84.5 203.5z\"><\/path><\/svg><span class=\"tooltip\">Image to the post titled: VIII Opolskie Targi Ekonomii Spo\u0142ecznej w Grodzisku 22-23.06.2024 r., otworzy si\u0119 w nowym oknie<\/span><\/a><\/figure>\n\n\n\n<figure class=\"wp-block-image size-full\"><a href=\"https:\/\/es.rops-opole.pl\/wp-content\/uploads\/2024\/06\/175.png\" target=\"_blank\" rel=\"noopener\" aria-label=\"Image to the post titled: VIII Opolskie Targi Ekonomii Spo\u0142ecznej w Grodzisku 22-23.06.2024 r., otworzy si\u0119 w nowym oknie\" class=\"attachment-link target-blank use-tooltip\"><img loading=\"lazy\" decoding=\"async\" width=\"2000\" height=\"1444\" data-id=\"734\" src=\"https:\/\/es.rops-opole.pl\/wp-content\/uploads\/2024\/06\/175.png\" alt=\"\" class=\"wp-image-734\" srcset=\"https:\/\/es.rops-opole.pl\/wp-content\/uploads\/2024\/06\/175.png 2000w, https:\/\/es.rops-opole.pl\/wp-content\/uploads\/2024\/06\/175-1536x1109.png 1536w, https:\/\/es.rops-opole.pl\/wp-content\/uploads\/2024\/06\/175-820x592.png 820w, https:\/\/es.rops-opole.pl\/wp-content\/uploads\/2024\/06\/175-247x178.png 247w\" sizes=\"auto, (max-width: 2000px) 100vw, 2000px\"><svg aria-hidden=\"true\" class=\"icon-new-window\" viewbox=\"0 0 1792 1792\"><path d=\"M1408 960v-128q0-26-19-45t-45-19h-320v-320q0-26-19-45t-45-19h-128q-26 0-45 19t-19 45v320h-320q-26 0-45 19t-19 45v128q0 26 19 45t45 19h320v320q0 26 19 45t45 19h128q26 0 45-19t19-45v-320h320q26 0 45-19t19-45zm256-544v960q0 119-84.5 203.5t-203.5 84.5h-960q-119 0-203.5-84.5t-84.5-203.5v-960q0-119 84.5-203.5t203.5-84.5h960q119 0 203.5 84.5t84.5 203.5z\"><\/path><\/svg><span class=\"tooltip\">Image to the post titled: VIII Opolskie Targi Ekonomii Spo\u0142ecznej w Grodzisku 22-23.06.2024 r., otworzy si\u0119 w nowym oknie<\/span><\/a><\/figure>\n\n\n\n<figure class=\"wp-block-image size-full\"><a href=\"https:\/\/es.rops-opole.pl\/wp-content\/uploads\/2024\/06\/174-1.png\" target=\"_blank\" rel=\"noopener\" aria-label=\"Image to the post titled: VIII Opolskie Targi Ekonomii Spo\u0142ecznej w Grodzisku 22-23.06.2024 r., otworzy si\u0119 w nowym oknie\" class=\"attachment-link target-blank use-tooltip\"><img loading=\"lazy\" decoding=\"async\" width=\"2000\" height=\"1444\" data-id=\"733\" src=\"https:\/\/es.rops-opole.pl\/wp-content\/uploads\/2024\/06\/174-1.png\" alt=\"\" class=\"wp-image-733\" srcset=\"https:\/\/es.rops-opole.pl\/wp-content\/uploads\/2024\/06\/174-1.png 2000w, https:\/\/es.rops-opole.pl\/wp-content\/uploads\/2024\/06\/174-1-1536x1109.png 1536w, https:\/\/es.rops-opole.pl\/wp-content\/uploads\/2024\/06\/174-1-820x592.png 820w, https:\/\/es.rops-opole.pl\/wp-content\/uploads\/2024\/06\/174-1-247x178.png 247w\" sizes=\"auto, (max-width: 2000px) 100vw, 2000px\"><svg aria-hidden=\"true\" class=\"icon-new-window\" viewbox=\"0 0 1792 1792\"><path d=\"M1408 960v-128q0-26-19-45t-45-19h-320v-320q0-26-19-45t-45-19h-128q-26 0-45 19t-19 45v320h-320q-26 0-45 19t-19 45v128q0 26 19 45t45 19h320v320q0 26 19 45t45 19h128q26 0 45-19t19-45v-320h320q26 0 45-19t19-45zm256-544v960q0 119-84.5 203.5t-203.5 84.5h-960q-119 0-203.5-84.5t-84.5-203.5v-960q0-119 84.5-203.5t203.5-84.5h960q119 0 203.5 84.5t84.5 203.5z\"><\/path><\/svg><span class=\"tooltip\">Image to the post titled: VIII Opolskie Targi Ekonomii Spo\u0142ecznej w Grodzisku 22-23.06.2024 r., otworzy si\u0119 w nowym oknie<\/span><\/a><\/figure>\n\n\n\n<figure class=\"wp-block-image size-full\"><a href=\"https:\/\/es.rops-opole.pl\/wp-content\/uploads\/2024\/06\/173.png\" target=\"_blank\" rel=\"noopener\" aria-label=\"Image to the post titled: VIII Opolskie Targi Ekonomii Spo\u0142ecznej w Grodzisku 22-23.06.2024 r., otworzy si\u0119 w nowym oknie\" class=\"attachment-link target-blank use-tooltip\"><img loading=\"lazy\" decoding=\"async\" width=\"2000\" height=\"1444\" data-id=\"732\" src=\"https:\/\/es.rops-opole.pl\/wp-content\/uploads\/2024\/06\/173.png\" alt=\"\" class=\"wp-image-732\" srcset=\"https:\/\/es.rops-opole.pl\/wp-content\/uploads\/2024\/06\/173.png 2000w, https:\/\/es.rops-opole.pl\/wp-content\/uploads\/2024\/06\/173-1536x1109.png 1536w, https:\/\/es.rops-opole.pl\/wp-content\/uploads\/2024\/06\/173-820x592.png 820w, https:\/\/es.rops-opole.pl\/wp-content\/uploads\/2024\/06\/173-247x178.png 247w\" sizes=\"auto, (max-width: 2000px) 100vw, 2000px\"><svg aria-hidden=\"true\" class=\"icon-new-window\" viewbox=\"0 0 1792 1792\"><path d=\"M1408 960v-128q0-26-19-45t-45-19h-320v-320q0-26-19-45t-45-19h-128q-26 0-45 19t-19 45v320h-320q-26 0-45 19t-19 45v128q0 26 19 45t45 19h320v320q0 26 19 45t45 19h128q26 0 45-19t19-45v-320h320q26 0 45-19t19-45zm256-544v960q0 119-84.5 203.5t-203.5 84.5h-960q-119 0-203.5-84.5t-84.5-203.5v-960q0-119 84.5-203.5t203.5-84.5h960q119 0 203.5 84.5t84.5 203.5z\"><\/path><\/svg><span class=\"tooltip\">Image to the post titled: VIII Opolskie Targi Ekonomii Spo\u0142ecznej w Grodzisku 22-23.06.2024 r., otworzy si\u0119 w nowym oknie<\/span><\/a><\/figure>\n\n\n\n<figure class=\"wp-block-image size-full\"><a href=\"https:\/\/es.rops-opole.pl\/wp-content\/uploads\/2024\/06\/172.png\" target=\"_blank\" rel=\"noopener\" aria-label=\"Image to the post titled: VIII Opolskie Targi Ekonomii Spo\u0142ecznej w Grodzisku 22-23.06.2024 r., otworzy si\u0119 w nowym oknie\" class=\"attachment-link target-blank use-tooltip\"><img loading=\"lazy\" decoding=\"async\" width=\"2000\" height=\"1444\" data-id=\"731\" src=\"https:\/\/es.rops-opole.pl\/wp-content\/uploads\/2024\/06\/172.png\" alt=\"\" class=\"wp-image-731\" srcset=\"https:\/\/es.rops-opole.pl\/wp-content\/uploads\/2024\/06\/172.png 2000w, https:\/\/es.rops-opole.pl\/wp-content\/uploads\/2024\/06\/172-1536x1109.png 1536w, https:\/\/es.rops-opole.pl\/wp-content\/uploads\/2024\/06\/172-820x592.png 820w, https:\/\/es.rops-opole.pl\/wp-content\/uploads\/2024\/06\/172-247x178.png 247w\" sizes=\"auto, (max-width: 2000px) 100vw, 2000px\"><svg aria-hidden=\"true\" class=\"icon-new-window\" viewbox=\"0 0 1792 1792\"><path d=\"M1408 960v-128q0-26-19-45t-45-19h-320v-320q0-26-19-45t-45-19h-128q-26 0-45 19t-19 45v320h-320q-26 0-45 19t-19 45v128q0 26 19 45t45 19h320v320q0 26 19 45t45 19h128q26 0 45-19t19-45v-320h320q26 0 45-19t19-45zm256-544v960q0 119-84.5 203.5t-203.5 84.5h-960q-119 0-203.5-84.5t-84.5-203.5v-960q0-119 84.5-203.5t203.5-84.5h960q119 0 203.5 84.5t84.5 203.5z\"><\/path><\/svg><span class=\"tooltip\">Image to the post titled: VIII Opolskie Targi Ekonomii Spo\u0142ecznej w Grodzisku 22-23.06.2024 r., otworzy si\u0119 w nowym oknie<\/span><\/a><\/figure>\n\n\n\n<figure class=\"wp-block-image size-full\"><a href=\"https:\/\/es.rops-opole.pl\/wp-content\/uploads\/2024\/06\/171.png\" target=\"_blank\" rel=\"noopener\" aria-label=\"Image to the post titled: VIII Opolskie Targi Ekonomii Spo\u0142ecznej w Grodzisku 22-23.06.2024 r., otworzy si\u0119 w nowym oknie\" class=\"attachment-link target-blank use-tooltip\"><img loading=\"lazy\" decoding=\"async\" width=\"2000\" height=\"1444\" data-id=\"730\" src=\"https:\/\/es.rops-opole.pl\/wp-content\/uploads\/2024\/06\/171.png\" alt=\"\" class=\"wp-image-730\" srcset=\"https:\/\/es.rops-opole.pl\/wp-content\/uploads\/2024\/06\/171.png 2000w, https:\/\/es.rops-opole.pl\/wp-content\/uploads\/2024\/06\/171-1536x1109.png 1536w, https:\/\/es.rops-opole.pl\/wp-content\/uploads\/2024\/06\/171-820x592.png 820w, https:\/\/es.rops-opole.pl\/wp-content\/uploads\/2024\/06\/171-247x178.png 247w\" sizes=\"auto, (max-width: 2000px) 100vw, 2000px\"><svg aria-hidden=\"true\" class=\"icon-new-window\" viewbox=\"0 0 1792 1792\"><path d=\"M1408 960v-128q0-26-19-45t-45-19h-320v-320q0-26-19-45t-45-19h-128q-26 0-45 19t-19 45v320h-320q-26 0-45 19t-19 45v128q0 26 19 45t45 19h320v320q0 26 19 45t45 19h128q26 0 45-19t19-45v-320h320q26 0 45-19t19-45zm256-544v960q0 119-84.5 203.5t-203.5 84.5h-960q-119 0-203.5-84.5t-84.5-203.5v-960q0-119 84.5-203.5t203.5-84.5h960q119 0 203.5 84.5t84.5 203.5z\"><\/path><\/svg><span class=\"tooltip\">Image to the post titled: VIII Opolskie Targi Ekonomii Spo\u0142ecznej w Grodzisku 22-23.06.2024 r., otworzy si\u0119 w nowym oknie<\/span><\/a><\/figure>\n\n\n\n<figure class=\"wp-block-image size-full\"><a href=\"https:\/\/es.rops-opole.pl\/wp-content\/uploads\/2024\/06\/170.png\" target=\"_blank\" rel=\"noopener\" aria-label=\"Image to the post titled: VIII Opolskie Targi Ekonomii Spo\u0142ecznej w Grodzisku 22-23.06.2024 r., otworzy si\u0119 w nowym oknie\" class=\"attachment-link target-blank use-tooltip\"><img loading=\"lazy\" decoding=\"async\" width=\"2000\" height=\"1444\" data-id=\"729\" src=\"https:\/\/es.rops-opole.pl\/wp-content\/uploads\/2024\/06\/170.png\" alt=\"\" class=\"wp-image-729\" srcset=\"https:\/\/es.rops-opole.pl\/wp-content\/uploads\/2024\/06\/170.png 2000w, https:\/\/es.rops-opole.pl\/wp-content\/uploads\/2024\/06\/170-1536x1109.png 1536w, https:\/\/es.rops-opole.pl\/wp-content\/uploads\/2024\/06\/170-820x592.png 820w, https:\/\/es.rops-opole.pl\/wp-content\/uploads\/2024\/06\/170-247x178.png 247w\" sizes=\"auto, (max-width: 2000px) 100vw, 2000px\"><svg aria-hidden=\"true\" class=\"icon-new-window\" viewbox=\"0 0 1792 1792\"><path d=\"M1408 960v-128q0-26-19-45t-45-19h-320v-320q0-26-19-45t-45-19h-128q-26 0-45 19t-19 45v320h-320q-26 0-45 19t-19 45v128q0 26 19 45t45 19h320v320q0 26 19 45t45 19h128q26 0 45-19t19-45v-320h320q26 0 45-19t19-45zm256-544v960q0 119-84.5 203.5t-203.5 84.5h-960q-119 0-203.5-84.5t-84.5-203.5v-960q0-119 84.5-203.5t203.5-84.5h960q119 0 203.5 84.5t84.5 203.5z\"><\/path><\/svg><span class=\"tooltip\">Image to the post titled: VIII Opolskie Targi Ekonomii Spo\u0142ecznej w Grodzisku 22-23.06.2024 r., otworzy si\u0119 w nowym oknie<\/span><\/a><\/figure>\n\n\n\n<figure class=\"wp-block-image size-full\"><a href=\"https:\/\/es.rops-opole.pl\/wp-content\/uploads\/2024\/06\/169.png\" target=\"_blank\" rel=\"noopener\" aria-label=\"Image to the post titled: VIII Opolskie Targi Ekonomii Spo\u0142ecznej w Grodzisku 22-23.06.2024 r., otworzy si\u0119 w nowym oknie\" class=\"attachment-link target-blank use-tooltip\"><img loading=\"lazy\" decoding=\"async\" width=\"2000\" height=\"1444\" data-id=\"728\" src=\"https:\/\/es.rops-opole.pl\/wp-content\/uploads\/2024\/06\/169.png\" alt=\"\" class=\"wp-image-728\" srcset=\"https:\/\/es.rops-opole.pl\/wp-content\/uploads\/2024\/06\/169.png 2000w, https:\/\/es.rops-opole.pl\/wp-content\/uploads\/2024\/06\/169-1536x1109.png 1536w, https:\/\/es.rops-opole.pl\/wp-content\/uploads\/2024\/06\/169-820x592.png 820w, https:\/\/es.rops-opole.pl\/wp-content\/uploads\/2024\/06\/169-247x178.png 247w\" sizes=\"auto, (max-width: 2000px) 100vw, 2000px\"><svg aria-hidden=\"true\" class=\"icon-new-window\" viewbox=\"0 0 1792 1792\"><path d=\"M1408 960v-128q0-26-19-45t-45-19h-320v-320q0-26-19-45t-45-19h-128q-26 0-45 19t-19 45v320h-320q-26 0-45 19t-19 45v128q0 26 19 45t45 19h320v320q0 26 19 45t45 19h128q26 0 45-19t19-45v-320h320q26 0 45-19t19-45zm256-544v960q0 119-84.5 203.5t-203.5 84.5h-960q-119 0-203.5-84.5t-84.5-203.5v-960q0-119 84.5-203.5t203.5-84.5h960q119 0 203.5 84.5t84.5 203.5z\"><\/path><\/svg><span class=\"tooltip\">Image to the post titled: VIII Opolskie Targi Ekonomii Spo\u0142ecznej w Grodzisku 22-23.06.2024 r., otworzy si\u0119 w nowym oknie<\/span><\/a><\/figure>\n\n\n\n<figure class=\"wp-block-image size-full\"><a href=\"https:\/\/es.rops-opole.pl\/wp-content\/uploads\/2024\/06\/168.png\" target=\"_blank\" rel=\"noopener\" aria-label=\"Image to the post titled: VIII Opolskie Targi Ekonomii Spo\u0142ecznej w Grodzisku 22-23.06.2024 r., otworzy si\u0119 w nowym oknie\" class=\"attachment-link target-blank use-tooltip\"><img loading=\"lazy\" decoding=\"async\" width=\"2000\" height=\"1444\" data-id=\"727\" src=\"https:\/\/es.rops-opole.pl\/wp-content\/uploads\/2024\/06\/168.png\" alt=\"\" class=\"wp-image-727\" srcset=\"https:\/\/es.rops-opole.pl\/wp-content\/uploads\/2024\/06\/168.png 2000w, https:\/\/es.rops-opole.pl\/wp-content\/uploads\/2024\/06\/168-1536x1109.png 1536w, https:\/\/es.rops-opole.pl\/wp-content\/uploads\/2024\/06\/168-820x592.png 820w, https:\/\/es.rops-opole.pl\/wp-content\/uploads\/2024\/06\/168-247x178.png 247w\" sizes=\"auto, (max-width: 2000px) 100vw, 2000px\"><svg aria-hidden=\"true\" class=\"icon-new-window\" viewbox=\"0 0 1792 1792\"><path d=\"M1408 960v-128q0-26-19-45t-45-19h-320v-320q0-26-19-45t-45-19h-128q-26 0-45 19t-19 45v320h-320q-26 0-45 19t-19 45v128q0 26 19 45t45 19h320v320q0 26 19 45t45 19h128q26 0 45-19t19-45v-320h320q26 0 45-19t19-45zm256-544v960q0 119-84.5 203.5t-203.5 84.5h-960q-119 0-203.5-84.5t-84.5-203.5v-960q0-119 84.5-203.5t203.5-84.5h960q119 0 203.5 84.5t84.5 203.5z\"><\/path><\/svg><span class=\"tooltip\">Image to the post titled: VIII Opolskie Targi Ekonomii Spo\u0142ecznej w Grodzisku 22-23.06.2024 r., otworzy si\u0119 w nowym oknie<\/span><\/a><\/figure>\n\n\n\n<figure class=\"wp-block-image size-full\"><a href=\"https:\/\/es.rops-opole.pl\/wp-content\/uploads\/2024\/06\/167.png\" target=\"_blank\" rel=\"noopener\" aria-label=\"Image to the post titled: VIII Opolskie Targi Ekonomii Spo\u0142ecznej w Grodzisku 22-23.06.2024 r., otworzy si\u0119 w nowym oknie\" class=\"attachment-link target-blank use-tooltip\"><img loading=\"lazy\" decoding=\"async\" width=\"2000\" height=\"1444\" data-id=\"726\" src=\"https:\/\/es.rops-opole.pl\/wp-content\/uploads\/2024\/06\/167.png\" alt=\"\" class=\"wp-image-726\" srcset=\"https:\/\/es.rops-opole.pl\/wp-content\/uploads\/2024\/06\/167.png 2000w, https:\/\/es.rops-opole.pl\/wp-content\/uploads\/2024\/06\/167-1536x1109.png 1536w\" sizes=\"auto, (max-width: 2000px) 100vw, 2000px\"><svg aria-hidden=\"true\" class=\"icon-new-window\" viewbox=\"0 0 1792 1792\"><path d=\"M1408 960v-128q0-26-19-45t-45-19h-320v-320q0-26-19-45t-45-19h-128q-26 0-45 19t-19 45v320h-320q-26 0-45 19t-19 45v128q0 26 19 45t45 19h320v320q0 26 19 45t45 19h128q26 0 45-19t19-45v-320h320q26 0 45-19t19-45zm256-544v960q0 119-84.5 203.5t-203.5 84.5h-960q-119 0-203.5-84.5t-84.5-203.5v-960q0-119 84.5-203.5t203.5-84.5h960q119 0 203.5 84.5t84.5 203.5z\"><\/path><\/svg><span class=\"tooltip\">Image to the post titled: VIII Opolskie Targi Ekonomii Spo\u0142ecznej w Grodzisku 22-23.06.2024 r., otworzy si\u0119 w nowym oknie<\/span><\/a><\/figure>\n\n\n\n<figure class=\"wp-block-image size-full\"><a href=\"https:\/\/es.rops-opole.pl\/wp-content\/uploads\/2024\/06\/166.png\" target=\"_blank\" rel=\"noopener\" aria-label=\"Image to the post titled: VIII Opolskie Targi Ekonomii Spo\u0142ecznej w Grodzisku 22-23.06.2024 r., otworzy si\u0119 w nowym oknie\" class=\"attachment-link target-blank use-tooltip\"><img loading=\"lazy\" decoding=\"async\" width=\"2000\" height=\"1444\" data-id=\"725\" src=\"https:\/\/es.rops-opole.pl\/wp-content\/uploads\/2024\/06\/166.png\" alt=\"\" class=\"wp-image-725\" srcset=\"https:\/\/es.rops-opole.pl\/wp-content\/uploads\/2024\/06\/166.png 2000w, https:\/\/es.rops-opole.pl\/wp-content\/uploads\/2024\/06\/166-1536x1109.png 1536w, https:\/\/es.rops-opole.pl\/wp-content\/uploads\/2024\/06\/166-820x592.png 820w, https:\/\/es.rops-opole.pl\/wp-content\/uploads\/2024\/06\/166-247x178.png 247w\" sizes=\"auto, (max-width: 2000px) 100vw, 2000px\"><svg aria-hidden=\"true\" class=\"icon-new-window\" viewbox=\"0 0 1792 1792\"><path d=\"M1408 960v-128q0-26-19-45t-45-19h-320v-320q0-26-19-45t-45-19h-128q-26 0-45 19t-19 45v320h-320q-26 0-45 19t-19 45v128q0 26 19 45t45 19h320v320q0 26 19 45t45 19h128q26 0 45-19t19-45v-320h320q26 0 45-19t19-45zm256-544v960q0 119-84.5 203.5t-203.5 84.5h-960q-119 0-203.5-84.5t-84.5-203.5v-960q0-119 84.5-203.5t203.5-84.5h960q119 0 203.5 84.5t84.5 203.5z\"><\/path><\/svg><span class=\"tooltip\">Image to the post titled: VIII Opolskie Targi Ekonomii Spo\u0142ecznej w Grodzisku 22-23.06.2024 r., otworzy si\u0119 w nowym oknie<\/span><\/a><\/figure>\n\n\n\n<figure class=\"wp-block-image size-full\"><a href=\"https:\/\/es.rops-opole.pl\/wp-content\/uploads\/2024\/06\/165.png\" target=\"_blank\" rel=\"noopener\" aria-label=\"Image to the post titled: VIII Opolskie Targi Ekonomii Spo\u0142ecznej w Grodzisku 22-23.06.2024 r., otworzy si\u0119 w nowym oknie\" class=\"attachment-link target-blank use-tooltip\"><img loading=\"lazy\" decoding=\"async\" width=\"2000\" height=\"1444\" data-id=\"724\" src=\"https:\/\/es.rops-opole.pl\/wp-content\/uploads\/2024\/06\/165.png\" alt=\"\" class=\"wp-image-724\" srcset=\"https:\/\/es.rops-opole.pl\/wp-content\/uploads\/2024\/06\/165.png 2000w, https:\/\/es.rops-opole.pl\/wp-content\/uploads\/2024\/06\/165-1536x1109.png 1536w, https:\/\/es.rops-opole.pl\/wp-content\/uploads\/2024\/06\/165-820x592.png 820w, https:\/\/es.rops-opole.pl\/wp-content\/uploads\/2024\/06\/165-247x178.png 247w\" sizes=\"auto, (max-width: 2000px) 100vw, 2000px\"><svg aria-hidden=\"true\" class=\"icon-new-window\" viewbox=\"0 0 1792 1792\"><path d=\"M1408 960v-128q0-26-19-45t-45-19h-320v-320q0-26-19-45t-45-19h-128q-26 0-45 19t-19 45v320h-320q-26 0-45 19t-19 45v128q0 26 19 45t45 19h320v320q0 26 19 45t45 19h128q26 0 45-19t19-45v-320h320q26 0 45-19t19-45zm256-544v960q0 119-84.5 203.5t-203.5 84.5h-960q-119 0-203.5-84.5t-84.5-203.5v-960q0-119 84.5-203.5t203.5-84.5h960q119 0 203.5 84.5t84.5 203.5z\"><\/path><\/svg><span class=\"tooltip\">Image to the post titled: VIII Opolskie Targi Ekonomii Spo\u0142ecznej w Grodzisku 22-23.06.2024 r., otworzy si\u0119 w nowym oknie<\/span><\/a><\/figure>\n\n\n\n<figure class=\"wp-block-image size-full\"><a href=\"https:\/\/es.rops-opole.pl\/wp-content\/uploads\/2024\/06\/164.png\" target=\"_blank\" rel=\"noopener\" aria-label=\"Image to the post titled: VIII Opolskie Targi Ekonomii Spo\u0142ecznej w Grodzisku 22-23.06.2024 r., otworzy si\u0119 w nowym oknie\" class=\"attachment-link target-blank use-tooltip\"><img loading=\"lazy\" decoding=\"async\" width=\"2000\" height=\"1444\" data-id=\"723\" src=\"https:\/\/es.rops-opole.pl\/wp-content\/uploads\/2024\/06\/164.png\" alt=\"\" class=\"wp-image-723\" srcset=\"https:\/\/es.rops-opole.pl\/wp-content\/uploads\/2024\/06\/164.png 2000w, https:\/\/es.rops-opole.pl\/wp-content\/uploads\/2024\/06\/164-1536x1109.png 1536w, https:\/\/es.rops-opole.pl\/wp-content\/uploads\/2024\/06\/164-820x592.png 820w, https:\/\/es.rops-opole.pl\/wp-content\/uploads\/2024\/06\/164-247x178.png 247w\" sizes=\"auto, (max-width: 2000px) 100vw, 2000px\"><svg aria-hidden=\"true\" class=\"icon-new-window\" viewbox=\"0 0 1792 1792\"><path d=\"M1408 960v-128q0-26-19-45t-45-19h-320v-320q0-26-19-45t-45-19h-128q-26 0-45 19t-19 45v320h-320q-26 0-45 19t-19 45v128q0 26 19 45t45 19h320v320q0 26 19 45t45 19h128q26 0 45-19t19-45v-320h320q26 0 45-19t19-45zm256-544v960q0 119-84.5 203.5t-203.5 84.5h-960q-119 0-203.5-84.5t-84.5-203.5v-960q0-119 84.5-203.5t203.5-84.5h960q119 0 203.5 84.5t84.5 203.5z\"><\/path><\/svg><span class=\"tooltip\">Image to the post titled: VIII Opolskie Targi Ekonomii Spo\u0142ecznej w Grodzisku 22-23.06.2024 r., otworzy si\u0119 w nowym oknie<\/span><\/a><\/figure>\n\n\n\n<figure class=\"wp-block-image size-full\"><a href=\"https:\/\/es.rops-opole.pl\/wp-content\/uploads\/2024\/06\/163.png\" target=\"_blank\" rel=\"noopener\" aria-label=\"Image to the post titled: VIII Opolskie Targi Ekonomii Spo\u0142ecznej w Grodzisku 22-23.06.2024 r., otworzy si\u0119 w nowym oknie\" class=\"attachment-link target-blank use-tooltip\"><img loading=\"lazy\" decoding=\"async\" width=\"2000\" height=\"1444\" data-id=\"722\" src=\"https:\/\/es.rops-opole.pl\/wp-content\/uploads\/2024\/06\/163.png\" alt=\"\" class=\"wp-image-722\" srcset=\"https:\/\/es.rops-opole.pl\/wp-content\/uploads\/2024\/06\/163.png 2000w, https:\/\/es.rops-opole.pl\/wp-content\/uploads\/2024\/06\/163-1536x1109.png 1536w, https:\/\/es.rops-opole.pl\/wp-content\/uploads\/2024\/06\/163-820x592.png 820w, https:\/\/es.rops-opole.pl\/wp-content\/uploads\/2024\/06\/163-247x178.png 247w\" sizes=\"auto, (max-width: 2000px) 100vw, 2000px\"><svg aria-hidden=\"true\" class=\"icon-new-window\" viewbox=\"0 0 1792 1792\"><path d=\"M1408 960v-128q0-26-19-45t-45-19h-320v-320q0-26-19-45t-45-19h-128q-26 0-45 19t-19 45v320h-320q-26 0-45 19t-19 45v128q0 26 19 45t45 19h320v320q0 26 19 45t45 19h128q26 0 45-19t19-45v-320h320q26 0 45-19t19-45zm256-544v960q0 119-84.5 203.5t-203.5 84.5h-960q-119 0-203.5-84.5t-84.5-203.5v-960q0-119 84.5-203.5t203.5-84.5h960q119 0 203.5 84.5t84.5 203.5z\"><\/path><\/svg><span class=\"tooltip\">Image to the post titled: VIII Opolskie Targi Ekonomii Spo\u0142ecznej w Grodzisku 22-23.06.2024 r., otworzy si\u0119 w nowym oknie<\/span><\/a><\/figure>\n\n\n\n<figure class=\"wp-block-image size-full\"><a href=\"https:\/\/es.rops-opole.pl\/wp-content\/uploads\/2024\/06\/162.png\" target=\"_blank\" rel=\"noopener\" aria-label=\"Image to the post titled: VIII Opolskie Targi Ekonomii Spo\u0142ecznej w Grodzisku 22-23.06.2024 r., otworzy si\u0119 w nowym oknie\" class=\"attachment-link target-blank use-tooltip\"><img loading=\"lazy\" decoding=\"async\" width=\"2000\" height=\"1444\" data-id=\"721\" src=\"https:\/\/es.rops-opole.pl\/wp-content\/uploads\/2024\/06\/162.png\" alt=\"\" class=\"wp-image-721\" srcset=\"https:\/\/es.rops-opole.pl\/wp-content\/uploads\/2024\/06\/162.png 2000w, https:\/\/es.rops-opole.pl\/wp-content\/uploads\/2024\/06\/162-1536x1109.png 1536w, https:\/\/es.rops-opole.pl\/wp-content\/uploads\/2024\/06\/162-820x592.png 820w, https:\/\/es.rops-opole.pl\/wp-content\/uploads\/2024\/06\/162-247x178.png 247w\" sizes=\"auto, (max-width: 2000px) 100vw, 2000px\"><svg aria-hidden=\"true\" class=\"icon-new-window\" viewbox=\"0 0 1792 1792\"><path d=\"M1408 960v-128q0-26-19-45t-45-19h-320v-320q0-26-19-45t-45-19h-128q-26 0-45 19t-19 45v320h-320q-26 0-45 19t-19 45v128q0 26 19 45t45 19h320v320q0 26 19 45t45 19h128q26 0 45-19t19-45v-320h320q26 0 45-19t19-45zm256-544v960q0 119-84.5 203.5t-203.5 84.5h-960q-119 0-203.5-84.5t-84.5-203.5v-960q0-119 84.5-203.5t203.5-84.5h960q119 0 203.5 84.5t84.5 203.5z\"><\/path><\/svg><span class=\"tooltip\">Image to the post titled: VIII Opolskie Targi Ekonomii Spo\u0142ecznej w Grodzisku 22-23.06.2024 r., otworzy si\u0119 w nowym oknie<\/span><\/a><\/figure>\n\n\n\n<figure class=\"wp-block-image size-full\"><a href=\"https:\/\/es.rops-opole.pl\/wp-content\/uploads\/2024\/06\/161.png\" target=\"_blank\" rel=\"noopener\" aria-label=\"Image to the post titled: VIII Opolskie Targi Ekonomii Spo\u0142ecznej w Grodzisku 22-23.06.2024 r., otworzy si\u0119 w nowym oknie\" class=\"attachment-link target-blank use-tooltip\"><img loading=\"lazy\" decoding=\"async\" width=\"2000\" height=\"1444\" data-id=\"720\" src=\"https:\/\/es.rops-opole.pl\/wp-content\/uploads\/2024\/06\/161.png\" alt=\"\" class=\"wp-image-720\" srcset=\"https:\/\/es.rops-opole.pl\/wp-content\/uploads\/2024\/06\/161.png 2000w, https:\/\/es.rops-opole.pl\/wp-content\/uploads\/2024\/06\/161-1536x1109.png 1536w, https:\/\/es.rops-opole.pl\/wp-content\/uploads\/2024\/06\/161-820x592.png 820w, https:\/\/es.rops-opole.pl\/wp-content\/uploads\/2024\/06\/161-247x178.png 247w\" sizes=\"auto, (max-width: 2000px) 100vw, 2000px\"><svg aria-hidden=\"true\" class=\"icon-new-window\" viewbox=\"0 0 1792 1792\"><path d=\"M1408 960v-128q0-26-19-45t-45-19h-320v-320q0-26-19-45t-45-19h-128q-26 0-45 19t-19 45v320h-320q-26 0-45 19t-19 45v128q0 26 19 45t45 19h320v320q0 26 19 45t45 19h128q26 0 45-19t19-45v-320h320q26 0 45-19t19-45zm256-544v960q0 119-84.5 203.5t-203.5 84.5h-960q-119 0-203.5-84.5t-84.5-203.5v-960q0-119 84.5-203.5t203.5-84.5h960q119 0 203.5 84.5t84.5 203.5z\"><\/path><\/svg><span class=\"tooltip\">Image to the post titled: VIII Opolskie Targi Ekonomii Spo\u0142ecznej w Grodzisku 22-23.06.2024 r., otworzy si\u0119 w nowym oknie<\/span><\/a><\/figure>\n\n\n\n<figure class=\"wp-block-image size-full\"><a href=\"https:\/\/es.rops-opole.pl\/wp-content\/uploads\/2024\/06\/160-1.png\" target=\"_blank\" rel=\"noopener\" aria-label=\"Image to the post titled: VIII Opolskie Targi Ekonomii Spo\u0142ecznej w Grodzisku 22-23.06.2024 r., otworzy si\u0119 w nowym oknie\" class=\"attachment-link target-blank use-tooltip\"><img loading=\"lazy\" decoding=\"async\" width=\"2000\" height=\"1444\" data-id=\"719\" src=\"https:\/\/es.rops-opole.pl\/wp-content\/uploads\/2024\/06\/160-1.png\" alt=\"\" class=\"wp-image-719\" srcset=\"https:\/\/es.rops-opole.pl\/wp-content\/uploads\/2024\/06\/160-1.png 2000w, https:\/\/es.rops-opole.pl\/wp-content\/uploads\/2024\/06\/160-1-1536x1109.png 1536w, https:\/\/es.rops-opole.pl\/wp-content\/uploads\/2024\/06\/160-1-820x592.png 820w, https:\/\/es.rops-opole.pl\/wp-content\/uploads\/2024\/06\/160-1-247x178.png 247w\" sizes=\"auto, (max-width: 2000px) 100vw, 2000px\"><svg aria-hidden=\"true\" class=\"icon-new-window\" viewbox=\"0 0 1792 1792\"><path d=\"M1408 960v-128q0-26-19-45t-45-19h-320v-320q0-26-19-45t-45-19h-128q-26 0-45 19t-19 45v320h-320q-26 0-45 19t-19 45v128q0 26 19 45t45 19h320v320q0 26 19 45t45 19h128q26 0 45-19t19-45v-320h320q26 0 45-19t19-45zm256-544v960q0 119-84.5 203.5t-203.5 84.5h-960q-119 0-203.5-84.5t-84.5-203.5v-960q0-119 84.5-203.5t203.5-84.5h960q119 0 203.5 84.5t84.5 203.5z\"><\/path><\/svg><span class=\"tooltip\">Image to the post titled: VIII Opolskie Targi Ekonomii Spo\u0142ecznej w Grodzisku 22-23.06.2024 r., otworzy si\u0119 w nowym oknie<\/span><\/a><\/figure>\n\n\n\n<figure class=\"wp-block-image size-full\"><a href=\"https:\/\/es.rops-opole.pl\/wp-content\/uploads\/2024\/06\/192.png\" target=\"_blank\" rel=\"noopener\" aria-label=\"Image to the post titled: VIII Opolskie Targi Ekonomii Spo\u0142ecznej w Grodzisku 22-23.06.2024 r., otworzy si\u0119 w nowym oknie\" class=\"attachment-link target-blank use-tooltip\"><img loading=\"lazy\" decoding=\"async\" width=\"2000\" height=\"1444\" data-id=\"716\" src=\"https:\/\/es.rops-opole.pl\/wp-content\/uploads\/2024\/06\/192.png\" alt=\"\" class=\"wp-image-716\" srcset=\"https:\/\/es.rops-opole.pl\/wp-content\/uploads\/2024\/06\/192.png 2000w, https:\/\/es.rops-opole.pl\/wp-content\/uploads\/2024\/06\/192-1536x1109.png 1536w, https:\/\/es.rops-opole.pl\/wp-content\/uploads\/2024\/06\/192-820x592.png 820w, https:\/\/es.rops-opole.pl\/wp-content\/uploads\/2024\/06\/192-247x178.png 247w\" sizes=\"auto, (max-width: 2000px) 100vw, 2000px\"><svg aria-hidden=\"true\" class=\"icon-new-window\" viewbox=\"0 0 1792 1792\"><path d=\"M1408 960v-128q0-26-19-45t-45-19h-320v-320q0-26-19-45t-45-19h-128q-26 0-45 19t-19 45v320h-320q-26 0-45 19t-19 45v128q0 26 19 45t45 19h320v320q0 26 19 45t45 19h128q26 0 45-19t19-45v-320h320q26 0 45-19t19-45zm256-544v960q0 119-84.5 203.5t-203.5 84.5h-960q-119 0-203.5-84.5t-84.5-203.5v-960q0-119 84.5-203.5t203.5-84.5h960q119 0 203.5 84.5t84.5 203.5z\"><\/path><\/svg><span class=\"tooltip\">Image to the post titled: VIII Opolskie Targi Ekonomii Spo\u0142ecznej w Grodzisku 22-23.06.2024 r., otworzy si\u0119 w nowym oknie<\/span><\/a><\/figure>\n\n\n\n<figure class=\"wp-block-image size-full\"><a href=\"https:\/\/es.rops-opole.pl\/wp-content\/uploads\/2024\/06\/191-1.png\" target=\"_blank\" rel=\"noopener\" aria-label=\"Image to the post titled: VIII Opolskie Targi Ekonomii Spo\u0142ecznej w Grodzisku 22-23.06.2024 r., otworzy si\u0119 w nowym oknie\" class=\"attachment-link target-blank use-tooltip\"><img loading=\"lazy\" decoding=\"async\" width=\"2000\" height=\"1444\" data-id=\"715\" src=\"https:\/\/es.rops-opole.pl\/wp-content\/uploads\/2024\/06\/191-1.png\" alt=\"\" class=\"wp-image-715\" srcset=\"https:\/\/es.rops-opole.pl\/wp-content\/uploads\/2024\/06\/191-1.png 2000w, https:\/\/es.rops-opole.pl\/wp-content\/uploads\/2024\/06\/191-1-1536x1109.png 1536w, https:\/\/es.rops-opole.pl\/wp-content\/uploads\/2024\/06\/191-1-820x592.png 820w, https:\/\/es.rops-opole.pl\/wp-content\/uploads\/2024\/06\/191-1-247x178.png 247w\" sizes=\"auto, (max-width: 2000px) 100vw, 2000px\"><svg aria-hidden=\"true\" class=\"icon-new-window\" viewbox=\"0 0 1792 1792\"><path d=\"M1408 960v-128q0-26-19-45t-45-19h-320v-320q0-26-19-45t-45-19h-128q-26 0-45 19t-19 45v320h-320q-26 0-45 19t-19 45v128q0 26 19 45t45 19h320v320q0 26 19 45t45 19h128q26 0 45-19t19-45v-320h320q26 0 45-19t19-45zm256-544v960q0 119-84.5 203.5t-203.5 84.5h-960q-119 0-203.5-84.5t-84.5-203.5v-960q0-119 84.5-203.5t203.5-84.5h960q119 0 203.5 84.5t84.5 203.5z\"><\/path><\/svg><span class=\"tooltip\">Image to the post titled: VIII Opolskie Targi Ekonomii Spo\u0142ecznej w Grodzisku 22-23.06.2024 r., otworzy si\u0119 w nowym oknie<\/span><\/a><\/figure>\n\n\n\n<figure class=\"wp-block-image size-full\"><a href=\"https:\/\/es.rops-opole.pl\/wp-content\/uploads\/2024\/06\/190-1.png\" target=\"_blank\" rel=\"noopener\" aria-label=\"Image to the post titled: VIII Opolskie Targi Ekonomii Spo\u0142ecznej w Grodzisku 22-23.06.2024 r., otworzy si\u0119 w nowym oknie\" class=\"attachment-link target-blank use-tooltip\"><img loading=\"lazy\" decoding=\"async\" width=\"2000\" height=\"1444\" data-id=\"714\" src=\"https:\/\/es.rops-opole.pl\/wp-content\/uploads\/2024\/06\/190-1.png\" alt=\"\" class=\"wp-image-714\" srcset=\"https:\/\/es.rops-opole.pl\/wp-content\/uploads\/2024\/06\/190-1.png 2000w, https:\/\/es.rops-opole.pl\/wp-content\/uploads\/2024\/06\/190-1-1536x1109.png 1536w, https:\/\/es.rops-opole.pl\/wp-content\/uploads\/2024\/06\/190-1-820x592.png 820w, https:\/\/es.rops-opole.pl\/wp-content\/uploads\/2024\/06\/190-1-247x178.png 247w\" sizes=\"auto, (max-width: 2000px) 100vw, 2000px\"><svg aria-hidden=\"true\" class=\"icon-new-window\" viewbox=\"0 0 1792 1792\"><path d=\"M1408 960v-128q0-26-19-45t-45-19h-320v-320q0-26-19-45t-45-19h-128q-26 0-45 19t-19 45v320h-320q-26 0-45 19t-19 45v128q0 26 19 45t45 19h320v320q0 26 19 45t45 19h128q26 0 45-19t19-45v-320h320q26 0 45-19t19-45zm256-544v960q0 119-84.5 203.5t-203.5 84.5h-960q-119 0-203.5-84.5t-84.5-203.5v-960q0-119 84.5-203.5t203.5-84.5h960q119 0 203.5 84.5t84.5 203.5z\"><\/path><\/svg><span class=\"tooltip\">Image to the post titled: VIII Opolskie Targi Ekonomii Spo\u0142ecznej w Grodzisku 22-23.06.2024 r., otworzy si\u0119 w nowym oknie<\/span><\/a><\/figure>\n\n\n\n<figure class=\"wp-block-image size-full\"><a href=\"https:\/\/es.rops-opole.pl\/wp-content\/uploads\/2024\/06\/189.png\" target=\"_blank\" rel=\"noopener\" aria-label=\"Image to the post titled: VIII Opolskie Targi Ekonomii Spo\u0142ecznej w Grodzisku 22-23.06.2024 r., otworzy si\u0119 w nowym oknie\" class=\"attachment-link target-blank use-tooltip\"><img loading=\"lazy\" decoding=\"async\" width=\"2000\" height=\"1444\" data-id=\"711\" src=\"https:\/\/es.rops-opole.pl\/wp-content\/uploads\/2024\/06\/189.png\" alt=\"\" class=\"wp-image-711\" srcset=\"https:\/\/es.rops-opole.pl\/wp-content\/uploads\/2024\/06\/189.png 2000w, https:\/\/es.rops-opole.pl\/wp-content\/uploads\/2024\/06\/189-1536x1109.png 1536w, https:\/\/es.rops-opole.pl\/wp-content\/uploads\/2024\/06\/189-820x592.png 820w, https:\/\/es.rops-opole.pl\/wp-content\/uploads\/2024\/06\/189-247x178.png 247w\" sizes=\"auto, (max-width: 2000px) 100vw, 2000px\"><svg aria-hidden=\"true\" class=\"icon-new-window\" viewbox=\"0 0 1792 1792\"><path d=\"M1408 960v-128q0-26-19-45t-45-19h-320v-320q0-26-19-45t-45-19h-128q-26 0-45 19t-19 45v320h-320q-26 0-45 19t-19 45v128q0 26 19 45t45 19h320v320q0 26 19 45t45 19h128q26 0 45-19t19-45v-320h320q26 0 45-19t19-45zm256-544v960q0 119-84.5 203.5t-203.5 84.5h-960q-119 0-203.5-84.5t-84.5-203.5v-960q0-119 84.5-203.5t203.5-84.5h960q119 0 203.5 84.5t84.5 203.5z\"><\/path><\/svg><span class=\"tooltip\">Image to the post titled: VIII Opolskie Targi Ekonomii Spo\u0142ecznej w Grodzisku 22-23.06.2024 r., otworzy si\u0119 w nowym oknie<\/span><\/a><\/figure>\n\n\n\n<figure class=\"wp-block-image size-full\"><a href=\"https:\/\/es.rops-opole.pl\/wp-content\/uploads\/2024\/06\/188.png\" target=\"_blank\" rel=\"noopener\" aria-label=\"Image to the post titled: VIII Opolskie Targi Ekonomii Spo\u0142ecznej w Grodzisku 22-23.06.2024 r., otworzy si\u0119 w nowym oknie\" class=\"attachment-link target-blank use-tooltip\"><img loading=\"lazy\" decoding=\"async\" width=\"2000\" height=\"1444\" data-id=\"710\" src=\"https:\/\/es.rops-opole.pl\/wp-content\/uploads\/2024\/06\/188.png\" alt=\"\" class=\"wp-image-710\" srcset=\"https:\/\/es.rops-opole.pl\/wp-content\/uploads\/2024\/06\/188.png 2000w, https:\/\/es.rops-opole.pl\/wp-content\/uploads\/2024\/06\/188-1536x1109.png 1536w, https:\/\/es.rops-opole.pl\/wp-content\/uploads\/2024\/06\/188-820x592.png 820w, https:\/\/es.rops-opole.pl\/wp-content\/uploads\/2024\/06\/188-247x178.png 247w\" sizes=\"auto, (max-width: 2000px) 100vw, 2000px\"><svg aria-hidden=\"true\" class=\"icon-new-window\" viewbox=\"0 0 1792 1792\"><path d=\"M1408 960v-128q0-26-19-45t-45-19h-320v-320q0-26-19-45t-45-19h-128q-26 0-45 19t-19 45v320h-320q-26 0-45 19t-19 45v128q0 26 19 45t45 19h320v320q0 26 19 45t45 19h128q26 0 45-19t19-45v-320h320q26 0 45-19t19-45zm256-544v960q0 119-84.5 203.5t-203.5 84.5h-960q-119 0-203.5-84.5t-84.5-203.5v-960q0-119 84.5-203.5t203.5-84.5h960q119 0 203.5 84.5t84.5 203.5z\"><\/path><\/svg><span class=\"tooltip\">Image to the post titled: VIII Opolskie Targi Ekonomii Spo\u0142ecznej w Grodzisku 22-23.06.2024 r., otworzy si\u0119 w nowym oknie<\/span><\/a><\/figure>\n\n\n\n<figure class=\"wp-block-image size-full\"><a href=\"https:\/\/es.rops-opole.pl\/wp-content\/uploads\/2024\/06\/187.png\" target=\"_blank\" rel=\"noopener\" aria-label=\"Image to the post titled: VIII Opolskie Targi Ekonomii Spo\u0142ecznej w Grodzisku 22-23.06.2024 r., otworzy si\u0119 w nowym oknie\" class=\"attachment-link target-blank use-tooltip\"><img loading=\"lazy\" decoding=\"async\" width=\"2000\" height=\"1444\" data-id=\"709\" src=\"https:\/\/es.rops-opole.pl\/wp-content\/uploads\/2024\/06\/187.png\" alt=\"\" class=\"wp-image-709\" srcset=\"https:\/\/es.rops-opole.pl\/wp-content\/uploads\/2024\/06\/187.png 2000w, https:\/\/es.rops-opole.pl\/wp-content\/uploads\/2024\/06\/187-1536x1109.png 1536w, https:\/\/es.rops-opole.pl\/wp-content\/uploads\/2024\/06\/187-820x592.png 820w, https:\/\/es.rops-opole.pl\/wp-content\/uploads\/2024\/06\/187-247x178.png 247w\" sizes=\"auto, (max-width: 2000px) 100vw, 2000px\"><svg aria-hidden=\"true\" class=\"icon-new-window\" viewbox=\"0 0 1792 1792\"><path d=\"M1408 960v-128q0-26-19-45t-45-19h-320v-320q0-26-19-45t-45-19h-128q-26 0-45 19t-19 45v320h-320q-26 0-45 19t-19 45v128q0 26 19 45t45 19h320v320q0 26 19 45t45 19h128q26 0 45-19t19-45v-320h320q26 0 45-19t19-45zm256-544v960q0 119-84.5 203.5t-203.5 84.5h-960q-119 0-203.5-84.5t-84.5-203.5v-960q0-119 84.5-203.5t203.5-84.5h960q119 0 203.5 84.5t84.5 203.5z\"><\/path><\/svg><span class=\"tooltip\">Image to the post titled: VIII Opolskie Targi Ekonomii Spo\u0142ecznej w Grodzisku 22-23.06.2024 r., otworzy si\u0119 w nowym oknie<\/span><\/a><\/figure>\n\n\n\n<figure class=\"wp-block-image size-full\"><a href=\"https:\/\/es.rops-opole.pl\/wp-content\/uploads\/2024\/06\/186.png\" target=\"_blank\" rel=\"noopener\" aria-label=\"Image to the post titled: VIII Opolskie Targi Ekonomii Spo\u0142ecznej w Grodzisku 22-23.06.2024 r., otworzy si\u0119 w nowym oknie\" class=\"attachment-link target-blank use-tooltip\"><img loading=\"lazy\" decoding=\"async\" width=\"2000\" height=\"1444\" data-id=\"708\" src=\"https:\/\/es.rops-opole.pl\/wp-content\/uploads\/2024\/06\/186.png\" alt=\"\" class=\"wp-image-708\" srcset=\"https:\/\/es.rops-opole.pl\/wp-content\/uploads\/2024\/06\/186.png 2000w, https:\/\/es.rops-opole.pl\/wp-content\/uploads\/2024\/06\/186-1536x1109.png 1536w, https:\/\/es.rops-opole.pl\/wp-content\/uploads\/2024\/06\/186-820x592.png 820w, https:\/\/es.rops-opole.pl\/wp-content\/uploads\/2024\/06\/186-247x178.png 247w\" sizes=\"auto, (max-width: 2000px) 100vw, 2000px\"><svg aria-hidden=\"true\" class=\"icon-new-window\" viewbox=\"0 0 1792 1792\"><path d=\"M1408 960v-128q0-26-19-45t-45-19h-320v-320q0-26-19-45t-45-19h-128q-26 0-45 19t-19 45v320h-320q-26 0-45 19t-19 45v128q0 26 19 45t45 19h320v320q0 26 19 45t45 19h128q26 0 45-19t19-45v-320h320q26 0 45-19t19-45zm256-544v960q0 119-84.5 203.5t-203.5 84.5h-960q-119 0-203.5-84.5t-84.5-203.5v-960q0-119 84.5-203.5t203.5-84.5h960q119 0 203.5 84.5t84.5 203.5z\"><\/path><\/svg><span class=\"tooltip\">Image to the post titled: VIII Opolskie Targi Ekonomii Spo\u0142ecznej w Grodzisku 22-23.06.2024 r., otworzy si\u0119 w nowym oknie<\/span><\/a><\/figure>\n\n\n\n<figure class=\"wp-block-image size-full\"><a href=\"https:\/\/es.rops-opole.pl\/wp-content\/uploads\/2024\/06\/185.png\" target=\"_blank\" rel=\"noopener\" aria-label=\"Image to the post titled: VIII Opolskie Targi Ekonomii Spo\u0142ecznej w Grodzisku 22-23.06.2024 r., otworzy si\u0119 w nowym oknie\" class=\"attachment-link target-blank use-tooltip\"><img loading=\"lazy\" decoding=\"async\" width=\"2000\" height=\"1444\" data-id=\"707\" src=\"https:\/\/es.rops-opole.pl\/wp-content\/uploads\/2024\/06\/185.png\" alt=\"\" class=\"wp-image-707\" srcset=\"https:\/\/es.rops-opole.pl\/wp-content\/uploads\/2024\/06\/185.png 2000w, https:\/\/es.rops-opole.pl\/wp-content\/uploads\/2024\/06\/185-1536x1109.png 1536w, https:\/\/es.rops-opole.pl\/wp-content\/uploads\/2024\/06\/185-820x592.png 820w, https:\/\/es.rops-opole.pl\/wp-content\/uploads\/2024\/06\/185-247x178.png 247w\" sizes=\"auto, (max-width: 2000px) 100vw, 2000px\"><svg aria-hidden=\"true\" class=\"icon-new-window\" viewbox=\"0 0 1792 1792\"><path d=\"M1408 960v-128q0-26-19-45t-45-19h-320v-320q0-26-19-45t-45-19h-128q-26 0-45 19t-19 45v320h-320q-26 0-45 19t-19 45v128q0 26 19 45t45 19h320v320q0 26 19 45t45 19h128q26 0 45-19t19-45v-320h320q26 0 45-19t19-45zm256-544v960q0 119-84.5 203.5t-203.5 84.5h-960q-119 0-203.5-84.5t-84.5-203.5v-960q0-119 84.5-203.5t203.5-84.5h960q119 0 203.5 84.5t84.5 203.5z\"><\/path><\/svg><span class=\"tooltip\">Image to the post titled: VIII Opolskie Targi Ekonomii Spo\u0142ecznej w Grodzisku 22-23.06.2024 r., otworzy si\u0119 w nowym oknie<\/span><\/a><\/figure>\n\n\n\n<figure class=\"wp-block-image size-full\"><a href=\"https:\/\/es.rops-opole.pl\/wp-content\/uploads\/2024\/06\/184.png\" target=\"_blank\" rel=\"noopener\" aria-label=\"Image to the post titled: VIII Opolskie Targi Ekonomii Spo\u0142ecznej w Grodzisku 22-23.06.2024 r., otworzy si\u0119 w nowym oknie\" class=\"attachment-link target-blank use-tooltip\"><img loading=\"lazy\" decoding=\"async\" width=\"2000\" height=\"1444\" data-id=\"706\" src=\"https:\/\/es.rops-opole.pl\/wp-content\/uploads\/2024\/06\/184.png\" alt=\"\" class=\"wp-image-706\" srcset=\"https:\/\/es.rops-opole.pl\/wp-content\/uploads\/2024\/06\/184.png 2000w, https:\/\/es.rops-opole.pl\/wp-content\/uploads\/2024\/06\/184-1536x1109.png 1536w, https:\/\/es.rops-opole.pl\/wp-content\/uploads\/2024\/06\/184-820x592.png 820w, https:\/\/es.rops-opole.pl\/wp-content\/uploads\/2024\/06\/184-247x178.png 247w\" sizes=\"auto, (max-width: 2000px) 100vw, 2000px\"><svg aria-hidden=\"true\" class=\"icon-new-window\" viewbox=\"0 0 1792 1792\"><path d=\"M1408 960v-128q0-26-19-45t-45-19h-320v-320q0-26-19-45t-45-19h-128q-26 0-45 19t-19 45v320h-320q-26 0-45 19t-19 45v128q0 26 19 45t45 19h320v320q0 26 19 45t45 19h128q26 0 45-19t19-45v-320h320q26 0 45-19t19-45zm256-544v960q0 119-84.5 203.5t-203.5 84.5h-960q-119 0-203.5-84.5t-84.5-203.5v-960q0-119 84.5-203.5t203.5-84.5h960q119 0 203.5 84.5t84.5 203.5z\"><\/path><\/svg><span class=\"tooltip\">Image to the post titled: VIII Opolskie Targi Ekonomii Spo\u0142ecznej w Grodzisku 22-23.06.2024 r., otworzy si\u0119 w nowym oknie<\/span><\/a><\/figure>\n\n\n\n<figure class=\"wp-block-image size-full\"><a href=\"https:\/\/es.rops-opole.pl\/wp-content\/uploads\/2024\/06\/183.png\" target=\"_blank\" rel=\"noopener\" aria-label=\"Image to the post titled: VIII Opolskie Targi Ekonomii Spo\u0142ecznej w Grodzisku 22-23.06.2024 r., otworzy si\u0119 w nowym oknie\" class=\"attachment-link target-blank use-tooltip\"><img loading=\"lazy\" decoding=\"async\" width=\"2000\" height=\"1444\" data-id=\"705\" src=\"https:\/\/es.rops-opole.pl\/wp-content\/uploads\/2024\/06\/183.png\" alt=\"\" class=\"wp-image-705\" srcset=\"https:\/\/es.rops-opole.pl\/wp-content\/uploads\/2024\/06\/183.png 2000w, https:\/\/es.rops-opole.pl\/wp-content\/uploads\/2024\/06\/183-1536x1109.png 1536w, https:\/\/es.rops-opole.pl\/wp-content\/uploads\/2024\/06\/183-820x592.png 820w, https:\/\/es.rops-opole.pl\/wp-content\/uploads\/2024\/06\/183-247x178.png 247w\" sizes=\"auto, (max-width: 2000px) 100vw, 2000px\"><svg aria-hidden=\"true\" class=\"icon-new-window\" viewbox=\"0 0 1792 1792\"><path d=\"M1408 960v-128q0-26-19-45t-45-19h-320v-320q0-26-19-45t-45-19h-128q-26 0-45 19t-19 45v320h-320q-26 0-45 19t-19 45v128q0 26 19 45t45 19h320v320q0 26 19 45t45 19h128q26 0 45-19t19-45v-320h320q26 0 45-19t19-45zm256-544v960q0 119-84.5 203.5t-203.5 84.5h-960q-119 0-203.5-84.5t-84.5-203.5v-960q0-119 84.5-203.5t203.5-84.5h960q119 0 203.5 84.5t84.5 203.5z\"><\/path><\/svg><span class=\"tooltip\">Image to the post titled: VIII Opolskie Targi Ekonomii Spo\u0142ecznej w Grodzisku 22-23.06.2024 r., otworzy si\u0119 w nowym oknie<\/span><\/a><\/figure>\n\n\n\n<figure class=\"wp-block-image size-full\"><a href=\"https:\/\/es.rops-opole.pl\/wp-content\/uploads\/2024\/06\/182.png\" target=\"_blank\" rel=\"noopener\" aria-label=\"Image to the post titled: VIII Opolskie Targi Ekonomii Spo\u0142ecznej w Grodzisku 22-23.06.2024 r., otworzy si\u0119 w nowym oknie\" class=\"attachment-link target-blank use-tooltip\"><img loading=\"lazy\" decoding=\"async\" width=\"2000\" height=\"1444\" data-id=\"704\" src=\"https:\/\/es.rops-opole.pl\/wp-content\/uploads\/2024\/06\/182.png\" alt=\"\" class=\"wp-image-704\" srcset=\"https:\/\/es.rops-opole.pl\/wp-content\/uploads\/2024\/06\/182.png 2000w, https:\/\/es.rops-opole.pl\/wp-content\/uploads\/2024\/06\/182-1536x1109.png 1536w, https:\/\/es.rops-opole.pl\/wp-content\/uploads\/2024\/06\/182-820x592.png 820w, https:\/\/es.rops-opole.pl\/wp-content\/uploads\/2024\/06\/182-247x178.png 247w\" sizes=\"auto, (max-width: 2000px) 100vw, 2000px\"><svg aria-hidden=\"true\" class=\"icon-new-window\" viewbox=\"0 0 1792 1792\"><path d=\"M1408 960v-128q0-26-19-45t-45-19h-320v-320q0-26-19-45t-45-19h-128q-26 0-45 19t-19 45v320h-320q-26 0-45 19t-19 45v128q0 26 19 45t45 19h320v320q0 26 19 45t45 19h128q26 0 45-19t19-45v-320h320q26 0 45-19t19-45zm256-544v960q0 119-84.5 203.5t-203.5 84.5h-960q-119 0-203.5-84.5t-84.5-203.5v-960q0-119 84.5-203.5t203.5-84.5h960q119 0 203.5 84.5t84.5 203.5z\"><\/path><\/svg><span class=\"tooltip\">Image to the post titled: VIII Opolskie Targi Ekonomii Spo\u0142ecznej w Grodzisku 22-23.06.2024 r., otworzy si\u0119 w nowym oknie<\/span><\/a><\/figure>\n\n\n\n<figure class=\"wp-block-image size-full\"><a href=\"https:\/\/es.rops-opole.pl\/wp-content\/uploads\/2024\/06\/181.png\" target=\"_blank\" rel=\"noopener\" aria-label=\"Image to the post titled: VIII Opolskie Targi Ekonomii Spo\u0142ecznej w Grodzisku 22-23.06.2024 r., otworzy si\u0119 w nowym oknie\" class=\"attachment-link target-blank use-tooltip\"><img loading=\"lazy\" decoding=\"async\" width=\"2000\" height=\"1444\" data-id=\"703\" src=\"https:\/\/es.rops-opole.pl\/wp-content\/uploads\/2024\/06\/181.png\" alt=\"\" class=\"wp-image-703\" srcset=\"https:\/\/es.rops-opole.pl\/wp-content\/uploads\/2024\/06\/181.png 2000w, https:\/\/es.rops-opole.pl\/wp-content\/uploads\/2024\/06\/181-1536x1109.png 1536w, https:\/\/es.rops-opole.pl\/wp-content\/uploads\/2024\/06\/181-820x592.png 820w, https:\/\/es.rops-opole.pl\/wp-content\/uploads\/2024\/06\/181-247x178.png 247w\" sizes=\"auto, (max-width: 2000px) 100vw, 2000px\"><svg aria-hidden=\"true\" class=\"icon-new-window\" viewbox=\"0 0 1792 1792\"><path d=\"M1408 960v-128q0-26-19-45t-45-19h-320v-320q0-26-19-45t-45-19h-128q-26 0-45 19t-19 45v320h-320q-26 0-45 19t-19 45v128q0 26 19 45t45 19h320v320q0 26 19 45t45 19h128q26 0 45-19t19-45v-320h320q26 0 45-19t19-45zm256-544v960q0 119-84.5 203.5t-203.5 84.5h-960q-119 0-203.5-84.5t-84.5-203.5v-960q0-119 84.5-203.5t203.5-84.5h960q119 0 203.5 84.5t84.5 203.5z\"><\/path><\/svg><span class=\"tooltip\">Image to the post titled: VIII Opolskie Targi Ekonomii Spo\u0142ecznej w Grodzisku 22-23.06.2024 r., otworzy si\u0119 w nowym oknie<\/span><\/a><\/figure>\n\n\n\n<figure class=\"wp-block-image size-full\"><a href=\"https:\/\/es.rops-opole.pl\/wp-content\/uploads\/2024\/06\/180.png\" target=\"_blank\" rel=\"noopener\" aria-label=\"Image to the post titled: VIII Opolskie Targi Ekonomii Spo\u0142ecznej w Grodzisku 22-23.06.2024 r., otworzy si\u0119 w nowym oknie\" class=\"attachment-link target-blank use-tooltip\"><img loading=\"lazy\" decoding=\"async\" width=\"2000\" height=\"1444\" data-id=\"702\" src=\"https:\/\/es.rops-opole.pl\/wp-content\/uploads\/2024\/06\/180.png\" alt=\"\" class=\"wp-image-702\" srcset=\"https:\/\/es.rops-opole.pl\/wp-content\/uploads\/2024\/06\/180.png 2000w, https:\/\/es.rops-opole.pl\/wp-content\/uploads\/2024\/06\/180-1536x1109.png 1536w, https:\/\/es.rops-opole.pl\/wp-content\/uploads\/2024\/06\/180-820x592.png 820w, https:\/\/es.rops-opole.pl\/wp-content\/uploads\/2024\/06\/180-247x178.png 247w\" sizes=\"auto, (max-width: 2000px) 100vw, 2000px\"><svg aria-hidden=\"true\" class=\"icon-new-window\" viewbox=\"0 0 1792 1792\"><path d=\"M1408 960v-128q0-26-19-45t-45-19h-320v-320q0-26-19-45t-45-19h-128q-26 0-45 19t-19 45v320h-320q-26 0-45 19t-19 45v128q0 26 19 45t45 19h320v320q0 26 19 45t45 19h128q26 0 45-19t19-45v-320h320q26 0 45-19t19-45zm256-544v960q0 119-84.5 203.5t-203.5 84.5h-960q-119 0-203.5-84.5t-84.5-203.5v-960q0-119 84.5-203.5t203.5-84.5h960q119 0 203.5 84.5t84.5 203.5z\"><\/path><\/svg><span class=\"tooltip\">Image to the post titled: VIII Opolskie Targi Ekonomii Spo\u0142ecznej w Grodzisku 22-23.06.2024 r., otworzy si\u0119 w nowym oknie<\/span><\/a><\/figure>\n\n\n\n<figure class=\"wp-block-image size-full\"><a href=\"https:\/\/es.rops-opole.pl\/wp-content\/uploads\/2024\/06\/179.png\" target=\"_blank\" rel=\"noopener\" aria-label=\"Image to the post titled: VIII Opolskie Targi Ekonomii Spo\u0142ecznej w Grodzisku 22-23.06.2024 r., otworzy si\u0119 w nowym oknie\" class=\"attachment-link target-blank use-tooltip\"><img loading=\"lazy\" decoding=\"async\" width=\"2000\" height=\"1444\" data-id=\"701\" src=\"https:\/\/es.rops-opole.pl\/wp-content\/uploads\/2024\/06\/179.png\" alt=\"\" class=\"wp-image-701\" srcset=\"https:\/\/es.rops-opole.pl\/wp-content\/uploads\/2024\/06\/179.png 2000w, https:\/\/es.rops-opole.pl\/wp-content\/uploads\/2024\/06\/179-1536x1109.png 1536w, https:\/\/es.rops-opole.pl\/wp-content\/uploads\/2024\/06\/179-820x592.png 820w, https:\/\/es.rops-opole.pl\/wp-content\/uploads\/2024\/06\/179-247x178.png 247w\" sizes=\"auto, (max-width: 2000px) 100vw, 2000px\"><svg aria-hidden=\"true\" class=\"icon-new-window\" viewbox=\"0 0 1792 1792\"><path d=\"M1408 960v-128q0-26-19-45t-45-19h-320v-320q0-26-19-45t-45-19h-128q-26 0-45 19t-19 45v320h-320q-26 0-45 19t-19 45v128q0 26 19 45t45 19h320v320q0 26 19 45t45 19h128q26 0 45-19t19-45v-320h320q26 0 45-19t19-45zm256-544v960q0 119-84.5 203.5t-203.5 84.5h-960q-119 0-203.5-84.5t-84.5-203.5v-960q0-119 84.5-203.5t203.5-84.5h960q119 0 203.5 84.5t84.5 203.5z\"><\/path><\/svg><span class=\"tooltip\">Image to the post titled: VIII Opolskie Targi Ekonomii Spo\u0142ecznej w Grodzisku 22-23.06.2024 r., otworzy si\u0119 w nowym oknie<\/span><\/a><\/figure>\n\n\n\n<figure class=\"wp-block-image size-full\"><a href=\"https:\/\/es.rops-opole.pl\/wp-content\/uploads\/2024\/06\/178.png\" target=\"_blank\" rel=\"noopener\" aria-label=\"Image to the post titled: VIII Opolskie Targi Ekonomii Spo\u0142ecznej w Grodzisku 22-23.06.2024 r., otworzy si\u0119 w nowym oknie\" class=\"attachment-link target-blank use-tooltip\"><img loading=\"lazy\" decoding=\"async\" width=\"2000\" height=\"1444\" data-id=\"700\" src=\"https:\/\/es.rops-opole.pl\/wp-content\/uploads\/2024\/06\/178.png\" alt=\"\" class=\"wp-image-700\" srcset=\"https:\/\/es.rops-opole.pl\/wp-content\/uploads\/2024\/06\/178.png 2000w, https:\/\/es.rops-opole.pl\/wp-content\/uploads\/2024\/06\/178-1536x1109.png 1536w, https:\/\/es.rops-opole.pl\/wp-content\/uploads\/2024\/06\/178-820x592.png 820w, https:\/\/es.rops-opole.pl\/wp-content\/uploads\/2024\/06\/178-247x178.png 247w\" sizes=\"auto, (max-width: 2000px) 100vw, 2000px\"><svg aria-hidden=\"true\" class=\"icon-new-window\" viewbox=\"0 0 1792 1792\"><path d=\"M1408 960v-128q0-26-19-45t-45-19h-320v-320q0-26-19-45t-45-19h-128q-26 0-45 19t-19 45v320h-320q-26 0-45 19t-19 45v128q0 26 19 45t45 19h320v320q0 26 19 45t45 19h128q26 0 45-19t19-45v-320h320q26 0 45-19t19-45zm256-544v960q0 119-84.5 203.5t-203.5 84.5h-960q-119 0-203.5-84.5t-84.5-203.5v-960q0-119 84.5-203.5t203.5-84.5h960q119 0 203.5 84.5t84.5 203.5z\"><\/path><\/svg><span class=\"tooltip\">Image to the post titled: VIII Opolskie Targi Ekonomii Spo\u0142ecznej w Grodzisku 22-23.06.2024 r., otworzy si\u0119 w nowym oknie<\/span><\/a><\/figure>\n\n\n\n<figure class=\"wp-block-image size-full\"><a href=\"https:\/\/es.rops-opole.pl\/wp-content\/uploads\/2024\/06\/177.png\" target=\"_blank\" rel=\"noopener\" aria-label=\"Image to the post titled: VIII Opolskie Targi Ekonomii Spo\u0142ecznej w Grodzisku 22-23.06.2024 r., otworzy si\u0119 w nowym oknie\" class=\"attachment-link target-blank use-tooltip\"><img loading=\"lazy\" decoding=\"async\" width=\"2000\" height=\"1444\" data-id=\"699\" src=\"https:\/\/es.rops-opole.pl\/wp-content\/uploads\/2024\/06\/177.png\" alt=\"\" class=\"wp-image-699\" srcset=\"https:\/\/es.rops-opole.pl\/wp-content\/uploads\/2024\/06\/177.png 2000w, https:\/\/es.rops-opole.pl\/wp-content\/uploads\/2024\/06\/177-1536x1109.png 1536w, https:\/\/es.rops-opole.pl\/wp-content\/uploads\/2024\/06\/177-820x592.png 820w, https:\/\/es.rops-opole.pl\/wp-content\/uploads\/2024\/06\/177-247x178.png 247w\" sizes=\"auto, (max-width: 2000px) 100vw, 2000px\"><svg aria-hidden=\"true\" class=\"icon-new-window\" viewbox=\"0 0 1792 1792\"><path d=\"M1408 960v-128q0-26-19-45t-45-19h-320v-320q0-26-19-45t-45-19h-128q-26 0-45 19t-19 45v320h-320q-26 0-45 19t-19 45v128q0 26 19 45t45 19h320v320q0 26 19 45t45 19h128q26 0 45-19t19-45v-320h320q26 0 45-19t19-45zm256-544v960q0 119-84.5 203.5t-203.5 84.5h-960q-119 0-203.5-84.5t-84.5-203.5v-960q0-119 84.5-203.5t203.5-84.5h960q119 0 203.5 84.5t84.5 203.5z\"><\/path><\/svg><span class=\"tooltip\">Image to the post titled: VIII Opolskie Targi Ekonomii Spo\u0142ecznej w Grodzisku 22-23.06.2024 r., otworzy si\u0119 w nowym oknie<\/span><\/a><\/figure>\n\n\n\n<figure class=\"wp-block-image size-full\"><a href=\"https:\/\/es.rops-opole.pl\/wp-content\/uploads\/2024\/06\/212.png\" target=\"_blank\" rel=\"noopener\" aria-label=\"Image to the post titled: VIII Opolskie Targi Ekonomii Spo\u0142ecznej w Grodzisku 22-23.06.2024 r., otworzy si\u0119 w nowym oknie\" class=\"attachment-link target-blank use-tooltip\"><img loading=\"lazy\" decoding=\"async\" width=\"2000\" height=\"1444\" data-id=\"698\" src=\"https:\/\/es.rops-opole.pl\/wp-content\/uploads\/2024\/06\/212.png\" alt=\"\" class=\"wp-image-698\" srcset=\"https:\/\/es.rops-opole.pl\/wp-content\/uploads\/2024\/06\/212.png 2000w, https:\/\/es.rops-opole.pl\/wp-content\/uploads\/2024\/06\/212-1536x1109.png 1536w, https:\/\/es.rops-opole.pl\/wp-content\/uploads\/2024\/06\/212-820x592.png 820w, https:\/\/es.rops-opole.pl\/wp-content\/uploads\/2024\/06\/212-247x178.png 247w\" sizes=\"auto, (max-width: 2000px) 100vw, 2000px\"><svg aria-hidden=\"true\" class=\"icon-new-window\" viewbox=\"0 0 1792 1792\"><path d=\"M1408 960v-128q0-26-19-45t-45-19h-320v-320q0-26-19-45t-45-19h-128q-26 0-45 19t-19 45v320h-320q-26 0-45 19t-19 45v128q0 26 19 45t45 19h320v320q0 26 19 45t45 19h128q26 0 45-19t19-45v-320h320q26 0 45-19t19-45zm256-544v960q0 119-84.5 203.5t-203.5 84.5h-960q-119 0-203.5-84.5t-84.5-203.5v-960q0-119 84.5-203.5t203.5-84.5h960q119 0 203.5 84.5t84.5 203.5z\"><\/path><\/svg><span class=\"tooltip\">Image to the post titled: VIII Opolskie Targi Ekonomii Spo\u0142ecznej w Grodzisku 22-23.06.2024 r., otworzy si\u0119 w nowym oknie<\/span><\/a><\/figure>\n\n\n\n<figure class=\"wp-block-image size-full\"><a href=\"https:\/\/es.rops-opole.pl\/wp-content\/uploads\/2024\/06\/211.png\" target=\"_blank\" rel=\"noopener\" aria-label=\"Image to the post titled: VIII Opolskie Targi Ekonomii Spo\u0142ecznej w Grodzisku 22-23.06.2024 r., otworzy si\u0119 w nowym oknie\" class=\"attachment-link target-blank use-tooltip\"><img loading=\"lazy\" decoding=\"async\" width=\"2000\" height=\"1444\" data-id=\"697\" src=\"https:\/\/es.rops-opole.pl\/wp-content\/uploads\/2024\/06\/211.png\" alt=\"\" class=\"wp-image-697\" srcset=\"https:\/\/es.rops-opole.pl\/wp-content\/uploads\/2024\/06\/211.png 2000w, https:\/\/es.rops-opole.pl\/wp-content\/uploads\/2024\/06\/211-1536x1109.png 1536w, https:\/\/es.rops-opole.pl\/wp-content\/uploads\/2024\/06\/211-820x592.png 820w, https:\/\/es.rops-opole.pl\/wp-content\/uploads\/2024\/06\/211-247x178.png 247w\" sizes=\"auto, (max-width: 2000px) 100vw, 2000px\"><svg aria-hidden=\"true\" class=\"icon-new-window\" viewbox=\"0 0 1792 1792\"><path d=\"M1408 960v-128q0-26-19-45t-45-19h-320v-320q0-26-19-45t-45-19h-128q-26 0-45 19t-19 45v320h-320q-26 0-45 19t-19 45v128q0 26 19 45t45 19h320v320q0 26 19 45t45 19h128q26 0 45-19t19-45v-320h320q26 0 45-19t19-45zm256-544v960q0 119-84.5 203.5t-203.5 84.5h-960q-119 0-203.5-84.5t-84.5-203.5v-960q0-119 84.5-203.5t203.5-84.5h960q119 0 203.5 84.5t84.5 203.5z\"><\/path><\/svg><span class=\"tooltip\">Image to the post titled: VIII Opolskie Targi Ekonomii Spo\u0142ecznej w Grodzisku 22-23.06.2024 r., otworzy si\u0119 w nowym oknie<\/span><\/a><\/figure>\n\n\n\n<figure class=\"wp-block-image size-full\"><a href=\"https:\/\/es.rops-opole.pl\/wp-content\/uploads\/2024\/06\/210.png\" target=\"_blank\" rel=\"noopener\" aria-label=\"Image to the post titled: VIII Opolskie Targi Ekonomii Spo\u0142ecznej w Grodzisku 22-23.06.2024 r., otworzy si\u0119 w nowym oknie\" class=\"attachment-link target-blank use-tooltip\"><img loading=\"lazy\" decoding=\"async\" width=\"2000\" height=\"1444\" data-id=\"696\" src=\"https:\/\/es.rops-opole.pl\/wp-content\/uploads\/2024\/06\/210.png\" alt=\"\" class=\"wp-image-696\" srcset=\"https:\/\/es.rops-opole.pl\/wp-content\/uploads\/2024\/06\/210.png 2000w, https:\/\/es.rops-opole.pl\/wp-content\/uploads\/2024\/06\/210-1536x1109.png 1536w, https:\/\/es.rops-opole.pl\/wp-content\/uploads\/2024\/06\/210-820x592.png 820w, https:\/\/es.rops-opole.pl\/wp-content\/uploads\/2024\/06\/210-247x178.png 247w\" sizes=\"auto, (max-width: 2000px) 100vw, 2000px\"><svg aria-hidden=\"true\" class=\"icon-new-window\" viewbox=\"0 0 1792 1792\"><path d=\"M1408 960v-128q0-26-19-45t-45-19h-320v-320q0-26-19-45t-45-19h-128q-26 0-45 19t-19 45v320h-320q-26 0-45 19t-19 45v128q0 26 19 45t45 19h320v320q0 26 19 45t45 19h128q26 0 45-19t19-45v-320h320q26 0 45-19t19-45zm256-544v960q0 119-84.5 203.5t-203.5 84.5h-960q-119 0-203.5-84.5t-84.5-203.5v-960q0-119 84.5-203.5t203.5-84.5h960q119 0 203.5 84.5t84.5 203.5z\"><\/path><\/svg><span class=\"tooltip\">Image to the post titled: VIII Opolskie Targi Ekonomii Spo\u0142ecznej w Grodzisku 22-23.06.2024 r., otworzy si\u0119 w nowym oknie<\/span><\/a><\/figure>\n\n\n\n<figure class=\"wp-block-image size-full\"><a href=\"https:\/\/es.rops-opole.pl\/wp-content\/uploads\/2024\/06\/209.png\" target=\"_blank\" rel=\"noopener\" aria-label=\"Image to the post titled: VIII Opolskie Targi Ekonomii Spo\u0142ecznej w Grodzisku 22-23.06.2024 r., otworzy si\u0119 w nowym oknie\" class=\"attachment-link target-blank use-tooltip\"><img loading=\"lazy\" decoding=\"async\" width=\"2000\" height=\"1444\" data-id=\"695\" src=\"https:\/\/es.rops-opole.pl\/wp-content\/uploads\/2024\/06\/209.png\" alt=\"\" class=\"wp-image-695\" srcset=\"https:\/\/es.rops-opole.pl\/wp-content\/uploads\/2024\/06\/209.png 2000w, https:\/\/es.rops-opole.pl\/wp-content\/uploads\/2024\/06\/209-1536x1109.png 1536w, https:\/\/es.rops-opole.pl\/wp-content\/uploads\/2024\/06\/209-820x592.png 820w, https:\/\/es.rops-opole.pl\/wp-content\/uploads\/2024\/06\/209-247x178.png 247w\" sizes=\"auto, (max-width: 2000px) 100vw, 2000px\"><svg aria-hidden=\"true\" class=\"icon-new-window\" viewbox=\"0 0 1792 1792\"><path d=\"M1408 960v-128q0-26-19-45t-45-19h-320v-320q0-26-19-45t-45-19h-128q-26 0-45 19t-19 45v320h-320q-26 0-45 19t-19 45v128q0 26 19 45t45 19h320v320q0 26 19 45t45 19h128q26 0 45-19t19-45v-320h320q26 0 45-19t19-45zm256-544v960q0 119-84.5 203.5t-203.5 84.5h-960q-119 0-203.5-84.5t-84.5-203.5v-960q0-119 84.5-203.5t203.5-84.5h960q119 0 203.5 84.5t84.5 203.5z\"><\/path><\/svg><span class=\"tooltip\">Image to the post titled: VIII Opolskie Targi Ekonomii Spo\u0142ecznej w Grodzisku 22-23.06.2024 r., otworzy si\u0119 w nowym oknie<\/span><\/a><\/figure>\n\n\n\n<figure class=\"wp-block-image size-full\"><a href=\"https:\/\/es.rops-opole.pl\/wp-content\/uploads\/2024\/06\/208.png\" target=\"_blank\" rel=\"noopener\" aria-label=\"Image to the post titled: VIII Opolskie Targi Ekonomii Spo\u0142ecznej w Grodzisku 22-23.06.2024 r., otworzy si\u0119 w nowym oknie\" class=\"attachment-link target-blank use-tooltip\"><img loading=\"lazy\" decoding=\"async\" width=\"2000\" height=\"1444\" data-id=\"694\" src=\"https:\/\/es.rops-opole.pl\/wp-content\/uploads\/2024\/06\/208.png\" alt=\"\" class=\"wp-image-694\" srcset=\"https:\/\/es.rops-opole.pl\/wp-content\/uploads\/2024\/06\/208.png 2000w, https:\/\/es.rops-opole.pl\/wp-content\/uploads\/2024\/06\/208-1536x1109.png 1536w, https:\/\/es.rops-opole.pl\/wp-content\/uploads\/2024\/06\/208-820x592.png 820w, https:\/\/es.rops-opole.pl\/wp-content\/uploads\/2024\/06\/208-247x178.png 247w\" sizes=\"auto, (max-width: 2000px) 100vw, 2000px\"><svg aria-hidden=\"true\" class=\"icon-new-window\" viewbox=\"0 0 1792 1792\"><path d=\"M1408 960v-128q0-26-19-45t-45-19h-320v-320q0-26-19-45t-45-19h-128q-26 0-45 19t-19 45v320h-320q-26 0-45 19t-19 45v128q0 26 19 45t45 19h320v320q0 26 19 45t45 19h128q26 0 45-19t19-45v-320h320q26 0 45-19t19-45zm256-544v960q0 119-84.5 203.5t-203.5 84.5h-960q-119 0-203.5-84.5t-84.5-203.5v-960q0-119 84.5-203.5t203.5-84.5h960q119 0 203.5 84.5t84.5 203.5z\"><\/path><\/svg><span class=\"tooltip\">Image to the post titled: VIII Opolskie Targi Ekonomii Spo\u0142ecznej w Grodzisku 22-23.06.2024 r., otworzy si\u0119 w nowym oknie<\/span><\/a><\/figure>\n\n\n\n<figure class=\"wp-block-image size-full\"><a href=\"https:\/\/es.rops-opole.pl\/wp-content\/uploads\/2024\/06\/207.png\" target=\"_blank\" rel=\"noopener\" aria-label=\"Image to the post titled: VIII Opolskie Targi Ekonomii Spo\u0142ecznej w Grodzisku 22-23.06.2024 r., otworzy si\u0119 w nowym oknie\" class=\"attachment-link target-blank use-tooltip\"><img loading=\"lazy\" decoding=\"async\" width=\"2000\" height=\"1444\" data-id=\"693\" src=\"https:\/\/es.rops-opole.pl\/wp-content\/uploads\/2024\/06\/207.png\" alt=\"\" class=\"wp-image-693\" srcset=\"https:\/\/es.rops-opole.pl\/wp-content\/uploads\/2024\/06\/207.png 2000w, https:\/\/es.rops-opole.pl\/wp-content\/uploads\/2024\/06\/207-1536x1109.png 1536w, https:\/\/es.rops-opole.pl\/wp-content\/uploads\/2024\/06\/207-820x592.png 820w, https:\/\/es.rops-opole.pl\/wp-content\/uploads\/2024\/06\/207-247x178.png 247w\" sizes=\"auto, (max-width: 2000px) 100vw, 2000px\"><svg aria-hidden=\"true\" class=\"icon-new-window\" viewbox=\"0 0 1792 1792\"><path d=\"M1408 960v-128q0-26-19-45t-45-19h-320v-320q0-26-19-45t-45-19h-128q-26 0-45 19t-19 45v320h-320q-26 0-45 19t-19 45v128q0 26 19 45t45 19h320v320q0 26 19 45t45 19h128q26 0 45-19t19-45v-320h320q26 0 45-19t19-45zm256-544v960q0 119-84.5 203.5t-203.5 84.5h-960q-119 0-203.5-84.5t-84.5-203.5v-960q0-119 84.5-203.5t203.5-84.5h960q119 0 203.5 84.5t84.5 203.5z\"><\/path><\/svg><span class=\"tooltip\">Image to the post titled: VIII Opolskie Targi Ekonomii Spo\u0142ecznej w Grodzisku 22-23.06.2024 r., otworzy si\u0119 w nowym oknie<\/span><\/a><\/figure>\n\n\n\n<figure class=\"wp-block-image size-full\"><a href=\"https:\/\/es.rops-opole.pl\/wp-content\/uploads\/2024\/06\/204.png\" target=\"_blank\" rel=\"noopener\" aria-label=\"Image to the post titled: VIII Opolskie Targi Ekonomii Spo\u0142ecznej w Grodzisku 22-23.06.2024 r., otworzy si\u0119 w nowym oknie\" class=\"attachment-link target-blank use-tooltip\"><img loading=\"lazy\" decoding=\"async\" width=\"2000\" height=\"1444\" data-id=\"690\" src=\"https:\/\/es.rops-opole.pl\/wp-content\/uploads\/2024\/06\/204.png\" alt=\"\" class=\"wp-image-690\" srcset=\"https:\/\/es.rops-opole.pl\/wp-content\/uploads\/2024\/06\/204.png 2000w, https:\/\/es.rops-opole.pl\/wp-content\/uploads\/2024\/06\/204-1536x1109.png 1536w, https:\/\/es.rops-opole.pl\/wp-content\/uploads\/2024\/06\/204-820x592.png 820w, https:\/\/es.rops-opole.pl\/wp-content\/uploads\/2024\/06\/204-247x178.png 247w\" sizes=\"auto, (max-width: 2000px) 100vw, 2000px\"><svg aria-hidden=\"true\" class=\"icon-new-window\" viewbox=\"0 0 1792 1792\"><path d=\"M1408 960v-128q0-26-19-45t-45-19h-320v-320q0-26-19-45t-45-19h-128q-26 0-45 19t-19 45v320h-320q-26 0-45 19t-19 45v128q0 26 19 45t45 19h320v320q0 26 19 45t45 19h128q26 0 45-19t19-45v-320h320q26 0 45-19t19-45zm256-544v960q0 119-84.5 203.5t-203.5 84.5h-960q-119 0-203.5-84.5t-84.5-203.5v-960q0-119 84.5-203.5t203.5-84.5h960q119 0 203.5 84.5t84.5 203.5z\"><\/path><\/svg><span class=\"tooltip\">Image to the post titled: VIII Opolskie Targi Ekonomii Spo\u0142ecznej w Grodzisku 22-23.06.2024 r., otworzy si\u0119 w nowym oknie<\/span><\/a><\/figure>\n\n\n\n<figure class=\"wp-block-image size-full\"><a href=\"https:\/\/es.rops-opole.pl\/wp-content\/uploads\/2024\/06\/203.png\" target=\"_blank\" rel=\"noopener\" aria-label=\"Image to the post titled: VIII Opolskie Targi Ekonomii Spo\u0142ecznej w Grodzisku 22-23.06.2024 r., otworzy si\u0119 w nowym oknie\" class=\"attachment-link target-blank use-tooltip\"><img loading=\"lazy\" decoding=\"async\" width=\"2000\" height=\"1444\" data-id=\"689\" src=\"https:\/\/es.rops-opole.pl\/wp-content\/uploads\/2024\/06\/203.png\" alt=\"\" class=\"wp-image-689\" srcset=\"https:\/\/es.rops-opole.pl\/wp-content\/uploads\/2024\/06\/203.png 2000w, https:\/\/es.rops-opole.pl\/wp-content\/uploads\/2024\/06\/203-1536x1109.png 1536w, https:\/\/es.rops-opole.pl\/wp-content\/uploads\/2024\/06\/203-820x592.png 820w, https:\/\/es.rops-opole.pl\/wp-content\/uploads\/2024\/06\/203-247x178.png 247w\" sizes=\"auto, (max-width: 2000px) 100vw, 2000px\"><svg aria-hidden=\"true\" class=\"icon-new-window\" viewbox=\"0 0 1792 1792\"><path d=\"M1408 960v-128q0-26-19-45t-45-19h-320v-320q0-26-19-45t-45-19h-128q-26 0-45 19t-19 45v320h-320q-26 0-45 19t-19 45v128q0 26 19 45t45 19h320v320q0 26 19 45t45 19h128q26 0 45-19t19-45v-320h320q26 0 45-19t19-45zm256-544v960q0 119-84.5 203.5t-203.5 84.5h-960q-119 0-203.5-84.5t-84.5-203.5v-960q0-119 84.5-203.5t203.5-84.5h960q119 0 203.5 84.5t84.5 203.5z\"><\/path><\/svg><span class=\"tooltip\">Image to the post titled: VIII Opolskie Targi Ekonomii Spo\u0142ecznej w Grodzisku 22-23.06.2024 r., otworzy si\u0119 w nowym oknie<\/span><\/a><\/figure>\n\n\n\n<figure class=\"wp-block-image size-full\"><a href=\"https:\/\/es.rops-opole.pl\/wp-content\/uploads\/2024\/06\/202.png\" target=\"_blank\" rel=\"noopener\" aria-label=\"Image to the post titled: VIII Opolskie Targi Ekonomii Spo\u0142ecznej w Grodzisku 22-23.06.2024 r., otworzy si\u0119 w nowym oknie\" class=\"attachment-link target-blank use-tooltip\"><img loading=\"lazy\" decoding=\"async\" width=\"2000\" height=\"1444\" data-id=\"688\" src=\"https:\/\/es.rops-opole.pl\/wp-content\/uploads\/2024\/06\/202.png\" alt=\"\" class=\"wp-image-688\" srcset=\"https:\/\/es.rops-opole.pl\/wp-content\/uploads\/2024\/06\/202.png 2000w, https:\/\/es.rops-opole.pl\/wp-content\/uploads\/2024\/06\/202-1536x1109.png 1536w, https:\/\/es.rops-opole.pl\/wp-content\/uploads\/2024\/06\/202-820x592.png 820w, https:\/\/es.rops-opole.pl\/wp-content\/uploads\/2024\/06\/202-247x178.png 247w\" sizes=\"auto, (max-width: 2000px) 100vw, 2000px\"><svg aria-hidden=\"true\" class=\"icon-new-window\" viewbox=\"0 0 1792 1792\"><path d=\"M1408 960v-128q0-26-19-45t-45-19h-320v-320q0-26-19-45t-45-19h-128q-26 0-45 19t-19 45v320h-320q-26 0-45 19t-19 45v128q0 26 19 45t45 19h320v320q0 26 19 45t45 19h128q26 0 45-19t19-45v-320h320q26 0 45-19t19-45zm256-544v960q0 119-84.5 203.5t-203.5 84.5h-960q-119 0-203.5-84.5t-84.5-203.5v-960q0-119 84.5-203.5t203.5-84.5h960q119 0 203.5 84.5t84.5 203.5z\"><\/path><\/svg><span class=\"tooltip\">Image to the post titled: VIII Opolskie Targi Ekonomii Spo\u0142ecznej w Grodzisku 22-23.06.2024 r., otworzy si\u0119 w nowym oknie<\/span><\/a><\/figure>\n\n\n\n<figure class=\"wp-block-image size-full\"><a href=\"https:\/\/es.rops-opole.pl\/wp-content\/uploads\/2024\/06\/201.png\" target=\"_blank\" rel=\"noopener\" aria-label=\"Image to the post titled: VIII Opolskie Targi Ekonomii Spo\u0142ecznej w Grodzisku 22-23.06.2024 r., otworzy si\u0119 w nowym oknie\" class=\"attachment-link target-blank use-tooltip\"><img loading=\"lazy\" decoding=\"async\" width=\"2000\" height=\"1444\" data-id=\"687\" src=\"https:\/\/es.rops-opole.pl\/wp-content\/uploads\/2024\/06\/201.png\" alt=\"\" class=\"wp-image-687\" srcset=\"https:\/\/es.rops-opole.pl\/wp-content\/uploads\/2024\/06\/201.png 2000w, https:\/\/es.rops-opole.pl\/wp-content\/uploads\/2024\/06\/201-1536x1109.png 1536w, https:\/\/es.rops-opole.pl\/wp-content\/uploads\/2024\/06\/201-820x592.png 820w, https:\/\/es.rops-opole.pl\/wp-content\/uploads\/2024\/06\/201-247x178.png 247w\" sizes=\"auto, (max-width: 2000px) 100vw, 2000px\"><svg aria-hidden=\"true\" class=\"icon-new-window\" viewbox=\"0 0 1792 1792\"><path d=\"M1408 960v-128q0-26-19-45t-45-19h-320v-320q0-26-19-45t-45-19h-128q-26 0-45 19t-19 45v320h-320q-26 0-45 19t-19 45v128q0 26 19 45t45 19h320v320q0 26 19 45t45 19h128q26 0 45-19t19-45v-320h320q26 0 45-19t19-45zm256-544v960q0 119-84.5 203.5t-203.5 84.5h-960q-119 0-203.5-84.5t-84.5-203.5v-960q0-119 84.5-203.5t203.5-84.5h960q119 0 203.5 84.5t84.5 203.5z\"><\/path><\/svg><span class=\"tooltip\">Image to the post titled: VIII Opolskie Targi Ekonomii Spo\u0142ecznej w Grodzisku 22-23.06.2024 r., otworzy si\u0119 w nowym oknie<\/span><\/a><\/figure>\n\n\n\n<figure class=\"wp-block-image size-full\"><a href=\"https:\/\/es.rops-opole.pl\/wp-content\/uploads\/2024\/06\/200.png\" target=\"_blank\" rel=\"noopener\" aria-label=\"Image to the post titled: VIII Opolskie Targi Ekonomii Spo\u0142ecznej w Grodzisku 22-23.06.2024 r., otworzy si\u0119 w nowym oknie\" class=\"attachment-link target-blank use-tooltip\"><img loading=\"lazy\" decoding=\"async\" width=\"2000\" height=\"1444\" data-id=\"686\" src=\"https:\/\/es.rops-opole.pl\/wp-content\/uploads\/2024\/06\/200.png\" alt=\"\" class=\"wp-image-686\" srcset=\"https:\/\/es.rops-opole.pl\/wp-content\/uploads\/2024\/06\/200.png 2000w, https:\/\/es.rops-opole.pl\/wp-content\/uploads\/2024\/06\/200-1536x1109.png 1536w, https:\/\/es.rops-opole.pl\/wp-content\/uploads\/2024\/06\/200-820x592.png 820w, https:\/\/es.rops-opole.pl\/wp-content\/uploads\/2024\/06\/200-247x178.png 247w\" sizes=\"auto, (max-width: 2000px) 100vw, 2000px\"><svg aria-hidden=\"true\" class=\"icon-new-window\" viewbox=\"0 0 1792 1792\"><path d=\"M1408 960v-128q0-26-19-45t-45-19h-320v-320q0-26-19-45t-45-19h-128q-26 0-45 19t-19 45v320h-320q-26 0-45 19t-19 45v128q0 26 19 45t45 19h320v320q0 26 19 45t45 19h128q26 0 45-19t19-45v-320h320q26 0 45-19t19-45zm256-544v960q0 119-84.5 203.5t-203.5 84.5h-960q-119 0-203.5-84.5t-84.5-203.5v-960q0-119 84.5-203.5t203.5-84.5h960q119 0 203.5 84.5t84.5 203.5z\"><\/path><\/svg><span class=\"tooltip\">Image to the post titled: VIII Opolskie Targi Ekonomii Spo\u0142ecznej w Grodzisku 22-23.06.2024 r., otworzy si\u0119 w nowym oknie<\/span><\/a><\/figure>\n\n\n\n<figure class=\"wp-block-image size-full\"><a href=\"https:\/\/es.rops-opole.pl\/wp-content\/uploads\/2024\/06\/199.png\" target=\"_blank\" rel=\"noopener\" aria-label=\"Image to the post titled: VIII Opolskie Targi Ekonomii Spo\u0142ecznej w Grodzisku 22-23.06.2024 r., otworzy si\u0119 w nowym oknie\" class=\"attachment-link target-blank use-tooltip\"><img loading=\"lazy\" decoding=\"async\" width=\"2000\" height=\"1444\" data-id=\"685\" src=\"https:\/\/es.rops-opole.pl\/wp-content\/uploads\/2024\/06\/199.png\" alt=\"\" class=\"wp-image-685\" srcset=\"https:\/\/es.rops-opole.pl\/wp-content\/uploads\/2024\/06\/199.png 2000w, https:\/\/es.rops-opole.pl\/wp-content\/uploads\/2024\/06\/199-1536x1109.png 1536w, https:\/\/es.rops-opole.pl\/wp-content\/uploads\/2024\/06\/199-820x592.png 820w, https:\/\/es.rops-opole.pl\/wp-content\/uploads\/2024\/06\/199-247x178.png 247w\" sizes=\"auto, (max-width: 2000px) 100vw, 2000px\"><svg aria-hidden=\"true\" class=\"icon-new-window\" viewbox=\"0 0 1792 1792\"><path d=\"M1408 960v-128q0-26-19-45t-45-19h-320v-320q0-26-19-45t-45-19h-128q-26 0-45 19t-19 45v320h-320q-26 0-45 19t-19 45v128q0 26 19 45t45 19h320v320q0 26 19 45t45 19h128q26 0 45-19t19-45v-320h320q26 0 45-19t19-45zm256-544v960q0 119-84.5 203.5t-203.5 84.5h-960q-119 0-203.5-84.5t-84.5-203.5v-960q0-119 84.5-203.5t203.5-84.5h960q119 0 203.5 84.5t84.5 203.5z\"><\/path><\/svg><span class=\"tooltip\">Image to the post titled: VIII Opolskie Targi Ekonomii Spo\u0142ecznej w Grodzisku 22-23.06.2024 r., otworzy si\u0119 w nowym oknie<\/span><\/a><\/figure>\n\n\n\n<figure class=\"wp-block-image size-full\"><a href=\"https:\/\/es.rops-opole.pl\/wp-content\/uploads\/2024\/06\/198.png\" target=\"_blank\" rel=\"noopener\" aria-label=\"Image to the post titled: VIII Opolskie Targi Ekonomii Spo\u0142ecznej w Grodzisku 22-23.06.2024 r., otworzy si\u0119 w nowym oknie\" class=\"attachment-link target-blank use-tooltip\"><img loading=\"lazy\" decoding=\"async\" width=\"2000\" height=\"1444\" data-id=\"684\" src=\"https:\/\/es.rops-opole.pl\/wp-content\/uploads\/2024\/06\/198.png\" alt=\"\" class=\"wp-image-684\" srcset=\"https:\/\/es.rops-opole.pl\/wp-content\/uploads\/2024\/06\/198.png 2000w, https:\/\/es.rops-opole.pl\/wp-content\/uploads\/2024\/06\/198-1536x1109.png 1536w, https:\/\/es.rops-opole.pl\/wp-content\/uploads\/2024\/06\/198-820x592.png 820w, https:\/\/es.rops-opole.pl\/wp-content\/uploads\/2024\/06\/198-247x178.png 247w\" sizes=\"auto, (max-width: 2000px) 100vw, 2000px\"><svg aria-hidden=\"true\" class=\"icon-new-window\" viewbox=\"0 0 1792 1792\"><path d=\"M1408 960v-128q0-26-19-45t-45-19h-320v-320q0-26-19-45t-45-19h-128q-26 0-45 19t-19 45v320h-320q-26 0-45 19t-19 45v128q0 26 19 45t45 19h320v320q0 26 19 45t45 19h128q26 0 45-19t19-45v-320h320q26 0 45-19t19-45zm256-544v960q0 119-84.5 203.5t-203.5 84.5h-960q-119 0-203.5-84.5t-84.5-203.5v-960q0-119 84.5-203.5t203.5-84.5h960q119 0 203.5 84.5t84.5 203.5z\"><\/path><\/svg><span class=\"tooltip\">Image to the post titled: VIII Opolskie Targi Ekonomii Spo\u0142ecznej w Grodzisku 22-23.06.2024 r., otworzy si\u0119 w nowym oknie<\/span><\/a><\/figure>\n\n\n\n<figure class=\"wp-block-image size-full\"><a href=\"https:\/\/es.rops-opole.pl\/wp-content\/uploads\/2024\/06\/197.png\" target=\"_blank\" rel=\"noopener\" aria-label=\"Image to the post titled: VIII Opolskie Targi Ekonomii Spo\u0142ecznej w Grodzisku 22-23.06.2024 r., otworzy si\u0119 w nowym oknie\" class=\"attachment-link target-blank use-tooltip\"><img loading=\"lazy\" decoding=\"async\" width=\"2000\" height=\"1444\" data-id=\"683\" src=\"https:\/\/es.rops-opole.pl\/wp-content\/uploads\/2024\/06\/197.png\" alt=\"\" class=\"wp-image-683\" srcset=\"https:\/\/es.rops-opole.pl\/wp-content\/uploads\/2024\/06\/197.png 2000w, https:\/\/es.rops-opole.pl\/wp-content\/uploads\/2024\/06\/197-1536x1109.png 1536w, https:\/\/es.rops-opole.pl\/wp-content\/uploads\/2024\/06\/197-820x592.png 820w, https:\/\/es.rops-opole.pl\/wp-content\/uploads\/2024\/06\/197-247x178.png 247w\" sizes=\"auto, (max-width: 2000px) 100vw, 2000px\"><svg aria-hidden=\"true\" class=\"icon-new-window\" viewbox=\"0 0 1792 1792\"><path d=\"M1408 960v-128q0-26-19-45t-45-19h-320v-320q0-26-19-45t-45-19h-128q-26 0-45 19t-19 45v320h-320q-26 0-45 19t-19 45v128q0 26 19 45t45 19h320v320q0 26 19 45t45 19h128q26 0 45-19t19-45v-320h320q26 0 45-19t19-45zm256-544v960q0 119-84.5 203.5t-203.5 84.5h-960q-119 0-203.5-84.5t-84.5-203.5v-960q0-119 84.5-203.5t203.5-84.5h960q119 0 203.5 84.5t84.5 203.5z\"><\/path><\/svg><span class=\"tooltip\">Image to the post titled: VIII Opolskie Targi Ekonomii Spo\u0142ecznej w Grodzisku 22-23.06.2024 r., otworzy si\u0119 w nowym oknie<\/span><\/a><\/figure>\n\n\n\n<figure class=\"wp-block-image size-full\"><a href=\"https:\/\/es.rops-opole.pl\/wp-content\/uploads\/2024\/06\/196.png\" target=\"_blank\" rel=\"noopener\" aria-label=\"Image to the post titled: VIII Opolskie Targi Ekonomii Spo\u0142ecznej w Grodzisku 22-23.06.2024 r., otworzy si\u0119 w nowym oknie\" class=\"attachment-link target-blank use-tooltip\"><img loading=\"lazy\" decoding=\"async\" width=\"2000\" height=\"1444\" data-id=\"682\" src=\"https:\/\/es.rops-opole.pl\/wp-content\/uploads\/2024\/06\/196.png\" alt=\"\" class=\"wp-image-682\" srcset=\"https:\/\/es.rops-opole.pl\/wp-content\/uploads\/2024\/06\/196.png 2000w, https:\/\/es.rops-opole.pl\/wp-content\/uploads\/2024\/06\/196-1536x1109.png 1536w, https:\/\/es.rops-opole.pl\/wp-content\/uploads\/2024\/06\/196-820x592.png 820w, https:\/\/es.rops-opole.pl\/wp-content\/uploads\/2024\/06\/196-247x178.png 247w\" sizes=\"auto, (max-width: 2000px) 100vw, 2000px\"><svg aria-hidden=\"true\" class=\"icon-new-window\" viewbox=\"0 0 1792 1792\"><path d=\"M1408 960v-128q0-26-19-45t-45-19h-320v-320q0-26-19-45t-45-19h-128q-26 0-45 19t-19 45v320h-320q-26 0-45 19t-19 45v128q0 26 19 45t45 19h320v320q0 26 19 45t45 19h128q26 0 45-19t19-45v-320h320q26 0 45-19t19-45zm256-544v960q0 119-84.5 203.5t-203.5 84.5h-960q-119 0-203.5-84.5t-84.5-203.5v-960q0-119 84.5-203.5t203.5-84.5h960q119 0 203.5 84.5t84.5 203.5z\"><\/path><\/svg><span class=\"tooltip\">Image to the post titled: VIII Opolskie Targi Ekonomii Spo\u0142ecznej w Grodzisku 22-23.06.2024 r., otworzy si\u0119 w nowym oknie<\/span><\/a><\/figure>\n\n\n\n<figure class=\"wp-block-image size-full\"><a href=\"https:\/\/es.rops-opole.pl\/wp-content\/uploads\/2024\/06\/195.png\" target=\"_blank\" rel=\"noopener\" aria-label=\"Image to the post titled: VIII Opolskie Targi Ekonomii Spo\u0142ecznej w Grodzisku 22-23.06.2024 r., otworzy si\u0119 w nowym oknie\" class=\"attachment-link target-blank use-tooltip\"><img loading=\"lazy\" decoding=\"async\" width=\"2000\" height=\"1444\" data-id=\"681\" src=\"https:\/\/es.rops-opole.pl\/wp-content\/uploads\/2024\/06\/195.png\" alt=\"\" class=\"wp-image-681\" srcset=\"https:\/\/es.rops-opole.pl\/wp-content\/uploads\/2024\/06\/195.png 2000w, https:\/\/es.rops-opole.pl\/wp-content\/uploads\/2024\/06\/195-1536x1109.png 1536w, https:\/\/es.rops-opole.pl\/wp-content\/uploads\/2024\/06\/195-820x592.png 820w, https:\/\/es.rops-opole.pl\/wp-content\/uploads\/2024\/06\/195-247x178.png 247w\" sizes=\"auto, (max-width: 2000px) 100vw, 2000px\"><svg aria-hidden=\"true\" class=\"icon-new-window\" viewbox=\"0 0 1792 1792\"><path d=\"M1408 960v-128q0-26-19-45t-45-19h-320v-320q0-26-19-45t-45-19h-128q-26 0-45 19t-19 45v320h-320q-26 0-45 19t-19 45v128q0 26 19 45t45 19h320v320q0 26 19 45t45 19h128q26 0 45-19t19-45v-320h320q26 0 45-19t19-45zm256-544v960q0 119-84.5 203.5t-203.5 84.5h-960q-119 0-203.5-84.5t-84.5-203.5v-960q0-119 84.5-203.5t203.5-84.5h960q119 0 203.5 84.5t84.5 203.5z\"><\/path><\/svg><span class=\"tooltip\">Image to the post titled: VIII Opolskie Targi Ekonomii Spo\u0142ecznej w Grodzisku 22-23.06.2024 r., otworzy si\u0119 w nowym oknie<\/span><\/a><\/figure>\n\n\n\n<figure class=\"wp-block-image size-full\"><a href=\"https:\/\/es.rops-opole.pl\/wp-content\/uploads\/2024\/06\/219.png\" target=\"_blank\" rel=\"noopener\" aria-label=\"Image to the post titled: VIII Opolskie Targi Ekonomii Spo\u0142ecznej w Grodzisku 22-23.06.2024 r., otworzy si\u0119 w nowym oknie\" class=\"attachment-link target-blank use-tooltip\"><img loading=\"lazy\" decoding=\"async\" width=\"2000\" height=\"1444\" data-id=\"680\" src=\"https:\/\/es.rops-opole.pl\/wp-content\/uploads\/2024\/06\/219.png\" alt=\"\" class=\"wp-image-680\" srcset=\"https:\/\/es.rops-opole.pl\/wp-content\/uploads\/2024\/06\/219.png 2000w, https:\/\/es.rops-opole.pl\/wp-content\/uploads\/2024\/06\/219-1536x1109.png 1536w, https:\/\/es.rops-opole.pl\/wp-content\/uploads\/2024\/06\/219-820x592.png 820w, https:\/\/es.rops-opole.pl\/wp-content\/uploads\/2024\/06\/219-247x178.png 247w\" sizes=\"auto, (max-width: 2000px) 100vw, 2000px\"><svg aria-hidden=\"true\" class=\"icon-new-window\" viewbox=\"0 0 1792 1792\"><path d=\"M1408 960v-128q0-26-19-45t-45-19h-320v-320q0-26-19-45t-45-19h-128q-26 0-45 19t-19 45v320h-320q-26 0-45 19t-19 45v128q0 26 19 45t45 19h320v320q0 26 19 45t45 19h128q26 0 45-19t19-45v-320h320q26 0 45-19t19-45zm256-544v960q0 119-84.5 203.5t-203.5 84.5h-960q-119 0-203.5-84.5t-84.5-203.5v-960q0-119 84.5-203.5t203.5-84.5h960q119 0 203.5 84.5t84.5 203.5z\"><\/path><\/svg><span class=\"tooltip\">Image to the post titled: VIII Opolskie Targi Ekonomii Spo\u0142ecznej w Grodzisku 22-23.06.2024 r., otworzy si\u0119 w nowym oknie<\/span><\/a><\/figure>\n\n\n\n<figure class=\"wp-block-image size-full\"><a href=\"https:\/\/es.rops-opole.pl\/wp-content\/uploads\/2024\/06\/218-1.png\" target=\"_blank\" rel=\"noopener\" aria-label=\"Image to the post titled: VIII Opolskie Targi Ekonomii Spo\u0142ecznej w Grodzisku 22-23.06.2024 r., otworzy si\u0119 w nowym oknie\" class=\"attachment-link target-blank use-tooltip\"><img loading=\"lazy\" decoding=\"async\" width=\"2000\" height=\"1444\" data-id=\"679\" src=\"https:\/\/es.rops-opole.pl\/wp-content\/uploads\/2024\/06\/218-1.png\" alt=\"\" class=\"wp-image-679\" srcset=\"https:\/\/es.rops-opole.pl\/wp-content\/uploads\/2024\/06\/218-1.png 2000w, https:\/\/es.rops-opole.pl\/wp-content\/uploads\/2024\/06\/218-1-1536x1109.png 1536w, https:\/\/es.rops-opole.pl\/wp-content\/uploads\/2024\/06\/218-1-820x592.png 820w, https:\/\/es.rops-opole.pl\/wp-content\/uploads\/2024\/06\/218-1-247x178.png 247w\" sizes=\"auto, (max-width: 2000px) 100vw, 2000px\"><svg aria-hidden=\"true\" class=\"icon-new-window\" viewbox=\"0 0 1792 1792\"><path d=\"M1408 960v-128q0-26-19-45t-45-19h-320v-320q0-26-19-45t-45-19h-128q-26 0-45 19t-19 45v320h-320q-26 0-45 19t-19 45v128q0 26 19 45t45 19h320v320q0 26 19 45t45 19h128q26 0 45-19t19-45v-320h320q26 0 45-19t19-45zm256-544v960q0 119-84.5 203.5t-203.5 84.5h-960q-119 0-203.5-84.5t-84.5-203.5v-960q0-119 84.5-203.5t203.5-84.5h960q119 0 203.5 84.5t84.5 203.5z\"><\/path><\/svg><span class=\"tooltip\">Image to the post titled: VIII Opolskie Targi Ekonomii Spo\u0142ecznej w Grodzisku 22-23.06.2024 r., otworzy si\u0119 w nowym oknie<\/span><\/a><\/figure>\n\n\n\n<figure class=\"wp-block-image size-full\"><a href=\"https:\/\/es.rops-opole.pl\/wp-content\/uploads\/2024\/06\/217-1.png\" target=\"_blank\" rel=\"noopener\" aria-label=\"Image to the post titled: VIII Opolskie Targi Ekonomii Spo\u0142ecznej w Grodzisku 22-23.06.2024 r., otworzy si\u0119 w nowym oknie\" class=\"attachment-link target-blank use-tooltip\"><img loading=\"lazy\" decoding=\"async\" width=\"2000\" height=\"1444\" data-id=\"678\" src=\"https:\/\/es.rops-opole.pl\/wp-content\/uploads\/2024\/06\/217-1.png\" alt=\"\" class=\"wp-image-678\" srcset=\"https:\/\/es.rops-opole.pl\/wp-content\/uploads\/2024\/06\/217-1.png 2000w, https:\/\/es.rops-opole.pl\/wp-content\/uploads\/2024\/06\/217-1-1536x1109.png 1536w, https:\/\/es.rops-opole.pl\/wp-content\/uploads\/2024\/06\/217-1-820x592.png 820w, https:\/\/es.rops-opole.pl\/wp-content\/uploads\/2024\/06\/217-1-247x178.png 247w\" sizes=\"auto, (max-width: 2000px) 100vw, 2000px\"><svg aria-hidden=\"true\" class=\"icon-new-window\" viewbox=\"0 0 1792 1792\"><path d=\"M1408 960v-128q0-26-19-45t-45-19h-320v-320q0-26-19-45t-45-19h-128q-26 0-45 19t-19 45v320h-320q-26 0-45 19t-19 45v128q0 26 19 45t45 19h320v320q0 26 19 45t45 19h128q26 0 45-19t19-45v-320h320q26 0 45-19t19-45zm256-544v960q0 119-84.5 203.5t-203.5 84.5h-960q-119 0-203.5-84.5t-84.5-203.5v-960q0-119 84.5-203.5t203.5-84.5h960q119 0 203.5 84.5t84.5 203.5z\"><\/path><\/svg><span class=\"tooltip\">Image to the post titled: VIII Opolskie Targi Ekonomii Spo\u0142ecznej w Grodzisku 22-23.06.2024 r., otworzy si\u0119 w nowym oknie<\/span><\/a><\/figure>\n\n\n\n<figure class=\"wp-block-image size-full\"><a href=\"https:\/\/es.rops-opole.pl\/wp-content\/uploads\/2024\/06\/216-1.png\" target=\"_blank\" rel=\"noopener\" aria-label=\"Image to the post titled: VIII Opolskie Targi Ekonomii Spo\u0142ecznej w Grodzisku 22-23.06.2024 r., otworzy si\u0119 w nowym oknie\" class=\"attachment-link target-blank use-tooltip\"><img loading=\"lazy\" decoding=\"async\" width=\"2000\" height=\"1444\" data-id=\"677\" src=\"https:\/\/es.rops-opole.pl\/wp-content\/uploads\/2024\/06\/216-1.png\" alt=\"\" class=\"wp-image-677\" srcset=\"https:\/\/es.rops-opole.pl\/wp-content\/uploads\/2024\/06\/216-1.png 2000w, https:\/\/es.rops-opole.pl\/wp-content\/uploads\/2024\/06\/216-1-1536x1109.png 1536w, https:\/\/es.rops-opole.pl\/wp-content\/uploads\/2024\/06\/216-1-820x592.png 820w, https:\/\/es.rops-opole.pl\/wp-content\/uploads\/2024\/06\/216-1-247x178.png 247w\" sizes=\"auto, (max-width: 2000px) 100vw, 2000px\"><svg aria-hidden=\"true\" class=\"icon-new-window\" viewbox=\"0 0 1792 1792\"><path d=\"M1408 960v-128q0-26-19-45t-45-19h-320v-320q0-26-19-45t-45-19h-128q-26 0-45 19t-19 45v320h-320q-26 0-45 19t-19 45v128q0 26 19 45t45 19h320v320q0 26 19 45t45 19h128q26 0 45-19t19-45v-320h320q26 0 45-19t19-45zm256-544v960q0 119-84.5 203.5t-203.5 84.5h-960q-119 0-203.5-84.5t-84.5-203.5v-960q0-119 84.5-203.5t203.5-84.5h960q119 0 203.5 84.5t84.5 203.5z\"><\/path><\/svg><span class=\"tooltip\">Image to the post titled: VIII Opolskie Targi Ekonomii Spo\u0142ecznej w Grodzisku 22-23.06.2024 r., otworzy si\u0119 w nowym oknie<\/span><\/a><\/figure>\n\n\n\n<figure class=\"wp-block-image size-full\"><a href=\"https:\/\/es.rops-opole.pl\/wp-content\/uploads\/2024\/06\/215-1.png\" target=\"_blank\" rel=\"noopener\" aria-label=\"Image to the post titled: VIII Opolskie Targi Ekonomii Spo\u0142ecznej w Grodzisku 22-23.06.2024 r., otworzy si\u0119 w nowym oknie\" class=\"attachment-link target-blank use-tooltip\"><img loading=\"lazy\" decoding=\"async\" width=\"2000\" height=\"1444\" data-id=\"676\" src=\"https:\/\/es.rops-opole.pl\/wp-content\/uploads\/2024\/06\/215-1.png\" alt=\"\" class=\"wp-image-676\" srcset=\"https:\/\/es.rops-opole.pl\/wp-content\/uploads\/2024\/06\/215-1.png 2000w, https:\/\/es.rops-opole.pl\/wp-content\/uploads\/2024\/06\/215-1-1536x1109.png 1536w, https:\/\/es.rops-opole.pl\/wp-content\/uploads\/2024\/06\/215-1-820x592.png 820w, https:\/\/es.rops-opole.pl\/wp-content\/uploads\/2024\/06\/215-1-247x178.png 247w\" sizes=\"auto, (max-width: 2000px) 100vw, 2000px\"><svg aria-hidden=\"true\" class=\"icon-new-window\" viewbox=\"0 0 1792 1792\"><path d=\"M1408 960v-128q0-26-19-45t-45-19h-320v-320q0-26-19-45t-45-19h-128q-26 0-45 19t-19 45v320h-320q-26 0-45 19t-19 45v128q0 26 19 45t45 19h320v320q0 26 19 45t45 19h128q26 0 45-19t19-45v-320h320q26 0 45-19t19-45zm256-544v960q0 119-84.5 203.5t-203.5 84.5h-960q-119 0-203.5-84.5t-84.5-203.5v-960q0-119 84.5-203.5t203.5-84.5h960q119 0 203.5 84.5t84.5 203.5z\"><\/path><\/svg><span class=\"tooltip\">Image to the post titled: VIII Opolskie Targi Ekonomii Spo\u0142ecznej w Grodzisku 22-23.06.2024 r., otworzy si\u0119 w nowym oknie<\/span><\/a><\/figure>\n\n\n\n<figure class=\"wp-block-image size-full\"><a href=\"https:\/\/es.rops-opole.pl\/wp-content\/uploads\/2024\/06\/214-1.png\" target=\"_blank\" rel=\"noopener\" aria-label=\"Image to the post titled: VIII Opolskie Targi Ekonomii Spo\u0142ecznej w Grodzisku 22-23.06.2024 r., otworzy si\u0119 w nowym oknie\" class=\"attachment-link target-blank use-tooltip\"><img loading=\"lazy\" decoding=\"async\" width=\"2000\" height=\"1444\" data-id=\"675\" src=\"https:\/\/es.rops-opole.pl\/wp-content\/uploads\/2024\/06\/214-1.png\" alt=\"\" class=\"wp-image-675\" srcset=\"https:\/\/es.rops-opole.pl\/wp-content\/uploads\/2024\/06\/214-1.png 2000w, https:\/\/es.rops-opole.pl\/wp-content\/uploads\/2024\/06\/214-1-1536x1109.png 1536w, https:\/\/es.rops-opole.pl\/wp-content\/uploads\/2024\/06\/214-1-820x592.png 820w, https:\/\/es.rops-opole.pl\/wp-content\/uploads\/2024\/06\/214-1-247x178.png 247w\" sizes=\"auto, (max-width: 2000px) 100vw, 2000px\"><svg aria-hidden=\"true\" class=\"icon-new-window\" viewbox=\"0 0 1792 1792\"><path d=\"M1408 960v-128q0-26-19-45t-45-19h-320v-320q0-26-19-45t-45-19h-128q-26 0-45 19t-19 45v320h-320q-26 0-45 19t-19 45v128q0 26 19 45t45 19h320v320q0 26 19 45t45 19h128q26 0 45-19t19-45v-320h320q26 0 45-19t19-45zm256-544v960q0 119-84.5 203.5t-203.5 84.5h-960q-119 0-203.5-84.5t-84.5-203.5v-960q0-119 84.5-203.5t203.5-84.5h960q119 0 203.5 84.5t84.5 203.5z\"><\/path><\/svg><span class=\"tooltip\">Image to the post titled: VIII Opolskie Targi Ekonomii Spo\u0142ecznej w Grodzisku 22-23.06.2024 r., otworzy si\u0119 w nowym oknie<\/span><\/a><\/figure>\n\n\n\n<figure class=\"wp-block-image size-full\"><a href=\"https:\/\/es.rops-opole.pl\/wp-content\/uploads\/2024\/06\/213-1.png\" target=\"_blank\" rel=\"noopener\" aria-label=\"Image to the post titled: VIII Opolskie Targi Ekonomii Spo\u0142ecznej w Grodzisku 22-23.06.2024 r., otworzy si\u0119 w nowym oknie\" class=\"attachment-link target-blank use-tooltip\"><img loading=\"lazy\" decoding=\"async\" width=\"2000\" height=\"1444\" data-id=\"674\" src=\"https:\/\/es.rops-opole.pl\/wp-content\/uploads\/2024\/06\/213-1.png\" alt=\"\" class=\"wp-image-674\" srcset=\"https:\/\/es.rops-opole.pl\/wp-content\/uploads\/2024\/06\/213-1.png 2000w, https:\/\/es.rops-opole.pl\/wp-content\/uploads\/2024\/06\/213-1-1536x1109.png 1536w, https:\/\/es.rops-opole.pl\/wp-content\/uploads\/2024\/06\/213-1-820x592.png 820w, https:\/\/es.rops-opole.pl\/wp-content\/uploads\/2024\/06\/213-1-247x178.png 247w\" sizes=\"auto, (max-width: 2000px) 100vw, 2000px\"><svg aria-hidden=\"true\" class=\"icon-new-window\" viewbox=\"0 0 1792 1792\"><path d=\"M1408 960v-128q0-26-19-45t-45-19h-320v-320q0-26-19-45t-45-19h-128q-26 0-45 19t-19 45v320h-320q-26 0-45 19t-19 45v128q0 26 19 45t45 19h320v320q0 26 19 45t45 19h128q26 0 45-19t19-45v-320h320q26 0 45-19t19-45zm256-544v960q0 119-84.5 203.5t-203.5 84.5h-960q-119 0-203.5-84.5t-84.5-203.5v-960q0-119 84.5-203.5t203.5-84.5h960q119 0 203.5 84.5t84.5 203.5z\"><\/path><\/svg><span class=\"tooltip\">Image to the post titled: VIII Opolskie Targi Ekonomii Spo\u0142ecznej w Grodzisku 22-23.06.2024 r., otworzy si\u0119 w nowym oknie<\/span><\/a><\/figure>\n<\/figure>\n\n","protected":false},"excerpt":{"rendered":null,"protected":false},"author":2,"featured_media":1020,"comment_status":"closed","ping_status":"closed","sticky":false,"template":"","format":"standard","meta":{"footnotes":""},"categories":[3],"tags":[],"class_list":["post-478","post","type-post","status-publish","format-standard","has-post-thumbnail","hentry","category-aktualnosci"],"_links":{"self":[{"href":"https:\/\/es.rops-opole.pl\/index.php?rest_route=\/wp\/v2\/posts\/478","targetHints":{"allow":["GET"]}}],"collection":[{"href":"https:\/\/es.rops-opole.pl\/index.php?rest_route=\/wp\/v2\/posts"}],"about":[{"href":"https:\/\/es.rops-opole.pl\/index.php?rest_route=\/wp\/v2\/types\/post"}],"author":[{"embeddable":true,"href":"https:\/\/es.rops-opole.pl\/index.php?rest_route=\/wp\/v2\/users\/2"}],"replies":[{"embeddable":true,"href":"https:\/\/es.rops-opole.pl\/index.php?rest_route=%2Fwp%2Fv2%2Fcomments&post=478"}],"version-history":[{"count":22,"href":"https:\/\/es.rops-opole.pl\/index.php?rest_route=\/wp\/v2\/posts\/478\/revisions"}],"predecessor-version":[{"id":1008,"href":"https:\/\/es.rops-opole.pl\/index.php?rest_route=\/wp\/v2\/posts\/478\/revisions\/1008"}],"wp:featuredmedia":[{"embeddable":true,"href":"https:\/\/es.rops-opole.pl\/index.php?rest_route=\/wp\/v2\/media\/1020"}],"wp:attachment":[{"href":"https:\/\/es.rops-opole.pl\/index.php?rest_route=%2Fwp%2Fv2%2Fmedia&parent=478"}],"wp:term":[{"taxonomy":"category","embeddable":true,"href":"https:\/\/es.rops-opole.pl\/index.php?rest_route=%2Fwp%2Fv2%2Fcategories&post=478"},{"taxonomy":"post_tag","embeddable":true,"href":"https:\/\/es.rops-opole.pl\/index.php?rest_route=%2Fwp%2Fv2%2Ftags&post=478"}],"curies":[{"name":"wp","href":"https:\/\/api.w.org\/{rel}","templated":true}]}}